{"id":965,"date":"2018-03-14T20:30:41","date_gmt":"2018-03-14T19:30:41","guid":{"rendered":"http:\/\/www.cdlpv.org\/fitxes\/?p=965"},"modified":"2018-04-16T18:41:17","modified_gmt":"2018-04-16T17:41:17","slug":"plural","status":"publish","type":"post","link":"https:\/\/www.cdlpv.org\/fitxes\/plural\/","title":{"rendered":"plural"},"content":{"rendered":"<ol>\n<li>(Punt elaborat inicialment a partir de la gram\u00e0tica provisional de l&#8217;<span class=\"versaleta\">iec<\/span>, novembre del 2003; reelaborat seguint la nova <span class=\"versaleta\"><em>giec,<\/em><\/span> abril del 2017.) Els noms i adjectius aguts masculins acabats en <em>-s, <\/em><i>-\u00e7<\/i>, <i>-x <\/i>[ks], <i>-ix<\/i> i <i>-tx<\/i> solen formar el plural corresponent amb la terminaci\u00f3 <i>-os<\/i>: per exemple, <em>pisos, grisos, cabassos, <\/em><i>comer\u00e7os<\/i>, <i>enlla\u00e7os<\/i>, <i>llu\u00e7os<\/i>, <i>refor\u00e7os<\/i>, <i>annexos<\/i>, <i>fixos<\/i>, <i>ortodoxos<\/i>, <i>reflexos<\/i>, <i>calaixos<\/i>, <i>feixos<\/i>, <i>gruixos<\/i>, <i>peixos<\/i>, <i>cartutxos<\/i>, <i>despatxos<\/i>, <i>esquitxos<\/i>, <i>sandvitxos<\/i><em>,* faxos.*<\/em><br \/>\n<hr \/>\n\t<div class=\"simple-alert-boxes sab_info sab_normal \">\r\n\t\t* Anteriorment, la Generalitat Valenciana indicava que era \u00abfaxs\u00bb, per\u00f2 la <span class=\"versaleta\"><em>gnv<\/em><\/span> de l&#8217;<span class=\"versaleta\">avl <\/span>diu que \u00e9s \u00abfaxos\u00bb. <span class=\"versaleta\"><em>daux<\/em><\/span> considera que cal acceptar-los els dos, en registres diferents: \u00abfaxs\u00bb (formal)\/\u00abfaxos\u00bb (col\u00b7loquial). D&#8217;altra banda, la\u00a0<span class=\"versaleta\"><em>gnv<\/em><\/span> diu que <em>s\u00e0ndwitx<\/em> i <em>c\u00e0rritx<\/em> fan <em>s\u00e0ndwitxs<\/em> i <em>c\u00e0rritxs <\/em>(el <span class=\"versaleta\"><em>dnv<\/em><\/span> indicava durant un temps <em>s\u00e0ndwitxos<\/em> i<em> c\u00e0rritxos,<\/em> per\u00f2 ja ho han esmenat [consulta: <a href=\"http:\/\/www.avl.gva.es\/lexicval\/?paraula=s\u00e0ndwitx\" target=\"_blank\" rel=\"noopener\">14.04.2018<\/a>])<em>.<\/em>\t<\/div>\r\n\t\n<p>Hi ha, per\u00f2, paraules que s\u00f3n invariables i paraules que fan el plural amb <em>-s.<\/em> Per exemple:<br \/>\n<em>a<\/em>) Noms <strong>plans<\/strong> o <strong>esdr\u00faixols<\/strong>, independentment que siguen masculins o femenins:<\/p>\n<table border=\"1\" cellspacing=\"1\" cellpadding=\"1\">\n<tbody>\n<tr>\n<th><i>Terminaci\u00f3<\/i><\/th>\n<th><i>Exemple<\/i>s<\/th>\n<\/tr>\n<tr>\n<td><b>invariables gr\u00e0ficament<\/b><\/td>\n<td>alferes, atles, b\u00edceps, bilis, caos, c\u00e0ries, croquis, cutis, dimecres, llapis, mecenes, necr\u00f2polis, p\u00e0ncrees, piscolabis, s\u00edfilis, <b>i tots els acabats en<\/b> <i>-us<\/i> (estatus, focus, globus, venus&#8230;)<\/td>\n<\/tr>\n<tr>\n<td><i>-x<\/i> ([ks]) : <b>+ s<\/b><\/td>\n<td>al\u00b7loc\u00f2rtexs, anti\u00e0pexs,\u00a0anticl\u00edmaxs, antih\u00e8lixs, \u00e0ntrexs, ap\u00e8ndixs, \u00e0pexs, arque\u00f2pterixs, art\u00edfexs, ar\u00faspexs, b\u00e8mbexs, b\u00e8ndixs, b\u00f2mbixs, b\u00f2strixs, c\u00e0rexs, c\u00e0udexs, c\u00e8rvixs, c\u00f2ccixs, c\u00f2dexs, c\u00f2rtexs, del\u00f2nixs, d\u00edplexs, d\u00faplexs, esc\u00f2lexs, eson\u00e0rtexs, esp\u00e0dixs, esp\u00e0ndexs, f\u00e8nixs, f\u00f2rnixs, glicoc\u00e0lixs, har\u00faspexs, h\u00e8lixs, hemos\u00e0lpinxs, heterod\u00faplexs, \u00edndexs,\u00a0 l\u00e0rixs, l\u00e0stexs, l\u00e0texs, lep\u00f2trixs, lept\u00f2trixs, l\u00farexs, m\u00farexs, n\u00e0rtexs, \u00f2bexs, \u00f2nixs, or\u00edfexs, \u00f2rixs, p\u00e8rspexs, petros\u00edlexs, p\u00f2dexs, pont\u00edfexs, qu\u00e0druplexs, r\u00e0mexs, sard\u00f2nixs, semid\u00faplexs, s\u00edlexs, s\u00edmplexs, s\u00edrexs, sub\u00edndexs, super\u00edndexs,\u00a0 t\u00e9lexs, v\u00e8rnixs, v\u00e8rtexs, v\u00f2rtexs&#8230;<\/td>\n<\/tr>\n<\/tbody>\n<\/table>\n<p><i>b<\/i>) Dins dels noms <b>aguts<\/b>:<\/p>\n<table border=\"1\" cellspacing=\"1\" cellpadding=\"1\">\n<tbody>\n<tr>\n<th><i>G\u00e8nere<\/i><\/th>\n<th><i>Terminaci\u00f3<\/i><\/th>\n<th><i>Exemple<\/i>s<\/th>\n<\/tr>\n<tr>\n<td rowspan=\"2\">mascul\u00ed<\/td>\n<td><b>invariables gr\u00e0ficament<\/b><\/td>\n<td>anan\u00e0s, blocaus, bordeus, cros (<b>i els compostos<\/b> ciclocr\u00f2s i motocr\u00f2s), dijous, dilluns, dimarts, edelweiss, ens, fons (<b>i compostos com ara<\/b> aiguafons, rerefons, tirafons), gauss, guardapols, pus, rais, repols, reps, temps (<b>i compostos com ara<\/b> contratemps, entretemps, migtemps, passatemps)&#8230;<\/td>\n<\/tr>\n<tr>\n<td><i>-x<\/i> ([ks])\/ -tx ([<span style=\"font-family: Lucida Sans Unicode;\">t\u0283<\/span>]): <b>+ s<\/b><\/td>\n<td>abrasaxs, addaxs, alpaxs, amfioxs, boxs, duxs, googolplex, goretexs,\u00a0guaflexs, linxs, luxs,\u00a0matxs (&#8216;competicions esportives&#8217;),\u00a0micalexs, nifurtimoxs, paral\u00b7lexs, texs&#8230;<\/td>\n<\/tr>\n<\/tbody>\n<\/table>\n<table border=\"1\" cellspacing=\"1\" cellpadding=\"1\">\n<tbody>\n<tr>\n<td rowspan=\"3\">femen\u00ed<\/td>\n<td><b>invariables gr\u00e0ficament<\/b><\/td>\n<td>plebs, pols, tos, urbs<\/td>\n<\/tr>\n<tr>\n<td><i>-\u00e7<\/i> : <b>+ s<\/b><\/td>\n<td>cal\u00e7s, fa\u00e7s, fal\u00e7s, sobrefa\u00e7s<\/td>\n<\/tr>\n<tr>\n<td><i>-x<\/i> ([ks]) : <b>+ s<\/b><\/td>\n<td>esfinxs, floxs, larinxs<\/td>\n<\/tr>\n<\/tbody>\n<\/table>\n<p><i>c<\/i>) S\u00f3n invariables els noms compostos el segon constituent morfol\u00f2gic dels quals ja \u00e9s plural: <em>arrapacrestes, busca-raons, caracollons, centcames, centpeus, cerca-raons, comptagotes, compta-revolucions, eixugaparabrises, emprenyavelles, esclafallidons, esgarrapacristos, esgarriacries, guardamobles, llepafaldons, llepafils, llepatacons, llevataps, mataaranyes, matafaves, mata-racons, milfulles, obrellaunes, paracaigudes, paraig\u00fces, parallamps, pelacanyes, penja-robes, picatalons, portaavions, portacarbons, portagraneretes, portamonedes, rentaplats, repicatalons, salvavides, somiatruites, tocacollons, torracollons, trencaclosques, trencacaps, trencaolles, trencapinyons&#8230;<\/em><\/li>\n<li><a name=\"composts\"><\/a>El plural dels composts sintagm\u00e0tics nominals:<br \/>\nHe pegat una mirada en la <span class=\"versaleta\"><em>gcc<\/em><\/span> (setembre 2007) i he trobat dos llocs on es parla d&#8217;estos composts: S5.4.3.1 (N\u00faria Mart\u00ed i Girbau) i M7.3.4.1 (Llu\u00efsa Gr\u00e0cia).<br \/>\nEn els dos casos es comenta la q\u00fcesti\u00f3 del plural i es comenta que hi ha les dos possibilitats, amb tend\u00e8ncia a la flexi\u00f3 en els dos noms. Amb tot, hi ha algunes excepcions marcades pel <span class=\"versaleta\">diec<\/span> (i el <span class=\"versaleta\"><em>gdlc<\/em><\/span>):<\/p>\n<blockquote><p><strong>clau<\/strong><br \/>\n<strong>4<\/strong> <em>f.<\/em> [usat sovint adjectivalment en forma invariable] Essencial, indispensable. <span class=\"exemple\">Paraules clau. Ind\u00fastria clau. <\/span><\/p>\n<p><strong>est\u00e0ndard<\/strong><br \/>\n<strong>3<\/strong> <em>adj.<\/em> [inv.] Que s\u2019ajusta a un tipus, model, norma, determinat. <span class=\"exemple\">Fitxa est\u00e0ndard. Un diari en format est\u00e0ndard.<\/span><br \/>\n<strong>5<\/strong> <em>adj.<\/em> [inv.] Que t\u00e9 unes caracter\u00edstiques mitjanes que serveixen de refer\u00e8ncia. <span class=\"exemple\">Producte est\u00e0ndard.<\/span><br \/>\n<strong>6<\/strong> <em>adj.<\/em> [inv.] Mancat d\u2019originalitat. <span class=\"exemple\">Una bellesa est\u00e0ndard.<\/span><\/p><\/blockquote>\n<p>El <span class=\"versaleta\"><em>gdlc<\/em><\/span> recull \u00abpunta\u00bb:<\/p>\n<blockquote><p><strong>punta<\/strong><br \/>\n<strong>5 <\/strong><em>adj<\/em> <em>inv<\/em> <em>1<\/em> De m\u00e0xima activitat, intensitat, modernitat, m\u00e0xim rendiment, etc. <span class=\"exemple\">Les hores punta del metro, del tr\u00e0nsit. Tecnologia punta.<\/span><\/p><\/blockquote>\n<p>I tamb\u00e9 en el <span class=\"versaleta\"><em>gdlc<\/em><\/span> \u00abmodel\u00bb (sense indicar que siga invariable):<\/p>\n<blockquote><p><strong>model<\/strong><br \/>\n<strong>2<\/strong> [usat sovint adjectivalment] Persona o cosa digna d&#8217;\u00e9sser imitada per la seva perfecci\u00f3 o que posseeix en grau eminent qualitats que en fan el representant d&#8217;una categoria determinada. <span class=\"exemple\">\u00c9s un model de cavallerositat. Un pare model.<\/span><\/p><\/blockquote>\n<p>En el cas de \u00abmembre\u00bb, el <span class=\"versaleta\"><em>diec<\/em><\/span> d\u00f3na un exemple clar:<\/p>\n<blockquote><p><strong>membre<\/strong><br \/>\n<strong>4<\/strong> <em>1 m.<\/em> Part o constituent d\u2019un tot o d\u2019una cosa organitzada, unitat dins una s\u00e8rie. Els membres d\u2019una proposici\u00f3, d\u2019un per\u00edode. <span class=\"exemple\">Els membres o proposicions d\u2019un sil\u00b7logisme. Els pilars, motllures i altres membres d\u2019una construcci\u00f3. Els estats membres de la Uni\u00f3 Europea.<\/span><\/p><\/blockquote>\n<p>La gram\u00e0tica de l&#8217;<span class=\"versaleta\">avl<\/span> tracta la q\u00fcesti\u00f3 en diversos llocs. Per exemple, en el punt 11.7, sobre la flexi\u00f3 de nombre en els composts:<\/p>\n<blockquote><p><em>b<\/em>) Si els dos constituents d\u2019una paraula composta s\u2019escriuen separats i els dos s\u00f3n substantius, nom\u00e9s adopta la marca de plural el primer dels substantius i el segon queda invariable:<\/p>\n<table style=\"height: 227px;\" border=\"1\" width=\"584\" align=\"center\">\n<tbody>\n<tr>\n<th colspan=\"2\">Composts separats<\/th>\n<\/tr>\n<tr>\n<td>singular<\/td>\n<td>plural<\/td>\n<\/tr>\n<tr>\n<td><em>cami\u00f3 cisterna<\/em><\/td>\n<td><em>camion<\/em><em>s <\/em><em>cisterna<\/em><\/td>\n<\/tr>\n<tr>\n<td><em>decret llei<\/em><\/td>\n<td><em>decret<\/em><em>s <\/em><em>llei<\/em><\/td>\n<\/tr>\n<tr>\n<td><em>hora punta<\/em><\/td>\n<td><em>hore<\/em><em>s <\/em><em>punta<\/em><\/td>\n<\/tr>\n<tr>\n<td><em>vag\u00f3 restaurant<\/em><\/td>\n<td><em>vagon<\/em><em>s <\/em><em>restaurant<\/em><\/td>\n<\/tr>\n<\/tbody>\n<\/table>\n<\/blockquote>\n<p>A pesar d&#8217;eixa afirmaci\u00f3 restrictiva, m\u00e9s avant la gram\u00e0tica de l&#8217;<span class=\"versaleta\">avl<\/span> obri el camp quan en torna a parlar tractant la concordan\u00e7a de l&#8217;adjectiu (12.3):<\/p>\n<blockquote><p><em>a<\/em>) Els noms que s\u2019habiliten com a adjectius mantenen el g\u00e8nere originari i, en general, no presenten variaci\u00f3 de nombre:<\/p>\n<div class=\"sagnia\"><em>les bruses taronja<br \/>\nles ciutats dormitori<br \/>\nles hores punta<\/em><\/div>\n<p>Tot i amb aix\u00f2, en la mesura que es convertixen en verdaders adjectius admeten tamb\u00e9 la concordan\u00e7a de nombre:<\/p>\n<div class=\"sagnia\"><em>les paraules clau<\/em> o b\u00e9 <em>les paraules claus<\/em><br \/>\n<em>les formes est\u00e0ndard<\/em> o b\u00e9 <em>les formes est\u00e0ndards<\/em><br \/>\n<em>els vestits rosa<\/em> o b\u00e9 <em>els vestits roses<\/em><\/div>\n<\/blockquote>\n<p>I la <em><span class=\"versaleta\">gnv<\/span><\/em> torna a tocar la q\u00fcesti\u00f3 quan d\u00f3na la indicaci\u00f3 seg\u00fcent (38.3.1.<em>b<\/em>):<\/p>\n<blockquote><p><em>b<\/em>) Els composts amb l&#8217;estructura [N N] poden ser coordinants o subordinants. En el primer cas, entre els dos constituents s&#8217;establix una relaci\u00f3 additiva, i la flexi\u00f3 recau en els dos constituents: <em>magistrat jutge \/ magistrada jutgessa, magistrats jutges \/ magistrades jutgesses<\/em>. En el segon cas, el segon constituent es comporta com a modificador del primer, que \u00e9s el que admet la flexi\u00f3: el compost <em>hora punta,<\/em> per exemple, presenta la forma plural <em>hores punta<\/em> i fa refer\u00e8ncia a una hora de m\u00e0xima intensitat de tr\u00e0nsit, de consum el\u00e8ctric, etc.<\/p><\/blockquote>\n<p>\u00c9s a dir, l&#8217;<span class=\"versaleta\">avl<\/span>, a pesar de la indicaci\u00f3 inicial, d\u00f3na com a bones les dos possibilitats sense excloure&#8217;n cap. El <span class=\"versaleta\">gd62<\/span> nom\u00e9s considera invariable <em>est\u00e0ndard<\/em> i no diu res en la resta de casos.<\/p>\n<p>Trobe que la tend\u00e8ncia \u00e9s clara \u2014d&#8217;acord amb el que \u00e9s habitual en la llengua general\u2014 cap a la concordan\u00e7a en els dos noms. Per tant, haur\u00edem de pensar que \u00e9s, en molts casos, una q\u00fcesti\u00f3 estil\u00edstica (tal com es dedu\u00efx del que diu el <em><span class=\"versaleta\">dpnh<\/span><\/em> per a l&#8217;espanyol) que s&#8217;inclina cap a la flexi\u00f3 en els dos elements en la majoria dels casos.<\/p>\n<p>En tot cas, faig una cercar r\u00e0pida en Google (consulta: 12.01.2011) i trobe els resultats seg\u00fcents:<\/p>\n<table border=\"1\" cellspacing=\"2\" cellpadding=\"3\" align=\"center\">\n<tbody>\n<tr>\n<th>Termes sing.\/ pl.<\/th>\n<th>no concorden<\/th>\n<th>concorden<\/th>\n<\/tr>\n<tr>\n<td>estats clau \/ s:<\/td>\n<td>1.310<\/td>\n<td>658<\/td>\n<\/tr>\n<tr>\n<td>jugadors blaugrana \/ es:<\/td>\n<td>14.400<\/td>\n<td>4.420<\/td>\n<\/tr>\n<tr>\n<td>ind\u00fastries clau \/ s:<\/td>\n<td>1.310<\/td>\n<td>249<\/td>\n<\/tr>\n<tr>\n<td>membres clau \/ s:<\/td>\n<td>999<\/td>\n<td>120<\/td>\n<\/tr>\n<tr>\n<td>mots clau \/ s:<\/td>\n<td>75.200<\/td>\n<td>13.700<\/td>\n<\/tr>\n<tr>\n<td>paraules clau \/ s:<\/td>\n<td>5.820.000<\/td>\n<td>505.000<\/td>\n<\/tr>\n<tr>\n<td>propietats clau \/ s:<\/td>\n<td>350<\/td>\n<td>12<\/td>\n<\/tr>\n<tr>\n<td>q\u00fcestions clau \/ s:<\/td>\n<td>15.600<\/td>\n<td>5.200<\/td>\n<\/tr>\n<tr>\n<td>temes clau \/ s:<\/td>\n<td>89.500<\/td>\n<td>10.800<\/td>\n<\/tr>\n<tr>\n<td>termes clau \/ s:<\/td>\n<td>5.200<\/td>\n<td>332<\/td>\n<\/tr>\n<tr>\n<td colspan=\"3\"><\/td>\n<\/tr>\n<tr>\n<td>jugadors clau \/ s:<\/td>\n<td>5.320<\/td>\n<td>7.600<\/td>\n<\/tr>\n<tr>\n<td colspan=\"3\"><\/td>\n<\/tr>\n<tr>\n<td>camions cisterna \/ es:<\/td>\n<td>16.400<\/td>\n<td>1.510<\/td>\n<\/tr>\n<tr>\n<td>hores punta \/ es:<\/td>\n<td>81.800<\/td>\n<td>8.050<\/td>\n<\/tr>\n<tr>\n<td>nacions estat \/ s:<\/td>\n<td>2.140<\/td>\n<td>1.790<\/td>\n<\/tr>\n<tr>\n<td>pares model \/ s:<\/td>\n<td>264<\/td>\n<td>109<\/td>\n<\/tr>\n<tr>\n<td>proves est\u00e0ndard \/ s:<\/td>\n<td>574<\/td>\n<td>158<\/td>\n<\/tr>\n<tr>\n<td>vaixells escola \/ s:<\/td>\n<td>1.140<\/td>\n<td>42<\/td>\n<\/tr>\n<tr>\n<td colspan=\"3\"><\/td>\n<\/tr>\n<tr>\n<td>estats membre \/ s:<\/td>\n<td>45.400<\/td>\n<td>439.000<\/td>\n<\/tr>\n<tr>\n<td>fitxes est\u00e0ndard \/s:<\/td>\n<td>33<\/td>\n<td>55<\/td>\n<\/tr>\n<tr>\n<td>magistrats jutge \/ s:<\/td>\n<td>3<\/td>\n<td>3.670<\/td>\n<\/tr>\n<\/tbody>\n<\/table>\n<\/li>\n<li>En castell\u00e0, per al cas de les construccions quantificadors singulars amb substantius en plural, la\u00a0<span class=\"versaleta\">rae<\/span> (consulta: <a href=\"http:\/\/lema.rae.es\/dpd\/srv\/search?id=XEVeLzVZaD6CG25cW5\" target=\"_blank\" rel=\"noopener\">14.03.208<\/a>) fa l&#8217;exposici\u00f3 seg\u00fcent:<br \/>\n<blockquote><p><strong>4.8. <em>Sujeto de cuantificador<\/em> + de + <em>sustantivo en plural.<\/em><\/strong> Los sustantivos cuantificadores son aquellos que, siendo singulares, designan una pluralidad de seres de cualquier clase; la clase se especifica mediante un complemento con <em>de<\/em> cuyo n\u00facleo es, normalmente, un sustantivo en plural: <em>la mitad de los animales, la mayor\u00eda de los profesores, una minor\u00eda de los presentes, el resto de los libros, el diez por ciento de los votantes, un grupo de alumnos, un mont\u00f3n de cosas, infinidad de amigos, multitud de problemas,<\/em> etc. La mayor parte de estos cuantificadores admiten la concordancia con el verbo tanto en singular como en plural, dependiendo de si se juzga como n\u00facleo del sujeto el cuantificador singular o el sustantivo en plural que especifica su referencia, siendo mayoritaria, en general, la concordancia en plural: <em>\u00abHacia 1940 la mayor\u00eda de estos poetas HAB\u00cdA ESCRITO lo mejor de su obra\u00bb<\/em> (Paz <em>Sombras<\/em> [M\u00e9x. 1983]); <em>\u00abLa mayor\u00eda de los visitantes HAB\u00cdAN SALIDO\u00bb<\/em> (Mar\u00edas <em>Coraz\u00f3n<\/em> [Esp. 1992]); <em>\u00abUna veintena de personas OCUPABA la sala\u00bb<\/em> (Chavarr\u00eda <em>Rojo<\/em> [Ur. 2002]); <em>\u00abUna veintena de curiosos OBSERVABAN de lejos a un piquete\u00bb<\/em> (PzReverte <em>Maestro<\/em> [Esp. 1988]); sin embargo, cuando el verbo lleva un atributo o un complemento predicativo, solo es normal la concordancia en plural: <em>\u00abLa mayor\u00eda de estos asesinos SON muy inteligentes\u00bb<\/em> (Mendoza <em>Satan\u00e1s<\/em> [Col. 2002]); <em>\u00abLa inmensa mayor\u00eda de las casas PERMANEC\u00cdAN vac\u00edas\u00bb<\/em> (Savater <em>Caronte<\/em> [Esp. 1981]). Los sustantivos cuantificadores que se usan sin determinante (<em>infinidad, cantidad, multitud)<\/em> establecen la concordancia obligatoriamente en plural, pues, en realidad, forman con la preposici\u00f3n <em>de<\/em> una locuci\u00f3n que determina al sustantivo plural, que es el verdadero n\u00facleo del sujeto: <em>\u00abInfinidad de cat\u00f3licos DESATENDIERON semejante orden pontificia\u00bb<\/em> (Vidal <em>Ocultismo<\/em> [Esp. 1995]); <em>\u00abCantidad de organizaciones se DEDICAN a<\/em> [&#8230;] <em>ayudar a personas que han sido v\u00edctimas de abuso sexual\u00bb<\/em> (<em>NHerald<\/em> [EE. UU.] 21.10.97).<\/p><\/blockquote>\n<\/li>\n<\/ol>\n","protected":false},"excerpt":{"rendered":"<p>(Punt elaborat inicialment a partir de la gram\u00e0tica provisional de l&#8217;iec, novembre del 2003; reelaborat seguint la nova giec, abril del 2017.) Els noms i adjectius aguts masculins acabats en -s, -\u00e7, -x [ks], -ix i -tx solen formar el plural corresponent amb la terminaci\u00f3 -os: per exemple, pisos, grisos, cabassos, comer\u00e7os, enlla\u00e7os, llu\u00e7os, refor\u00e7os, [&hellip;]<\/p>\n","protected":false},"author":1,"featured_media":0,"comment_status":"open","ping_status":"open","sticky":false,"template":"","format":"standard","meta":{"footnotes":""},"categories":[50],"tags":[32,109,86,108,12,110,53],"class_list":["post-965","post","type-post","status-publish","format-standard","hentry","category-lletra-p","tag-avl","tag-gcc","tag-giec","tag-morfologia","tag-normativa","tag-rae","tag-revisions"],"post_mailing_queue_ids":[],"_links":{"self":[{"href":"https:\/\/www.cdlpv.org\/fitxes\/wp-json\/wp\/v2\/posts\/965","targetHints":{"allow":["GET"]}}],"collection":[{"href":"https:\/\/www.cdlpv.org\/fitxes\/wp-json\/wp\/v2\/posts"}],"about":[{"href":"https:\/\/www.cdlpv.org\/fitxes\/wp-json\/wp\/v2\/types\/post"}],"author":[{"embeddable":true,"href":"https:\/\/www.cdlpv.org\/fitxes\/wp-json\/wp\/v2\/users\/1"}],"replies":[{"embeddable":true,"href":"https:\/\/www.cdlpv.org\/fitxes\/wp-json\/wp\/v2\/comments?post=965"}],"version-history":[{"count":17,"href":"https:\/\/www.cdlpv.org\/fitxes\/wp-json\/wp\/v2\/posts\/965\/revisions"}],"predecessor-version":[{"id":1754,"href":"https:\/\/www.cdlpv.org\/fitxes\/wp-json\/wp\/v2\/posts\/965\/revisions\/1754"}],"wp:attachment":[{"href":"https:\/\/www.cdlpv.org\/fitxes\/wp-json\/wp\/v2\/media?parent=965"}],"wp:term":[{"taxonomy":"category","embeddable":true,"href":"https:\/\/www.cdlpv.org\/fitxes\/wp-json\/wp\/v2\/categories?post=965"},{"taxonomy":"post_tag","embeddable":true,"href":"https:\/\/www.cdlpv.org\/fitxes\/wp-json\/wp\/v2\/tags?post=965"}],"curies":[{"name":"wp","href":"https:\/\/api.w.org\/{rel}","templated":true}]}}