{"id":963,"date":"2017-04-11T22:45:12","date_gmt":"2017-04-11T20:45:12","guid":{"rendered":"http:\/\/www.cdlpv.org\/fitxes\/?p=963"},"modified":"2017-04-11T22:45:12","modified_gmt":"2017-04-11T20:45:12","slug":"punt-i-coma","status":"publish","type":"post","link":"https:\/\/www.cdlpv.org\/fitxes\/punt-i-coma\/","title":{"rendered":"punt i coma"},"content":{"rendered":"<ol>\n<li>El signe de puntuaci\u00f3 denominat \u00abpunt i coma\u00bb <em>(;)<\/em> \u00e9s tamb\u00e9 un compost sintagm\u00e0tic (del tipus [N Conj N]). La nova <span class=\"versaleta\">giec<\/span> (6.5.4.<em>a<\/em>) d\u00f3na la indicaci\u00f3 seg\u00fcent:<br \/>\n<blockquote>[&#8230;] <em>punt i coma<\/em>, [&#8230;] malgrat tenir forma coordinada, fa el plural <em>punts i coma,<\/em> amb la marca de plural nom\u00e9s en el primer element.<\/p><\/blockquote>\n<\/li>\n<li>Anteriorment, segons la gram\u00e0tica que tenien en elaboraci\u00f3 (des de fea anys i panys) en l&#8217;<span class=\"versaleta\">iec,<\/span> havia de fer el plural \u00abpunts i comes\u00bb (la gram\u00e0tica de l&#8217;<span class=\"versaleta\">avl<\/span> no en diu res, del plural d&#8217;estos composts). Una consulta en Z\u00e8fir (04.02.2015) mos va permetre esbrinar que els t\u00e8cnics no estaven en general conven\u00e7uts que aix\u00f2 f\u00f3ra aixina. Per exemple, segons raonava Meritxell Freixas:<br \/>\n<blockquote><p>Podem notar que, tot i ser un compost sintagm\u00e0tic coordinant (N Conj N), en els quals es flexionen els dos noms, moltes vegades hom el considera un compost sintagm\u00e0tic subordinant (en qu\u00e8 t\u00e9 m\u00e9s pes un dels components, en aquest cas \u00abpunt\u00bb, i nom\u00e9s es flexiona el primer element), consideraci\u00f3 que es pot veure en l&#8217;\u00fas que en fan universitats, editorials, diaris&#8230;<\/p><\/blockquote>\n<p>La proposta alternativa era, per tant, \u00abpunts i coma\u00bb (i deixarem de banda altres possibilitats: \u00abels punt i coma\u00bb; o \u00abels punticomes\u00bb, que demanaria crear <em>punticoma<\/em>*). El plural \u00abpunts i coma\u00bb \u00e9s la forma que fan servir, per exemple, el <a href=\"http:\/\/www.ddgi.cat\/llibreEstil\/faces\/seccio.xhtml;jsessionid=0504968E0F14DCEC6A6E3A5DDB5A471C.worker2?punt=91\" target=\"_blank\">Llibre d&#8217;estil<\/a> de la Diputaci\u00f3 de Girona o el mateix Termcat (<em>Terminologia i fraseologia dels productes inform\u00e0tics<\/em>; <a href=\"http:\/\/www.termcat.cat\/en\/Diccionaris_En_Linia\/123\/Fitxa\/es+poden+utilitzar+comes%2C+punts+i+coma+o+altres+car%C3%A0cters+com+a+delimitadors+de+camp+entre+les+cel%C2%B7les\/MTUxMTM4NQ==\/#.WO0yS0PzjYQ.link\" target=\"_blank\">veg.<\/a>):<\/p>\n<blockquote>\n<h3>es poden utilitzar comes, punts i coma o altres car\u00e0cters com a delimitadors de camp entre les cel\u00b7les<\/h3>\n<ul>\n<li><em>es<\/em> poden utilitzar comes, punts i coma o altres car\u00e0cters com a delimitadors de camp entre les cel\u00b7les<\/li>\n<li><em>en<\/em> commas, semicolons, or other characters can be used as the field delimiters between the cells<\/li>\n<\/ul>\n<\/blockquote>\n<\/li>\n<\/ol>\n","protected":false},"excerpt":{"rendered":"<p>El signe de puntuaci\u00f3 denominat \u00abpunt i coma\u00bb (;) \u00e9s tamb\u00e9 un compost sintagm\u00e0tic (del tipus [N Conj N]). La nova giec (6.5.4.a) d\u00f3na la indicaci\u00f3 seg\u00fcent: [&#8230;] punt i coma, [&#8230;] malgrat tenir forma coordinada, fa el plural punts i coma, amb la marca de plural nom\u00e9s en el primer element. Anteriorment, segons la [&hellip;]<\/p>\n","protected":false},"author":1,"featured_media":0,"comment_status":"open","ping_status":"open","sticky":false,"template":"","format":"standard","meta":{"footnotes":""},"categories":[50],"tags":[36,12],"class_list":["post-963","post","type-post","status-publish","format-standard","hentry","category-lletra-p","tag-concordanca","tag-normativa"],"post_mailing_queue_ids":[],"_links":{"self":[{"href":"https:\/\/www.cdlpv.org\/fitxes\/wp-json\/wp\/v2\/posts\/963","targetHints":{"allow":["GET"]}}],"collection":[{"href":"https:\/\/www.cdlpv.org\/fitxes\/wp-json\/wp\/v2\/posts"}],"about":[{"href":"https:\/\/www.cdlpv.org\/fitxes\/wp-json\/wp\/v2\/types\/post"}],"author":[{"embeddable":true,"href":"https:\/\/www.cdlpv.org\/fitxes\/wp-json\/wp\/v2\/users\/1"}],"replies":[{"embeddable":true,"href":"https:\/\/www.cdlpv.org\/fitxes\/wp-json\/wp\/v2\/comments?post=963"}],"version-history":[{"count":1,"href":"https:\/\/www.cdlpv.org\/fitxes\/wp-json\/wp\/v2\/posts\/963\/revisions"}],"predecessor-version":[{"id":964,"href":"https:\/\/www.cdlpv.org\/fitxes\/wp-json\/wp\/v2\/posts\/963\/revisions\/964"}],"wp:attachment":[{"href":"https:\/\/www.cdlpv.org\/fitxes\/wp-json\/wp\/v2\/media?parent=963"}],"wp:term":[{"taxonomy":"category","embeddable":true,"href":"https:\/\/www.cdlpv.org\/fitxes\/wp-json\/wp\/v2\/categories?post=963"},{"taxonomy":"post_tag","embeddable":true,"href":"https:\/\/www.cdlpv.org\/fitxes\/wp-json\/wp\/v2\/tags?post=963"}],"curies":[{"name":"wp","href":"https:\/\/api.w.org\/{rel}","templated":true}]}}