{"id":891,"date":"2017-02-28T22:13:22","date_gmt":"2017-02-28T21:13:22","guid":{"rendered":"http:\/\/www.cdlpv.org\/fitxes\/?p=891"},"modified":"2017-03-04T18:52:44","modified_gmt":"2017-03-04T17:52:44","slug":"a-judici-de","status":"publish","type":"post","link":"https:\/\/www.cdlpv.org\/fitxes\/a-judici-de\/","title":{"rendered":"a judici de"},"content":{"rendered":"<ol>\n<li>Expressi\u00f3 recollida en el <span class=\"versaleta\"><em>diec2<\/em><\/span> (consulta: <a href=\"http:\/\/dlc.iec.cat\/results.asp?txtEntrada=judici&amp;operEntrada=0\" target=\"_blank\">15.02.2011<\/a>):<br \/>\n<blockquote><p><em><strong>a judici de<\/strong> loc. prep.<\/em> Segons el judici de. <em><span class=\"exemple\">A judici de tothom, tu ets el culpable.<\/span><\/em><\/p><\/blockquote>\n<p>El <span class=\"versaleta\"><em>dnv<\/em><\/span> tamb\u00e9 la recull (consulta: <a href=\"http:\/\/www.avl.gva.es\/lexicval\/?paraula=ju\u00ed\" target=\"_blank\">28.02.2017<\/a>):<\/p>\n<blockquote><p><strong>a ju\u00ed de<\/strong> <em>loc. prep.<\/em> Segons el ju\u00ed de. <em>A ju\u00ed del mestre, l&#8217;alumne no mereix aprovar.<\/em><\/p><\/blockquote>\n<\/li>\n<li>\u00c9s equivalent de <em>segons el parer de<\/em> i altres que podem documentar en <a href=\"http:\/\/books.google.com\/books?id=j3Qp3BoJXq0C&amp;pg=PA1381&amp;dq=%22a+judici+de%22&amp;hl=ca&amp;ei=DVpaTa7WKM-cOv-p3YkM&amp;sa=X&amp;oi=book_result&amp;ct=result&amp;resnum=1&amp;ved=0CCcQ6AEwAA#v=onepage&amp;q=%22a%20judici%20de%22&amp;f=false\" target=\"_blank\"><span class=\"versaleta\"><em>espinal04<\/em><\/span><\/a><em>:<\/em><br \/>\n<blockquote><p><strong>a parer<\/strong> (d&#8217;alg\u00fa), <strong>a opini\u00f3<\/strong> (d&#8217;alg\u00fa), <strong>a criteri<\/strong> (d&#8217;alg\u00fa), <strong>a coneguda<\/strong> (d&#8217;alg\u00fa)<\/p><\/blockquote>\n<\/li>\n<\/ol>\n","protected":false},"excerpt":{"rendered":"<p>Expressi\u00f3 recollida en el diec2 (consulta: 15.02.2011): a judici de loc. prep. Segons el judici de. A judici de tothom, tu ets el culpable. El dnv tamb\u00e9 la recull (consulta: 28.02.2017): a ju\u00ed de loc. prep. Segons el ju\u00ed de. A ju\u00ed del mestre, l&#8217;alumne no mereix aprovar. \u00c9s equivalent de segons el parer de [&hellip;]<\/p>\n","protected":false},"author":1,"featured_media":0,"comment_status":"open","ping_status":"open","sticky":false,"template":"","format":"standard","meta":{"footnotes":""},"categories":[18],"tags":[20,66,53],"class_list":["post-891","post","type-post","status-publish","format-standard","hentry","category-lletra-a","tag-juridicoadministratiu","tag-locucions","tag-revisions"],"post_mailing_queue_ids":[],"_links":{"self":[{"href":"https:\/\/www.cdlpv.org\/fitxes\/wp-json\/wp\/v2\/posts\/891","targetHints":{"allow":["GET"]}}],"collection":[{"href":"https:\/\/www.cdlpv.org\/fitxes\/wp-json\/wp\/v2\/posts"}],"about":[{"href":"https:\/\/www.cdlpv.org\/fitxes\/wp-json\/wp\/v2\/types\/post"}],"author":[{"embeddable":true,"href":"https:\/\/www.cdlpv.org\/fitxes\/wp-json\/wp\/v2\/users\/1"}],"replies":[{"embeddable":true,"href":"https:\/\/www.cdlpv.org\/fitxes\/wp-json\/wp\/v2\/comments?post=891"}],"version-history":[{"count":2,"href":"https:\/\/www.cdlpv.org\/fitxes\/wp-json\/wp\/v2\/posts\/891\/revisions"}],"predecessor-version":[{"id":894,"href":"https:\/\/www.cdlpv.org\/fitxes\/wp-json\/wp\/v2\/posts\/891\/revisions\/894"}],"wp:attachment":[{"href":"https:\/\/www.cdlpv.org\/fitxes\/wp-json\/wp\/v2\/media?parent=891"}],"wp:term":[{"taxonomy":"category","embeddable":true,"href":"https:\/\/www.cdlpv.org\/fitxes\/wp-json\/wp\/v2\/categories?post=891"},{"taxonomy":"post_tag","embeddable":true,"href":"https:\/\/www.cdlpv.org\/fitxes\/wp-json\/wp\/v2\/tags?post=891"}],"curies":[{"name":"wp","href":"https:\/\/api.w.org\/{rel}","templated":true}]}}