{"id":838,"date":"2017-01-23T21:29:20","date_gmt":"2017-01-23T20:29:20","guid":{"rendered":"http:\/\/www.cdlpv.org\/fitxes\/?p=838"},"modified":"2017-02-05T00:44:42","modified_gmt":"2017-02-04T23:44:42","slug":"deisi","status":"publish","type":"post","link":"https:\/\/www.cdlpv.org\/fitxes\/deisi\/","title":{"rendered":"deisi"},"content":{"rendered":"<ol>\n<li>Segons el <span class=\"versaleta\">gdlc<\/span> en l\u00ednia (consulta: <a href=\"http:\/\/www.diccionari.cat\/lexicx.jsp?GECART=0039965\" target=\"_blank\">juny 2009<\/a>):<br \/>\n<blockquote><p><em>f<\/em> <span class=\"versaleta\">art<\/span> Tema iconogr\u00e0fic que representa un grup de dos suplicants, generalment la Mare de D\u00e9u i sant Joan Baptista, i al mig el Crist en majestat.<\/p><\/blockquote>\n<\/li>\n<li>Abans, en les versions en paper, escrivien <em>d\u00e8isi<\/em> en el <span class=\"versaleta\">gdlc, diec<\/span> i <span class=\"versaleta\">dval<\/span>, forma que no lligava amb les normes ortogr\u00e0fiques, menys encara si segons el <span class=\"versaleta\">gdlc<\/span> s&#8217;havia de pronunciar [&#8216;d\u03b5jzi].<\/li>\n<\/ol>\n","protected":false},"excerpt":{"rendered":"<p>Segons el gdlc en l\u00ednia (consulta: juny 2009): f art Tema iconogr\u00e0fic que representa un grup de dos suplicants, generalment la Mare de D\u00e9u i sant Joan Baptista, i al mig el Crist en majestat. Abans, en les versions en paper, escrivien d\u00e8isi en el gdlc, diec i dval, forma que no lligava amb les [&hellip;]<\/p>\n","protected":false},"author":1,"featured_media":0,"comment_status":"open","ping_status":"open","sticky":false,"template":"","format":"standard","meta":{"footnotes":""},"categories":[35],"tags":[79,72,17,12,61,21],"class_list":["post-838","post","type-post","status-publish","format-standard","hentry","category-lletra-d","tag-art","tag-diccionaris","tag-lexic","tag-normativa","tag-ortografia","tag-revisions-2001"],"post_mailing_queue_ids":[],"_links":{"self":[{"href":"https:\/\/www.cdlpv.org\/fitxes\/wp-json\/wp\/v2\/posts\/838","targetHints":{"allow":["GET"]}}],"collection":[{"href":"https:\/\/www.cdlpv.org\/fitxes\/wp-json\/wp\/v2\/posts"}],"about":[{"href":"https:\/\/www.cdlpv.org\/fitxes\/wp-json\/wp\/v2\/types\/post"}],"author":[{"embeddable":true,"href":"https:\/\/www.cdlpv.org\/fitxes\/wp-json\/wp\/v2\/users\/1"}],"replies":[{"embeddable":true,"href":"https:\/\/www.cdlpv.org\/fitxes\/wp-json\/wp\/v2\/comments?post=838"}],"version-history":[{"count":2,"href":"https:\/\/www.cdlpv.org\/fitxes\/wp-json\/wp\/v2\/posts\/838\/revisions"}],"predecessor-version":[{"id":840,"href":"https:\/\/www.cdlpv.org\/fitxes\/wp-json\/wp\/v2\/posts\/838\/revisions\/840"}],"wp:attachment":[{"href":"https:\/\/www.cdlpv.org\/fitxes\/wp-json\/wp\/v2\/media?parent=838"}],"wp:term":[{"taxonomy":"category","embeddable":true,"href":"https:\/\/www.cdlpv.org\/fitxes\/wp-json\/wp\/v2\/categories?post=838"},{"taxonomy":"post_tag","embeddable":true,"href":"https:\/\/www.cdlpv.org\/fitxes\/wp-json\/wp\/v2\/tags?post=838"}],"curies":[{"name":"wp","href":"https:\/\/api.w.org\/{rel}","templated":true}]}}