{"id":829,"date":"2017-01-23T13:37:47","date_gmt":"2017-01-23T12:37:47","guid":{"rendered":"http:\/\/www.cdlpv.org\/fitxes\/?p=829"},"modified":"2017-01-23T13:37:47","modified_gmt":"2017-01-23T12:37:47","slug":"desembosc","status":"publish","type":"post","link":"https:\/\/www.cdlpv.org\/fitxes\/desembosc\/","title":{"rendered":"desembosc"},"content":{"rendered":"<ol>\n<li>El cam\u00ed o via per on es trauen (\u00e9s a dir, es desembosquen) els productes de les explotacions forestals es denomina <em>de desembosc<\/em>. Tamb\u00e9 es fa servir la forma <em>d&#8217;extracci\u00f3<\/em> o de <em>de treta<\/em>. El terme <em>cam\u00ed de desemboscar<\/em> \u00e9s el que recomana el Termcat (informaci\u00f3 d&#8217;Anna Asensio; consulta: 26.06.1998) com a equivalent de l\u2019expressi\u00f3 castellana <em>camino de desembosque<\/em>. En castell\u00e0 t\u00e9 el sin\u00f2nim <em>v\u00eda de saca.<\/em><\/li>\n<li>El <em>Vocabulari forestal<\/em> de l&#8217;<span class=\"versaleta\">iec<\/span> (consulta: <a href=\"http:\/\/cit.iec.cat\/VOCFOR\/default.asp\" target=\"_blank\">23.01.2017<\/a>) recull les opcions seg\u00fcents:<br \/>\n<blockquote><p><strong>desembosc<\/strong> <em>m.<\/em> APROFITAMENT DE FUSTA I LLENYA<br \/>\n<em>es<\/em> desembosque <em>m.<\/em><br \/>\n<em>fr<\/em> d\u00e9bardage <em>m.<\/em>, d\u00e9busquement <em>m.<\/em><br \/>\n<strong>desemboscar<\/strong> <em>v. tr.<\/em> APROFITAMENT DE FUSTA I LLENYA<br \/>\n<em>es <\/em>desemboscar <em>v. tr.<\/em><br \/>\n<em>fr<\/em> d\u00e9barder <em>v. tr.<\/em><br \/>\n<strong>desemboscar<\/strong> <em>v. tr.<\/em> CA\u00c7A<br \/>\n<em>fr<\/em> d\u00e9busquer <em>v. tr.<\/em><\/p>\n<hr \/>\n<p><strong>sistema de desembosc<\/strong> c. nom. m. APROFITAMENT DE FUSTA I LLENYA<br \/>\nMitjan\u00e7ant cam\u00ed, cable, etc.<br \/>\n<em>es<\/em> v\u00eda de saca <em>c. nom. f.<\/em><br \/>\n<strong>cam\u00ed de desemboscar<\/strong> <em>c. nom. m.<\/em> ELS CAMINS: GENERALITATS, TRA\u00c7AT I PARTS<br \/>\n<em>Sin. compl.:<\/em> cam\u00ed de treta <em>c. nom. m.<\/em><br \/>\n<em>es<\/em> v\u00eda de saca <em>c. nom. f.<\/em><\/p><\/blockquote>\n<\/li>\n<\/ol>\n","protected":false},"excerpt":{"rendered":"<p>El cam\u00ed o via per on es trauen (\u00e9s a dir, es desembosquen) els productes de les explotacions forestals es denomina de desembosc. Tamb\u00e9 es fa servir la forma d&#8217;extracci\u00f3 o de de treta. El terme cam\u00ed de desemboscar \u00e9s el que recomana el Termcat (informaci\u00f3 d&#8217;Anna Asensio; consulta: 26.06.1998) com a equivalent de l\u2019expressi\u00f3 [&hellip;]<\/p>\n","protected":false},"author":1,"featured_media":0,"comment_status":"open","ping_status":"open","sticky":false,"template":"","format":"standard","meta":{"footnotes":""},"categories":[35],"tags":[17,77],"class_list":["post-829","post","type-post","status-publish","format-standard","hentry","category-lletra-d","tag-lexic","tag-medi-ambient"],"post_mailing_queue_ids":[],"_links":{"self":[{"href":"https:\/\/www.cdlpv.org\/fitxes\/wp-json\/wp\/v2\/posts\/829","targetHints":{"allow":["GET"]}}],"collection":[{"href":"https:\/\/www.cdlpv.org\/fitxes\/wp-json\/wp\/v2\/posts"}],"about":[{"href":"https:\/\/www.cdlpv.org\/fitxes\/wp-json\/wp\/v2\/types\/post"}],"author":[{"embeddable":true,"href":"https:\/\/www.cdlpv.org\/fitxes\/wp-json\/wp\/v2\/users\/1"}],"replies":[{"embeddable":true,"href":"https:\/\/www.cdlpv.org\/fitxes\/wp-json\/wp\/v2\/comments?post=829"}],"version-history":[{"count":1,"href":"https:\/\/www.cdlpv.org\/fitxes\/wp-json\/wp\/v2\/posts\/829\/revisions"}],"predecessor-version":[{"id":830,"href":"https:\/\/www.cdlpv.org\/fitxes\/wp-json\/wp\/v2\/posts\/829\/revisions\/830"}],"wp:attachment":[{"href":"https:\/\/www.cdlpv.org\/fitxes\/wp-json\/wp\/v2\/media?parent=829"}],"wp:term":[{"taxonomy":"category","embeddable":true,"href":"https:\/\/www.cdlpv.org\/fitxes\/wp-json\/wp\/v2\/categories?post=829"},{"taxonomy":"post_tag","embeddable":true,"href":"https:\/\/www.cdlpv.org\/fitxes\/wp-json\/wp\/v2\/tags?post=829"}],"curies":[{"name":"wp","href":"https:\/\/api.w.org\/{rel}","templated":true}]}}