{"id":7850,"date":"2026-03-13T20:30:21","date_gmt":"2026-03-13T18:30:21","guid":{"rendered":"https:\/\/www.cdlpv.org\/fitxes\/?p=7850"},"modified":"2026-04-18T11:40:40","modified_gmt":"2026-04-18T09:40:40","slug":"nigerrim-ma","status":"publish","type":"post","link":"https:\/\/www.cdlpv.org\/fitxes\/nigerrim-ma\/","title":{"rendered":"nig\u00e8rrim -ma"},"content":{"rendered":"<figure id=\"attachment_7854\" aria-describedby=\"caption-attachment-7854\" style=\"width: 271px\" class=\"wp-caption alignleft\"><a href=\"https:\/\/simple.wikipedia.org\/wiki\/Black\"><img loading=\"lazy\" decoding=\"async\" class=\"wp-image-7854 \" src=\"https:\/\/www.cdlpv.org\/fitxes\/wp-content\/uploads\/2026\/03\/Paletadenegres-300x290.png\" alt=\"\" width=\"271\" height=\"262\" srcset=\"https:\/\/www.cdlpv.org\/fitxes\/wp-content\/uploads\/2026\/03\/Paletadenegres-300x290.png 300w, https:\/\/www.cdlpv.org\/fitxes\/wp-content\/uploads\/2026\/03\/Paletadenegres.png 479w\" sizes=\"auto, (max-width: 271px) 100vw, 271px\" \/><\/a><figcaption id=\"caption-attachment-7854\" class=\"wp-caption-text\"><span style=\"font-size: 10pt;\">Imatge amb tons del color negre. \/ Wikipedia. <a title=\"Wikipedia\" href=\"https:\/\/simple.wikipedia.org\/wiki\/Black\" target=\"_blank\" rel=\"nofollow noopener\">&#x1f517;<\/a><\/span><\/figcaption><\/figure>\n<p>L&#8217;adjectiu\u00a0<em>nig\u00e8rrim -ma<\/em> \u00e9s una adaptaci\u00f3 del castell\u00e0-espanyol llibresc <em>nig\u00e9rrimo -ma.<\/em> <a title=\"Diccionario de la lengua espa\u00f1ola\" href=\"https:\/\/dle.rae.es\/nig%C3%A9rrimo\" target=\"_blank\" rel=\"nofollow noopener\"><i class=\"fas fa-external-link-alt\"><\/i><\/a> Sembla que a pesar d&#8217;alguns usos esparsos, \u00e9s un poc probable candidat a acompanyar el superlatiu normal <em>negr\u00edssim -ma. <\/em>No apareix en els diccionaris i t\u00e9 poca vitalitat oral o escrita:<\/p>\n<ul>\n<li>Xavier Fav\u00e0 i Agud (2001):<br \/>\n<blockquote><p>&#8230;amb varietats <strong>nig\u00e8rrimes<\/strong> inferiors (com el <em>teinturier<\/em> franc\u00e8s)&#8230; <a title=\"Diccionari dels noms de ceps i ra\u00efms\" href=\"https:\/\/publicacions.iec.cat\/repository\/pdf\/00000242\/00000050.pdf\" target=\"_blank\" rel=\"nofollow noopener\"><i class=\"fas fa-file-pdf\"><\/i><\/a><\/p><\/blockquote>\n<\/li>\n<li>Josep-Antoni Ysern Lagarda (2009):<br \/>\n<blockquote><p>&#8230;el seu peculiar humor \u2013<strong>nig\u00e8rrim<\/strong> m\u00e9s que negre\u2013&#8230;\u00a0 <a title=\"Roig, Jaume (2006): Espill. Edici\u00f3, traducci\u00f3 i comentaris d\u2019Ant\u00f2nia Carr\u00e9\" href=\"https:\/\/publicacions.iec.cat\/repository\/pdf\/00000069\/00000007.pdf\" target=\"_blank\" rel=\"nofollow noopener\"><i class=\"fas fa-file-pdf\"><\/i><\/a><\/p><\/blockquote>\n<\/li>\n<\/ul>\n<p>&nbsp;<\/p>\n","protected":false},"excerpt":{"rendered":"<p>L&#8217;adjectiu\u00a0nig\u00e8rrim -ma \u00e9s una adaptaci\u00f3 del castell\u00e0-espanyol llibresc nig\u00e9rrimo -ma. Sembla que a pesar d&#8217;alguns usos esparsos, \u00e9s un poc probable candidat a acompanyar el superlatiu normal negr\u00edssim -ma. No apareix en els diccionaris i t\u00e9 poca vitalitat oral o escrita: Xavier Fav\u00e0 i Agud (2001): &#8230;amb varietats nig\u00e8rrimes inferiors (com el teinturier franc\u00e8s)&#8230; Josep-Antoni [&hellip;]<\/p>\n","protected":false},"author":1,"featured_media":0,"comment_status":"open","ping_status":"open","sticky":false,"template":"","format":"standard","meta":{"footnotes":""},"categories":[115],"tags":[49,17],"class_list":["post-7850","post","type-post","status-publish","format-standard","hentry","category-lletra-n","tag-adjectius","tag-lexic"],"post_mailing_queue_ids":[],"_links":{"self":[{"href":"https:\/\/www.cdlpv.org\/fitxes\/wp-json\/wp\/v2\/posts\/7850","targetHints":{"allow":["GET"]}}],"collection":[{"href":"https:\/\/www.cdlpv.org\/fitxes\/wp-json\/wp\/v2\/posts"}],"about":[{"href":"https:\/\/www.cdlpv.org\/fitxes\/wp-json\/wp\/v2\/types\/post"}],"author":[{"embeddable":true,"href":"https:\/\/www.cdlpv.org\/fitxes\/wp-json\/wp\/v2\/users\/1"}],"replies":[{"embeddable":true,"href":"https:\/\/www.cdlpv.org\/fitxes\/wp-json\/wp\/v2\/comments?post=7850"}],"version-history":[{"count":5,"href":"https:\/\/www.cdlpv.org\/fitxes\/wp-json\/wp\/v2\/posts\/7850\/revisions"}],"predecessor-version":[{"id":7885,"href":"https:\/\/www.cdlpv.org\/fitxes\/wp-json\/wp\/v2\/posts\/7850\/revisions\/7885"}],"wp:attachment":[{"href":"https:\/\/www.cdlpv.org\/fitxes\/wp-json\/wp\/v2\/media?parent=7850"}],"wp:term":[{"taxonomy":"category","embeddable":true,"href":"https:\/\/www.cdlpv.org\/fitxes\/wp-json\/wp\/v2\/categories?post=7850"},{"taxonomy":"post_tag","embeddable":true,"href":"https:\/\/www.cdlpv.org\/fitxes\/wp-json\/wp\/v2\/tags?post=7850"}],"curies":[{"name":"wp","href":"https:\/\/api.w.org\/{rel}","templated":true}]}}