{"id":7672,"date":"2025-10-10T20:30:21","date_gmt":"2025-10-10T18:30:21","guid":{"rendered":"https:\/\/www.cdlpv.org\/fitxes\/?p=7672"},"modified":"2025-11-27T09:44:54","modified_gmt":"2025-11-27T07:44:54","slug":"segut","status":"publish","type":"post","link":"https:\/\/www.cdlpv.org\/fitxes\/segut\/","title":{"rendered":"segut"},"content":{"rendered":"<figure id=\"attachment_7675\" aria-describedby=\"caption-attachment-7675\" style=\"width: 244px\" class=\"wp-caption alignleft\"><a href=\"https:\/\/www.cdlpv.org\/fitxes\/wp-content\/uploads\/2025\/10\/segut.png\"><img loading=\"lazy\" decoding=\"async\" class=\"size-full wp-image-7675\" src=\"https:\/\/www.cdlpv.org\/fitxes\/wp-content\/uploads\/2025\/10\/segut.png\" alt=\"\" width=\"244\" height=\"188\" \/><\/a><figcaption id=\"caption-attachment-7675\" class=\"wp-caption-text\"><span style=\"font-size: 10pt;\">Fragment del llibre <em>A soca d&#8217;orella<\/em> de Josep A. Carr\u00e9galo (2002). <a title=\"A soca d'orella\" href=\"https:\/\/books.google.es\/books?id=9INNIlfUnGMC&amp;pg=PA34&amp;dq=%22ha+segut%22&amp;hl=ca&amp;newbks=1&amp;newbks_redir=0&amp;sa=X&amp;ved=2ahUKEwj-17rYi5mQAxU-Q6QEHWvnJ7U4UBDoAXoECA8QAw#v=onepage&amp;q&amp;f=false\" target=\"_blank\" rel=\"nofollow noopener\">&#x1f517;<\/a><br \/><\/span><\/figcaption><\/figure>\n<p>El participi del verb <em>ser,<\/em> que hist\u00f2ricament era <em>estat<\/em>, t\u00e9 actualment diverses formes alternatives: <em>sigut, segut, set&#8230;<\/em> En parla la <abbr class=\"abbrevk\" title=\"Gram\u00e0tica de la llengua catalana\">giec<\/abbr> (9.6.8.<em>a<\/em>): <i class=\"fas fa-external-link-alt\"><\/i>\n<blockquote><p><span class=\"lletra-subapartat\"><em>a<\/em>) <\/span>El radical comen\u00e7at per <em>s<\/em>, amb variaci\u00f3 voc\u00e0lica i conson\u00e0ntica, apareix en [&#8230;] i en la variant del participi <em>sigut <\/em>(i en les m\u00e9s co\u0140loquials <em>segut <\/em>i <em>set<\/em>).<\/p><\/blockquote>\n<p>La variant <em>segut<\/em> ja era recollida per Josep Lacreu en <em>Els verbs valencians<\/em> l&#8217;any 1999:<\/p>\n<blockquote><p>\u00abCol\u00b7loquialment, les formes m\u00e9s habituals s\u00f3n <em>segut, seguda, seguts, segudes.<\/em> I, liter\u00e0riament, tamb\u00e9 s\u2019utilitzen molt les formes cl\u00e0ssiques <em>estat, estada, estats, estades<\/em>.<\/p><\/blockquote>\n<p>Tamb\u00e9 Sebasti\u00e0 Bonet va documentar en <em>Les gram\u00e0tiques normatives valencianes i balears del segle <span class=\"versaleta\">xx<\/span><\/em> <a title=\"FDT: \u00abmorfologia verbal\u00bb\" href=\"https:\/\/www.einesdellengua.com\/Fitxes\/Textos\/Arxius\/morfologiaverbal.htm\" target=\"_blank\" rel=\"nofollow noopener\"><i class=\"fas fa-external-link-alt\"><\/i><\/a> que Fullana (1915) i Giner (1933) validaven la forma <em>segut.<\/em> Per contra, Sanchis Guarner (1950; punt 214)\u00a0 la localitzava en tota \u00abla Regi\u00f3 Valenciana\u00bb, per\u00f2 la considerava no recomanable \u00aben la llengua escrita\u00bb \u2014fora de les composicions de caire popular\u2014 i recomanava \u00abusar sempre la forma <em>estat<\/em>\u00bb en la \u00abllengua culta\u00bb.<\/p>\n<h3>La \u00abcondemna\u00bb fa\u0140la\u00e7 de <em>sigut<\/em><\/h3>\n<p>L&#8217;article \u00ab<em>Estat<\/em>, <em>sigut<\/em> i la falsificaci\u00f3 de Fabra\u00bb d&#8217;Ignasi Moreta (<em>N\u00favol<\/em>, 06.10.2021) <a title=\"Article d'Ignasi Moreta\" href=\"https:\/\/www.nuvol.com\/llengua\/estat-sigut-i-la-falsificacio-de-fabra-209169\" target=\"_blank\" rel=\"nofollow noopener\"><i class=\"fas fa-external-link-alt\"><\/i><\/a> fa un rep\u00e0s sentit en relaci\u00f3 amb l&#8217;ombra de sospita que alguns va estendre sobre la forma popular <em>sigut, <\/em>ombra que es va accentuar sobretot a partir de la \u00abmanipulaci\u00f3\u00bb d&#8217;una de les \u00abconverses\u00bb de Pompeu Fabra en l&#8217;edici\u00f3 de 1954 (edici\u00f3 a cura de Santiago Pey Estrany i Ramon Aramon i Serra).<a title=\"Viquip\u00e8dia: Ramon Aramon i Serra\" href=\"https:\/\/ca.wikipedia.org\/wiki\/Ramon_Aramon_i_Serra\" target=\"_blank\" rel=\"nofollow noopener\"><sup><i class=\"fab fa-wikipedia-w\"><\/i><\/sup><\/a> En este i m\u00e9s casos, Moreta deixa una refer\u00e8ncia a:<\/p>\n<blockquote><p>La ultracorrecci\u00f3 indu\u00efda per la tradici\u00f3 postfabriana, que va condemnar arbitr\u00e0riament construccions ben idiom\u00e0tiques en nom d\u2019una genu\u00efnitat arc\u00e0dica ben dubtosa.<\/p><\/blockquote>\n<p>Al costat del llibre citat per Moreta, <em>Vocabulari de barbarismes<\/em> d\u2019Aureli Cortiella i Martret (1981), tamb\u00e9 condemna\u00a0<em>sigut<\/em> el <em>Diccionari general de barbarismes i incorreccions<\/em> de Joan Miravitlles (1989). No degueren ser moltes les obres que explicitaren eixe rebuig, per\u00f2 s\u00ed que van pesar el silenci a l&#8217;hora d&#8217;exposar els paradigmes verbals en les obres de refer\u00e8ncia, o la sospita indu\u00efda per una \u00abautoritat\u00bb tan rellevant com Ramon Aramon.<\/p>\n<h3>L&#8217;<abbr class=\"sigla\" title=\"Acad\u00e8mia Valenciana de la Llengua\">avl<\/abbr> no en parla<\/h3>\n<p>L&#8217;Acad\u00e8mia Valenciana de la Llengua (<abbr class=\"sigla\" title=\"Acad\u00e8mia Valenciana de la Llengua\">avl<\/abbr>) hauria de complir la seua funci\u00f3 de \u00abvetlar per l&#8217;\u00fas normal del valenci\u00e0\u00bb explicant i difonent la forma <em>segut \u2014<\/em>equivalent de\u00a0<em>sigut\u2014 <\/em>per tal d&#8217;evitar la sospita d&#8217;incorrecci\u00f3 que fa massa anys que continua projectant-se indegudament. Les obres normatives de l&#8217;acad\u00e8mia no en parlen, i la <abbr class=\"abbrevk\" title=\"Gram\u00e0tica de la llengua catalana\">giec<\/abbr> <em>\u2014<\/em>probablement esperant que l&#8217;<abbr class=\"sigla\" title=\"Acad\u00e8mia Valenciana de la Llengua\">avl<\/abbr> s&#8217;expresse normativament<em>\u2014<\/em> la situa entre les formes \u00abm\u00e9s co\u0140loquials\u00bb, consideraci\u00f3 que, si m\u00e9s no, s&#8217;acosta m\u00e9s a l&#8217;\u00fas real que el silenci de l&#8217;acad\u00e8mia valenciana.<\/p>\n","protected":false},"excerpt":{"rendered":"<p>El participi del verb ser, que hist\u00f2ricament era estat, t\u00e9 actualment diverses formes alternatives: sigut, segut, set&#8230; En parla la giec (9.6.8.a): a) El radical comen\u00e7at per s, amb variaci\u00f3 voc\u00e0lica i conson\u00e0ntica, apareix en [&#8230;] i en la variant del participi sigut (i en les m\u00e9s co\u0140loquials segut i set). La variant segut ja [&hellip;]<\/p>\n","protected":false},"author":1,"featured_media":0,"comment_status":"open","ping_status":"open","sticky":false,"template":"","format":"standard","meta":{"footnotes":""},"categories":[33],"tags":[17,108,62],"class_list":["post-7672","post","type-post","status-publish","format-standard","hentry","category-lletra-s","tag-lexic","tag-morfologia","tag-verbs"],"post_mailing_queue_ids":[],"_links":{"self":[{"href":"https:\/\/www.cdlpv.org\/fitxes\/wp-json\/wp\/v2\/posts\/7672","targetHints":{"allow":["GET"]}}],"collection":[{"href":"https:\/\/www.cdlpv.org\/fitxes\/wp-json\/wp\/v2\/posts"}],"about":[{"href":"https:\/\/www.cdlpv.org\/fitxes\/wp-json\/wp\/v2\/types\/post"}],"author":[{"embeddable":true,"href":"https:\/\/www.cdlpv.org\/fitxes\/wp-json\/wp\/v2\/users\/1"}],"replies":[{"embeddable":true,"href":"https:\/\/www.cdlpv.org\/fitxes\/wp-json\/wp\/v2\/comments?post=7672"}],"version-history":[{"count":8,"href":"https:\/\/www.cdlpv.org\/fitxes\/wp-json\/wp\/v2\/posts\/7672\/revisions"}],"predecessor-version":[{"id":7678,"href":"https:\/\/www.cdlpv.org\/fitxes\/wp-json\/wp\/v2\/posts\/7672\/revisions\/7678"}],"wp:attachment":[{"href":"https:\/\/www.cdlpv.org\/fitxes\/wp-json\/wp\/v2\/media?parent=7672"}],"wp:term":[{"taxonomy":"category","embeddable":true,"href":"https:\/\/www.cdlpv.org\/fitxes\/wp-json\/wp\/v2\/categories?post=7672"},{"taxonomy":"post_tag","embeddable":true,"href":"https:\/\/www.cdlpv.org\/fitxes\/wp-json\/wp\/v2\/tags?post=7672"}],"curies":[{"name":"wp","href":"https:\/\/api.w.org\/{rel}","templated":true}]}}