{"id":7627,"date":"2025-08-14T20:30:17","date_gmt":"2025-08-14T18:30:17","guid":{"rendered":"https:\/\/www.cdlpv.org\/fitxes\/?p=7627"},"modified":"2025-08-15T10:30:51","modified_gmt":"2025-08-15T08:30:51","slug":"paps","status":"publish","type":"post","link":"https:\/\/www.cdlpv.org\/fitxes\/paps\/","title":{"rendered":"paps"},"content":{"rendered":"<figure id=\"attachment_7648\" aria-describedby=\"caption-attachment-7648\" style=\"width: 300px\" class=\"wp-caption alignleft\"><a href=\"https:\/\/www.cdlpv.org\/fitxes\/wp-content\/uploads\/2025\/08\/paps.png\"><img loading=\"lazy\" decoding=\"async\" class=\"size-medium wp-image-7648\" src=\"https:\/\/www.cdlpv.org\/fitxes\/wp-content\/uploads\/2025\/08\/paps-300x286.png\" alt=\"\" width=\"300\" height=\"286\" srcset=\"https:\/\/www.cdlpv.org\/fitxes\/wp-content\/uploads\/2025\/08\/paps-300x286.png 300w, https:\/\/www.cdlpv.org\/fitxes\/wp-content\/uploads\/2025\/08\/paps.png 671w\" sizes=\"auto, (max-width: 300px) 100vw, 300px\" \/><\/a><figcaption id=\"caption-attachment-7648\" class=\"wp-caption-text\"><span style=\"font-size: 10pt;\">Fragment de l&#8217;entrada paps de l&#8217;<abbr class=\"abbrevk\" title=\"Atles ling\u00fc\u00edstica del domini catal\u00e0\">aldc<\/abbr>. <a title=\"ALDC: galteres\" href=\"https:\/\/aldc.iec.cat\/wp-content\/uploads\/2013\/06\/Mapa-144.pdf\" target=\"_blank\" rel=\"nofollow noopener\">&#x1f517;<\/a><br \/><\/span><\/figcaption><\/figure>\n<p>La paraula <em>paps \u2014<\/em>masculina plural<em>\u2014<\/em> designa una malaltia, que pot ser la parotiditis o alguna altra afecci\u00f3 semblant. \u00c9s el terme usual a la Valldigna per a la parotiditis. El <abbr class=\"abbrevk\" title=\"Diccionari normatiu valenci\u00e0\">dnv<\/abbr> concreta que es tracta d&#8217;esta malaltia: <a title=\"DNV: pap\" href=\"https:\/\/www.avl.gva.es\/lexicval\/?paraula=pap\" target=\"_blank\" rel=\"nofollow noopener\"><i class=\"fas fa-external-link-alt\"><\/i><\/a><\/p>\n<blockquote><p><strong>pap<\/strong><br \/>\n[&#8230;] <strong>4.<\/strong> <em>m. pl.<\/em> PAT. Parotiditis.<\/p><\/blockquote>\n<p>El <abbr class=\"abbrevk\" title=\"Diccionari catal\u00e0-valenci\u00e0-balear\">dcvb<\/abbr> (s. v. <em>pap<\/em>) recull: <a title=\"DCVB: pap\" href=\"https:\/\/dcvb.iec.cat\/results.asp?Word=pap&amp;Id=105226&amp;search=pap\" target=\"_blank\" rel=\"nofollow noopener\"><i class=\"fas fa-external-link-alt\"><\/i><\/a><\/p>\n<blockquote><p>\u2551 <strong>2. <\/strong>Goll, bony exterior en el coll (val.); cast. <em>papera, lampar\u00f3n.<\/em><\/p><\/blockquote>\n<p>Crec el <abbr class=\"abbrevk\" title=\"Diccionari catal\u00e0-valenci\u00e0-balear\">dcvb<\/abbr>\u00a0no fa refer\u00e8ncia a la parotiditis sin\u00f3 a la patologia que indica el <abbr class=\"abbrevk\" title=\"Gran diccionari de la llengua catalana\">gdlc<\/abbr> (consulta: 2006, 2025; s. v. <em>goll<\/em>):<\/p>\n<blockquote><p>m. PAT. Tumor tiroidal benigne.<\/p><\/blockquote>\n<p>Els companys de la llista Migjorn (07.11.2006) han aportat molta informaci\u00f3 sobre l&#8217;extensi\u00f3 del mot <em>paps<\/em>. Eugeni Reig ha tram\u00e9s la informaci\u00f3 de les localitats on diuen \u00abpaps\u00bb que dona l&#8217;<em>Atles ling\u00fc\u00edstic del domini catal\u00e0 I. El cos hum\u00e0. Malalties<\/em> de Joan Veny i Clar:<\/p>\n<blockquote><p>Picassent, Sollana, l&#8217;Alc\u00fadia de Carlet, Albalat de la Ribera, Alberic, Sallent de X\u00e0tiva, Simat de Valldigna, l&#8217;Alqueria de la Comtessa, Benig\u00e0nim, Montesa, Ontinyent, Pego, X\u00e0bia.<\/p><\/blockquote>\n<p>La visi\u00f3 geogr\u00e0fica es pot ampliar consultant el mapa de l&#8217;<abbr class=\"abbrevk\" title=\"Atles ling\u00fc\u00edstic del domini catal\u00e0\">aldc<\/abbr> (s. v. <em>galteres<\/em>).<sup><a title=\"ALDC: galteres\" href=\"https:\/\/aldc.iec.cat\/wp-content\/uploads\/2013\/06\/Mapa-144.pdf\" target=\"_blank\" rel=\"nofollow noopener\"><i class=\"fas fa-file-pdf\"><\/i><\/a><\/sup> Anna Gasc\u00f3 confirma que \u00e9s usual a Carcaixent (dada que corrobora Vicent Sanchis); \u00c0ngel Alexandre confirma l&#8217;\u00fas a Simat i Joan Olivares, a Otos. I Vicent-Ferran Garcia Perales aporta les dades de l&#8217;<a href=\"http:\/\/www.alpi.ca\" target=\"_blank\" rel=\"noopener\">ALPI<\/a> (1934-1935) per al concepte &#8216;papera&#8217;:<\/p>\n\n<table id=\"tablepress-13\" class=\"tablepress tablepress-id-13\">\n<thead>\n<tr class=\"row-1\">\n\t<th class=\"column-1\">621 PAPERA:<\/th><th class=\"column-2\">Cinctorres<\/th><th class=\"column-3\">pap<\/th>\n<\/tr>\n<\/thead>\n<tbody class=\"row-striping row-hover\">\n<tr class=\"row-2\">\n\t<td class=\"column-1\"><\/td><td class=\"column-2\">P. Benifass\u00e0<\/td><td class=\"column-3\">---<\/td>\n<\/tr>\n<tr class=\"row-3\">\n\t<td class=\"column-1\"><\/td><td class=\"column-2\">V. Canes<\/td><td class=\"column-3\">---<\/td>\n<\/tr>\n<tr class=\"row-4\">\n\t<td class=\"column-1\"><\/td><td class=\"column-2\">Pen\u00edscola<\/td><td class=\"column-3\">---<\/td>\n<\/tr>\n<tr class=\"row-5\">\n\t<td class=\"column-1\"><\/td><td class=\"column-2\">Vistabella<\/td><td class=\"column-3\">pap<\/td>\n<\/tr>\n<tr class=\"row-6\">\n\t<td class=\"column-1\"><\/td><td class=\"column-2\">C. Villamalefa<\/td><td class=\"column-3\">papa (bocio; hay pocos casos)<\/td>\n<\/tr>\n<tr class=\"row-7\">\n\t<td class=\"column-1\"><\/td><td class=\"column-2\">Fanzara<\/td><td class=\"column-3\">paperas<\/td>\n<\/tr>\n<tr class=\"row-8\">\n\t<td class=\"column-1\"><\/td><td class=\"column-2\">l'Alcora<\/td><td class=\"column-3\">paps<\/td>\n<\/tr>\n<tr class=\"row-9\">\n\t<td class=\"column-1\"><\/td><td class=\"column-2\">Orpesa<\/td><td class=\"column-3\">ll\u00fapia<\/td>\n<\/tr>\n<tr class=\"row-10\">\n\t<td class=\"column-1\"><\/td><td class=\"column-2\">T. de Viver<\/td><td class=\"column-3\">---<\/td>\n<\/tr>\n<tr class=\"row-11\">\n\t<td class=\"column-1\"><\/td><td class=\"column-2\">Azu\u00e9bar<\/td><td class=\"column-3\">papada (pero es la carne que tienen todos los gordos; la enfermedad no da nombre)<\/td>\n<\/tr>\n<tr class=\"row-12\">\n\t<td class=\"column-1\"><\/td><td class=\"column-2\">A\u00edn<\/td><td class=\"column-3\">paperotes<\/td>\n<\/tr>\n<tr class=\"row-13\">\n\t<td class=\"column-1\"><\/td><td class=\"column-2\">Moncofa<\/td><td class=\"column-3\">pap<\/td>\n<\/tr>\n<tr class=\"row-14\">\n\t<td class=\"column-1\"><\/td><td class=\"column-2\">Ademuz<\/td><td class=\"column-3\">papada (bocio)<\/td>\n<\/tr>\n<tr class=\"row-15\">\n\t<td class=\"column-1\"><\/td><td class=\"column-2\">Tu\u00e9jar<\/td><td class=\"column-3\">papera (?)<\/td>\n<\/tr>\n<tr class=\"row-16\">\n\t<td class=\"column-1\"><\/td><td class=\"column-2\">Casinos<\/td><td class=\"column-3\">pap<\/td>\n<\/tr>\n<tr class=\"row-17\">\n\t<td class=\"column-1\"><\/td><td class=\"column-2\">Marines<\/td><td class=\"column-3\">pap\u00e1 (bocio)<\/td>\n<\/tr>\n<tr class=\"row-18\">\n\t<td class=\"column-1\"><\/td><td class=\"column-2\">Caudete<\/td><td class=\"column-3\">papera (enfermedad, no el bocio) \/ papa (bocio)<\/td>\n<\/tr>\n<tr class=\"row-19\">\n\t<td class=\"column-1\"><\/td><td class=\"column-2\">Pedralba<\/td><td class=\"column-3\">---<\/td>\n<\/tr>\n<tr class=\"row-20\">\n\t<td class=\"column-1\"><\/td><td class=\"column-2\">Rafelbunyol<\/td><td class=\"column-3\">pap\u00e0<\/td>\n<\/tr>\n<tr class=\"row-21\">\n\t<td class=\"column-1\"><\/td><td class=\"column-2\">Quart de P.<\/td><td class=\"column-3\">---<\/td>\n<\/tr>\n<tr class=\"row-22\">\n\t<td class=\"column-1\"><\/td><td class=\"column-2\">Godelleta<\/td><td class=\"column-3\">---<\/td>\n<\/tr>\n<tr class=\"row-23\">\n\t<td class=\"column-1\"><\/td><td class=\"column-2\">Tor\u00eds<\/td><td class=\"column-3\">pap\u00e0<\/td>\n<\/tr>\n<tr class=\"row-24\">\n\t<td class=\"column-1\"><\/td><td class=\"column-2\">Dos Aguas<\/td><td class=\"column-3\">---<\/td>\n<\/tr>\n<tr class=\"row-25\">\n\t<td class=\"column-1\"><\/td><td class=\"column-2\">Poliny\u00e0<\/td><td class=\"column-3\">---<\/td>\n<\/tr>\n<tr class=\"row-26\">\n\t<td class=\"column-1\"><\/td><td class=\"column-2\">Massalav\u00e9s<\/td><td class=\"column-3\">paps<\/td>\n<\/tr>\n<tr class=\"row-27\">\n\t<td class=\"column-1\"><\/td><td class=\"column-2\">Teresa de C.<\/td><td class=\"column-3\">---<\/td>\n<\/tr>\n<tr class=\"row-28\">\n\t<td class=\"column-1\"><\/td><td class=\"column-2\">Anna<\/td><td class=\"column-3\">---<\/td>\n<\/tr>\n<tr class=\"row-29\">\n\t<td class=\"column-1\"><\/td><td class=\"column-2\">Llanera de R.<\/td><td class=\"column-3\">paps<\/td>\n<\/tr>\n<tr class=\"row-30\">\n\t<td class=\"column-1\"><\/td><td class=\"column-2\">Beniopa<\/td><td class=\"column-3\">---<\/td>\n<\/tr>\n<tr class=\"row-31\">\n\t<td class=\"column-1\"><\/td><td class=\"column-2\">Moixent<\/td><td class=\"column-3\">pap\u00e0<\/td>\n<\/tr>\n<tr class=\"row-32\">\n\t<td class=\"column-1\"><\/td><td class=\"column-2\">Biar<\/td><td class=\"column-3\">pap\u00e0<\/td>\n<\/tr>\n<tr class=\"row-33\">\n\t<td class=\"column-1\"><\/td><td class=\"column-2\">Benilloba<\/td><td class=\"column-3\">pap\u00e0<\/td>\n<\/tr>\n<tr class=\"row-34\">\n\t<td class=\"column-1\"><\/td><td class=\"column-2\">Benial\u00ed<\/td><td class=\"column-3\">paps<\/td>\n<\/tr>\n<tr class=\"row-35\">\n\t<td class=\"column-1\"><\/td><td class=\"column-2\">Calp<\/td><td class=\"column-3\">pap<\/td>\n<\/tr>\n<tr class=\"row-36\">\n\t<td class=\"column-1\"><\/td><td class=\"column-2\">el Pin\u00f3s<\/td><td class=\"column-3\">pap\u00e0<\/td>\n<\/tr>\n<tr class=\"row-37\">\n\t<td class=\"column-1\"><\/td><td class=\"column-2\">Monforte<\/td><td class=\"column-3\">papera (directa)<\/td>\n<\/tr>\n<tr class=\"row-38\">\n\t<td class=\"column-1\"><\/td><td class=\"column-2\">el Campello<\/td><td class=\"column-3\">---<\/td>\n<\/tr>\n<tr class=\"row-39\">\n\t<td class=\"column-1\"><\/td><td class=\"column-2\">Crevillent<\/td><td class=\"column-3\">---<\/td>\n<\/tr>\n<tr class=\"row-40\">\n\t<td class=\"column-1\"><\/td><td class=\"column-2\">Dolores<\/td><td class=\"column-3\">papera(s)<\/td>\n<\/tr>\n<tr class=\"row-41\">\n\t<td class=\"column-1\"><\/td><td class=\"column-2\">Guardamar<\/td><td class=\"column-3\">---<\/td>\n<\/tr>\n<\/tbody>\n<\/table>\n<!-- #tablepress-13 from cache -->\n","protected":false},"excerpt":{"rendered":"<p>La paraula paps \u2014masculina plural\u2014 designa una malaltia, que pot ser la parotiditis o alguna altra afecci\u00f3 semblant. \u00c9s el terme usual a la Valldigna per a la parotiditis. El dnv concreta que es tracta d&#8217;esta malaltia: pap [&#8230;] 4. m. pl. PAT. Parotiditis. El dcvb (s. v. pap) recull: \u2551 2. Goll, bony exterior [&hellip;]<\/p>\n","protected":false},"author":1,"featured_media":0,"comment_status":"open","ping_status":"open","sticky":false,"template":"","format":"standard","meta":{"footnotes":""},"categories":[50],"tags":[17,53],"class_list":["post-7627","post","type-post","status-publish","format-standard","hentry","category-lletra-p","tag-lexic","tag-revisions"],"post_mailing_queue_ids":[],"_links":{"self":[{"href":"https:\/\/www.cdlpv.org\/fitxes\/wp-json\/wp\/v2\/posts\/7627","targetHints":{"allow":["GET"]}}],"collection":[{"href":"https:\/\/www.cdlpv.org\/fitxes\/wp-json\/wp\/v2\/posts"}],"about":[{"href":"https:\/\/www.cdlpv.org\/fitxes\/wp-json\/wp\/v2\/types\/post"}],"author":[{"embeddable":true,"href":"https:\/\/www.cdlpv.org\/fitxes\/wp-json\/wp\/v2\/users\/1"}],"replies":[{"embeddable":true,"href":"https:\/\/www.cdlpv.org\/fitxes\/wp-json\/wp\/v2\/comments?post=7627"}],"version-history":[{"count":12,"href":"https:\/\/www.cdlpv.org\/fitxes\/wp-json\/wp\/v2\/posts\/7627\/revisions"}],"predecessor-version":[{"id":7655,"href":"https:\/\/www.cdlpv.org\/fitxes\/wp-json\/wp\/v2\/posts\/7627\/revisions\/7655"}],"wp:attachment":[{"href":"https:\/\/www.cdlpv.org\/fitxes\/wp-json\/wp\/v2\/media?parent=7627"}],"wp:term":[{"taxonomy":"category","embeddable":true,"href":"https:\/\/www.cdlpv.org\/fitxes\/wp-json\/wp\/v2\/categories?post=7627"},{"taxonomy":"post_tag","embeddable":true,"href":"https:\/\/www.cdlpv.org\/fitxes\/wp-json\/wp\/v2\/tags?post=7627"}],"curies":[{"name":"wp","href":"https:\/\/api.w.org\/{rel}","templated":true}]}}