{"id":7481,"date":"2025-03-07T20:30:31","date_gmt":"2025-03-07T19:30:31","guid":{"rendered":"https:\/\/www.cdlpv.org\/fitxes\/?p=7481"},"modified":"2025-03-07T12:53:32","modified_gmt":"2025-03-07T11:53:32","slug":"quatre-pobles-sequia-dels","status":"publish","type":"post","link":"https:\/\/www.cdlpv.org\/fitxes\/quatre-pobles-sequia-dels\/","title":{"rendered":"Quatre Pobles, s\u00e9quia dels"},"content":{"rendered":"<figure id=\"attachment_7486\" aria-describedby=\"caption-attachment-7486\" style=\"width: 300px\" class=\"wp-caption alignleft\"><a href=\"https:\/\/www.cdlpv.org\/fitxes\/wp-content\/uploads\/2025\/03\/Sequia-major-riola.png\"><img loading=\"lazy\" decoding=\"async\" class=\"size-medium wp-image-7486\" src=\"https:\/\/www.cdlpv.org\/fitxes\/wp-content\/uploads\/2025\/03\/Sequia-major-riola-300x275.png\" alt=\"\" width=\"300\" height=\"275\" srcset=\"https:\/\/www.cdlpv.org\/fitxes\/wp-content\/uploads\/2025\/03\/Sequia-major-riola-300x275.png 300w, https:\/\/www.cdlpv.org\/fitxes\/wp-content\/uploads\/2025\/03\/Sequia-major-riola.png 591w\" sizes=\"auto, (max-width: 300px) 100vw, 300px\" \/><\/a><figcaption id=\"caption-attachment-7486\" class=\"wp-caption-text\"><span style=\"font-size: 10pt;\">Pont de les Estacades, a l&#8217;assut de Riola, inici de la s\u00e9quia Major. \/ Google Maps. <a href=\"https:\/\/www.google.es\/maps\/place\/Les+Estacades\/@39.2023422,-0.3386431,19a,54.2y,108.94h,67.44t\/data=!3m1!1e3!4m15!1m8!3m7!1s0xd61b654d081cf61:0x3cfabd8025e0e682!2s46417+Riola,+Valencia!3b1!8m2!3d39.1968078!4d-0.3352314!16s%2Fm%2F02qffv2!3m5!1s0xd61b6f89463660b:0xfefcf2cccbd370da!8m2!3d39.2022603!4d-0.3382015!16s%2Fg%2F11bzz52ch2?hl=es&amp;entry=ttu&amp;g_ep=EgoyMDI1MDMwNC4wIKXMDSoJLDEwMjExNDUzSAFQAw%3D%3D\" target=\"_blank\" rel=\"noopener\">&#x1f517;<\/a><\/span><\/figcaption><\/figure>\n<p>Podem localitzar dos s\u00e9quies valencianes que reben la mateixa denominaci\u00f3, <em>s\u00e9quia dels Quatre Pobles:<\/em><\/p>\n<ul>\n<li>A la Vall d&#8217;Albaida. Segons l&#8217;article \u00abAlguns top\u00f2nims hist\u00f2rics de la governaci\u00f3, terme general i particular de la ciutat de X\u00e0tiva\u00bb d&#8217;Agust\u00ed Ventura Conejero (1997): <a href=\"https:\/\/raco.cat\/index.php\/BISO\/article\/view\/411845\/506789\" target=\"_blank\" rel=\"noopener\"><i class=\"fas fa-file-pdf\"><\/i><\/a><br \/>\n\u00abMalgrat aix\u00f2 no apareix el Repartiment i no sabem si els cristians que la poblarien serien els que al Repartiment figuren a les donacions de Huadacecar, que sense dubtes no es refereixen a l&#8217;estricte poble de Guadas\u00e8quies <em>[sic]<\/em> sin\u00f3 a tot el conjunt d&#8217;ells, els poblets del riu, regats per la s\u00e8quia <em>[sic]<\/em> de Colata o <strong>dels quatre pobles<\/strong>.\u00bb<br \/>\nEl Nomencl\u00e0tor Topon\u00edmic Valenci\u00e0 (consulta: 07.03.2025) <a href=\"https:\/\/geontv.gva.es\/?locale=ca\" target=\"_blank\" rel=\"noopener\"><i class=\"fas fa-external-link-alt\"><\/i><\/a> permet localitzar eixa s\u00e9quia, que l&#8217;article de Ventura tamb\u00e9 denomina <em>de Colata<\/em>, i que va d&#8217;Alfarras\u00ed a Guadass\u00e9quies passant per Benissuera i Sempere.<\/li>\n<li>A la Ribera Baixa. Segons l&#8217;article \u00abEl naixement de la s\u00e8quia <em>[sic]<\/em> Major de Corbera a comen\u00e7aments del segle <span class=\"versaleta\">xv<\/span>\u00bb de Salvador Vercher Llet\u00ed (2014), <a href=\"https:\/\/riunet.upv.es\/bitstream\/handle\/10251\/87950\/158-438-3-PB.pdf?sequence=1&amp;isAllowed=y\" target=\"_blank\" rel=\"noopener\"><i class=\"fas fa-file-pdf\"><\/i><\/a> hi ha a la Ribera, una s\u00e9quia que passa pels termes de Riola, Fortaleny, Corbera i Poliny\u00e0 de X\u00faquer i que tamb\u00e9 rep dos noms, <em>s\u00e9quia Major de Corbera<\/em> o\u00a0<em>s\u00e9quia dels Quatre Pobles:<br \/>\n<\/em>\u00abEn l\u2019actualitat, \u00e9s coneguda amb el nom de \u201cs\u00e9quia dels Quatre Pobles\u201d, en clara al\u00b7lusi\u00f3 a les localitats que reguen d\u2019aquesta. Per\u00f2 el seu nom oficial, del qual no sempre es fa \u00fas, \u00e9s el de s\u00e8quia <em>[sic]<\/em> Major de l\u2019extingida Vila i Honor de Corbera.\u00bb<\/li>\n<\/ul>\n","protected":false},"excerpt":{"rendered":"<p>Podem localitzar dos s\u00e9quies valencianes que reben la mateixa denominaci\u00f3, s\u00e9quia dels Quatre Pobles: A la Vall d&#8217;Albaida. Segons l&#8217;article \u00abAlguns top\u00f2nims hist\u00f2rics de la governaci\u00f3, terme general i particular de la ciutat de X\u00e0tiva\u00bb d&#8217;Agust\u00ed Ventura Conejero (1997): \u00abMalgrat aix\u00f2 no apareix el Repartiment i no sabem si els cristians que la poblarien serien [&hellip;]<\/p>\n","protected":false},"author":1,"featured_media":0,"comment_status":"open","ping_status":"open","sticky":false,"template":"","format":"standard","meta":{"footnotes":""},"categories":[70],"tags":[53,57],"class_list":["post-7481","post","type-post","status-publish","format-standard","hentry","category-lletra-q","tag-revisions","tag-toponimia"],"post_mailing_queue_ids":[],"_links":{"self":[{"href":"https:\/\/www.cdlpv.org\/fitxes\/wp-json\/wp\/v2\/posts\/7481","targetHints":{"allow":["GET"]}}],"collection":[{"href":"https:\/\/www.cdlpv.org\/fitxes\/wp-json\/wp\/v2\/posts"}],"about":[{"href":"https:\/\/www.cdlpv.org\/fitxes\/wp-json\/wp\/v2\/types\/post"}],"author":[{"embeddable":true,"href":"https:\/\/www.cdlpv.org\/fitxes\/wp-json\/wp\/v2\/users\/1"}],"replies":[{"embeddable":true,"href":"https:\/\/www.cdlpv.org\/fitxes\/wp-json\/wp\/v2\/comments?post=7481"}],"version-history":[{"count":6,"href":"https:\/\/www.cdlpv.org\/fitxes\/wp-json\/wp\/v2\/posts\/7481\/revisions"}],"predecessor-version":[{"id":7488,"href":"https:\/\/www.cdlpv.org\/fitxes\/wp-json\/wp\/v2\/posts\/7481\/revisions\/7488"}],"wp:attachment":[{"href":"https:\/\/www.cdlpv.org\/fitxes\/wp-json\/wp\/v2\/media?parent=7481"}],"wp:term":[{"taxonomy":"category","embeddable":true,"href":"https:\/\/www.cdlpv.org\/fitxes\/wp-json\/wp\/v2\/categories?post=7481"},{"taxonomy":"post_tag","embeddable":true,"href":"https:\/\/www.cdlpv.org\/fitxes\/wp-json\/wp\/v2\/tags?post=7481"}],"curies":[{"name":"wp","href":"https:\/\/api.w.org\/{rel}","templated":true}]}}