{"id":7376,"date":"2025-01-31T20:30:29","date_gmt":"2025-01-31T18:30:29","guid":{"rendered":"https:\/\/www.cdlpv.org\/fitxes\/?p=7376"},"modified":"2025-01-31T09:50:55","modified_gmt":"2025-01-31T07:50:55","slug":"omnibus","status":"publish","type":"post","link":"https:\/\/www.cdlpv.org\/fitxes\/omnibus\/","title":{"rendered":"\u00f2mnibus"},"content":{"rendered":"<figure id=\"attachment_7380\" aria-describedby=\"caption-attachment-7380\" style=\"width: 300px\" class=\"wp-caption alignleft\"><a href=\"https:\/\/ici.radio-canada.ca\/nouvelle\/1272502\/bill-omnibus-pierre-elliott-trudeau-homosexualite-avortement-justice-loi-archives\"><img loading=\"lazy\" decoding=\"async\" class=\"wp-image-7380 size-medium\" src=\"https:\/\/www.cdlpv.org\/fitxes\/wp-content\/uploads\/2025\/01\/Omnibus-300x151.png\" alt=\"\" width=\"300\" height=\"151\" srcset=\"https:\/\/www.cdlpv.org\/fitxes\/wp-content\/uploads\/2025\/01\/Omnibus-300x151.png 300w, https:\/\/www.cdlpv.org\/fitxes\/wp-content\/uploads\/2025\/01\/Omnibus.png 496w\" sizes=\"auto, (max-width: 300px) 100vw, 300px\" \/><\/a><figcaption id=\"caption-attachment-7380\" class=\"wp-caption-text\"><span style=\"font-size: 10pt;\">Fragment d&#8217;una informaci\u00f3 de Radio-Canada sobre un projecte de llei \u00f2mnibus de l&#8217;any 1967.<\/span><\/figcaption><\/figure>\n<p>El terme llat\u00ed <em>omnibus<\/em> s\u2019ha fixat en l\u2019\u00fas legislatiu com a adjectiu qualificatiu de diverses disposicions legals. Els diccionaris no contenen encara l&#8217;accepci\u00f3 este terme en el camp del dret, on <em>\u00f2mnibus<\/em> qualifica diferents disposicions legals per a indicar &#8216;dissenyat per a cobrir molts casos diferents, abra\u00e7ant nombrosos objectes diferents&#8217; (<em>Online etymology dictionary<\/em>). <a href=\"https:\/\/www.etymonline.com\/word\/omnibus#etymonline_v_7004\" target=\"_blank\" rel=\"noopener\"><i class=\"fas fa-external-link-alt\"><\/i><\/a><\/p>\n<p>Fent \u00fas d&#8217;eixe sentit, el Termcat (consulta: 30.01.2025) <a href=\"https:\/\/href.li\/?https:\/\/www.termcat.cat\/ca\/cercaterm\/fitxa\/NDM2OTc1Ng%3D%3D\" target=\"_blank\" rel=\"noopener noreferrer\"><i class=\"fas fa-external-link-alt\"><\/i><\/a> oferix la fitxa seg\u00fcent:<\/p>\n<blockquote><p><em>ca<\/em> <strong>llei \u00f2mnibus<\/strong>, <em>n f<\/em><br \/>\n<em>oc<\/em> lei \u00f2mnibus, <em>n f<\/em><br \/>\n<em>es<\/em> ley \u00f3mnibus, <em>n f<\/em><br \/>\n<em>fr<\/em> loi omnibus, <em>n f<\/em><br \/>\n<em>en<\/em> omnibus act, <em>n<\/em><\/p>\n<p><em>Activitat parlament\u00e0ria &gt; Funci\u00f3 legislativa<\/em><br \/>\n<strong>Definici\u00f3<\/strong><br \/>\nLlei que modifica i deroga m\u00faltiples lleis i normes d&#8217;una mateixa mat\u00e8ria o sector o b\u00e9 tamb\u00e9 de diferents mat\u00e8ries o sectors.<br \/>\n<strong>Nota<\/strong><br \/>\nUna llei de mesures \u00e9s qualificada de vegades com a llei \u00f2mnibus per la gran quantitat de modificacions i derogacions que cont\u00e9 i que afecten lleis i normes de diversos \u00e0mbits materials. Tamb\u00e9 es fa servir aquesta denominaci\u00f3 per a referir-se a les lleis que adapten directives europees, com ara les directives de serveis.<\/p><\/blockquote>\n<p>En altre idiomes tamb\u00e9 s&#8217;ha adoptat i adaptat este terme amb la mateixa accepci\u00f3: <em>omnibus<\/em> (en, fr), <em>\u00f3mnibus<\/em> (es)&#8230;<\/p>\n","protected":false},"excerpt":{"rendered":"<p>El terme llat\u00ed omnibus s\u2019ha fixat en l\u2019\u00fas legislatiu com a adjectiu qualificatiu de diverses disposicions legals. Els diccionaris no contenen encara l&#8217;accepci\u00f3 este terme en el camp del dret, on \u00f2mnibus qualifica diferents disposicions legals per a indicar &#8216;dissenyat per a cobrir molts casos diferents, abra\u00e7ant nombrosos objectes diferents&#8217; (Online etymology dictionary). Fent \u00fas [&hellip;]<\/p>\n","protected":false},"author":1,"featured_media":0,"comment_status":"open","ping_status":"open","sticky":false,"template":"","format":"standard","meta":{"footnotes":""},"categories":[5],"tags":[49,17,13],"class_list":["post-7376","post","type-post","status-publish","format-standard","hentry","category-lletra-o","tag-adjectius","tag-lexic","tag-neologia"],"post_mailing_queue_ids":[],"_links":{"self":[{"href":"https:\/\/www.cdlpv.org\/fitxes\/wp-json\/wp\/v2\/posts\/7376","targetHints":{"allow":["GET"]}}],"collection":[{"href":"https:\/\/www.cdlpv.org\/fitxes\/wp-json\/wp\/v2\/posts"}],"about":[{"href":"https:\/\/www.cdlpv.org\/fitxes\/wp-json\/wp\/v2\/types\/post"}],"author":[{"embeddable":true,"href":"https:\/\/www.cdlpv.org\/fitxes\/wp-json\/wp\/v2\/users\/1"}],"replies":[{"embeddable":true,"href":"https:\/\/www.cdlpv.org\/fitxes\/wp-json\/wp\/v2\/comments?post=7376"}],"version-history":[{"count":4,"href":"https:\/\/www.cdlpv.org\/fitxes\/wp-json\/wp\/v2\/posts\/7376\/revisions"}],"predecessor-version":[{"id":7381,"href":"https:\/\/www.cdlpv.org\/fitxes\/wp-json\/wp\/v2\/posts\/7376\/revisions\/7381"}],"wp:attachment":[{"href":"https:\/\/www.cdlpv.org\/fitxes\/wp-json\/wp\/v2\/media?parent=7376"}],"wp:term":[{"taxonomy":"category","embeddable":true,"href":"https:\/\/www.cdlpv.org\/fitxes\/wp-json\/wp\/v2\/categories?post=7376"},{"taxonomy":"post_tag","embeddable":true,"href":"https:\/\/www.cdlpv.org\/fitxes\/wp-json\/wp\/v2\/tags?post=7376"}],"curies":[{"name":"wp","href":"https:\/\/api.w.org\/{rel}","templated":true}]}}