{"id":7279,"date":"2024-12-18T20:30:20","date_gmt":"2024-12-18T18:30:20","guid":{"rendered":"https:\/\/www.cdlpv.org\/fitxes\/?p=7279"},"modified":"2024-12-19T11:15:38","modified_gmt":"2024-12-19T09:15:38","slug":"descerebrat-ada","status":"publish","type":"post","link":"https:\/\/www.cdlpv.org\/fitxes\/descerebrat-ada\/","title":{"rendered":"descerebrat -ada"},"content":{"rendered":"<figure id=\"attachment_7283\" aria-describedby=\"caption-attachment-7283\" style=\"width: 173px\" class=\"wp-caption alignleft\"><a href=\"https:\/\/www.cdlpv.org\/fitxes\/wp-content\/uploads\/2024\/12\/descerebrat.png\"><img loading=\"lazy\" decoding=\"async\" class=\"size-full wp-image-7283\" src=\"https:\/\/www.cdlpv.org\/fitxes\/wp-content\/uploads\/2024\/12\/descerebrat.png\" alt=\"\" width=\"173\" height=\"166\" \/><\/a><figcaption id=\"caption-attachment-7283\" class=\"wp-caption-text\"><span style=\"font-size: 10pt;\">Fragment de la primera versi\u00f3 de l&#8217;article \u00abEl retorn de Rafa Lahuerta\u00bb de Joan Gar\u00ed (<em>Diari La Veu del Pa\u00eds Valenci\u00e0<\/em>, 18.12.2024). <a href=\"https:\/\/www.diarilaveu.cat\/opinio\/el-retorn-de-rafa-lahuerta-568017\/\" target=\"_blank\" rel=\"noopener\">&#x1f517;<\/a><br \/><\/span><\/figcaption><\/figure>\n<p>L&#8217;adjectiu <em>descerebrat -ada<\/em> no apareix encara en els diccionaris generals. Com a equivalent en registres informals, podem trobar en el diccionari de l&#8217;<abbr class=\"abbrevk\" title=\"Acad\u00e8mia Valenciana de la Llengua\">avl<\/abbr> la versi\u00f3 <em>descervellat -ada:<\/em> <a href=\"https:\/\/www.avl.gva.es\/lexicval\/?paraula=descervellat\" target=\"_blank\" rel=\"noopener\"><i class=\"fas fa-external-link-alt\"><\/i><\/a><\/p>\n<blockquote><p><strong>descervellat -ada<\/strong><br \/>\n<em>adj.<\/em> Que no t\u00e9 cervell, que no t\u00e9 coneixement.<\/p><\/blockquote>\n<p>Este <em>descervellat -ada<\/em> apareixia ja en el <abbr class=\"abbrevk\" title=\"Diccionari catal\u00e0-valenci\u00e0-balear\">dcvb<\/abbr>. <a href=\"https:\/\/dcvb.iec.cat\/results.asp?Word=descervellat&amp;Id=46118&amp;search=descervellat\" target=\"_blank\" rel=\"noopener\"><i class=\"fas fa-external-link-alt\"><\/i><\/a> Amb tot, en el camp de la neurologia, el terme que s&#8217;utilitza \u00e9s <em>descerebrat -ada,<\/em> tal compodem comprovar en el Cercaterm (consulta: 18.12.2024): <a href=\"https:\/\/www.termcat.cat\/ca\/cercaterm\/descerebrat?type=basic&amp;thematic_area=&amp;language=\" target=\"_blank\" rel=\"noopener\"><i class=\"fas fa-external-link-alt\"><\/i><\/a> <em>animal descerebrat, descerebrat -ada, <\/em>que es pot documentar des d&#8217;inicis del segle <span class=\"versaleta\">xx<\/span>.<a href=\"https:\/\/www.google.com\/search?q=descerebrat&amp;client=firefox-b-e&amp;sca_esv=d8c2e9d81984a267&amp;udm=36&amp;biw=1920&amp;bih=903&amp;sxsrf=ADLYWII62Ss6sFH5kl85cYLyt0xujlQMmg%3A1734518596816&amp;source=lnt&amp;tbs=cdr%3A1%2Ccd_min%3A1%2F1%2F1900%2Ccd_max%3A12%2F31%2F1950&amp;tbm=\" target=\"_blank\" rel=\"noopener\"><span style=\"font-size: 10pt;\"><sup><i class=\"fab fa-google\"><\/i><\/sup><\/span><\/a><\/p>\n<p>L&#8217;extensi\u00f3 de l&#8217;\u00fas del terme als registres informals probablement es deu al fet de calcar l&#8217;\u00fas del castell\u00e0 <em>descerebado -da<\/em>. Un article d&#8217;Albert Pla Nualart (\u00ab\u00bfDescerebrats i papanates o eixelebrats i babaus?\u00bb, 06.12.2014) comentava l&#8217;\u00fas i la utilitat en els \u00e0mbits de la co\u0140loquialitat:<\/p>\n<blockquote><p>Com ja va explicar Albert Jan\u00e9 l\u2019any 1977 a l\u2019<em>Avui<\/em>, adjectius com <em>espacial<\/em>, <em>fabul\u00f3s<\/em>, <em>cerebral<\/em> i <em>labial<\/em> no s\u00f3n castellanismes encara que s\u2019assemblin a <em> espacio<\/em>, <em>f\u00e1bula<\/em>, <em>cerebro<\/em> i <em>labio<\/em>, sin\u00f3 que s\u00f3n cultismes d\u2019arrel llatina. Com tamb\u00e9 ho s\u00f3n \u2014i no s\u00f3n, per tant, catalanades\u2014 <em> nasal<\/em> o <em>f\u00e9rreo<\/em> en castell\u00e0.<\/p>\n<p><em> Descerebrat<\/em> \u00e9s, doncs, un adjectiu ben format en catal\u00e0 que es fa servir, en ci\u00e8ncies naturals, per referir-se a animals a qui han eliminat el cervell amb fins experimentals, tal com recull el Termcat.<\/p>\n<p>En registre co\u0140loquial es refereix a alg\u00fa que no t\u00e9 res al cap. I gosaria dir \u2014i admeto que \u00e9s discutible\u2014 que l\u2019extensi\u00f3 d\u2019\u00fas \u00e9s prou transparent i recent perqu\u00e8, tot i ser d\u2019origen castell\u00e0, no neguem al catal\u00e0 la possibilitat de fer-la.<\/p><\/blockquote>\n<p>&nbsp;<\/p>\n","protected":false},"excerpt":{"rendered":"<p>L&#8217;adjectiu descerebrat -ada no apareix encara en els diccionaris generals. Com a equivalent en registres informals, podem trobar en el diccionari de l&#8217;avl la versi\u00f3 descervellat -ada: descervellat -ada adj. Que no t\u00e9 cervell, que no t\u00e9 coneixement. Este descervellat -ada apareixia ja en el dcvb. Amb tot, en el camp de la neurologia, el [&hellip;]<\/p>\n","protected":false},"author":1,"featured_media":0,"comment_status":"open","ping_status":"open","sticky":false,"template":"","format":"standard","meta":{"footnotes":""},"categories":[35],"tags":[49,17,13,15,47],"class_list":["post-7279","post","type-post","status-publish","format-standard","hentry","category-lletra-d","tag-adjectius","tag-lexic","tag-neologia","tag-registres","tag-termcat"],"post_mailing_queue_ids":[],"_links":{"self":[{"href":"https:\/\/www.cdlpv.org\/fitxes\/wp-json\/wp\/v2\/posts\/7279","targetHints":{"allow":["GET"]}}],"collection":[{"href":"https:\/\/www.cdlpv.org\/fitxes\/wp-json\/wp\/v2\/posts"}],"about":[{"href":"https:\/\/www.cdlpv.org\/fitxes\/wp-json\/wp\/v2\/types\/post"}],"author":[{"embeddable":true,"href":"https:\/\/www.cdlpv.org\/fitxes\/wp-json\/wp\/v2\/users\/1"}],"replies":[{"embeddable":true,"href":"https:\/\/www.cdlpv.org\/fitxes\/wp-json\/wp\/v2\/comments?post=7279"}],"version-history":[{"count":8,"href":"https:\/\/www.cdlpv.org\/fitxes\/wp-json\/wp\/v2\/posts\/7279\/revisions"}],"predecessor-version":[{"id":7290,"href":"https:\/\/www.cdlpv.org\/fitxes\/wp-json\/wp\/v2\/posts\/7279\/revisions\/7290"}],"wp:attachment":[{"href":"https:\/\/www.cdlpv.org\/fitxes\/wp-json\/wp\/v2\/media?parent=7279"}],"wp:term":[{"taxonomy":"category","embeddable":true,"href":"https:\/\/www.cdlpv.org\/fitxes\/wp-json\/wp\/v2\/categories?post=7279"},{"taxonomy":"post_tag","embeddable":true,"href":"https:\/\/www.cdlpv.org\/fitxes\/wp-json\/wp\/v2\/tags?post=7279"}],"curies":[{"name":"wp","href":"https:\/\/api.w.org\/{rel}","templated":true}]}}