{"id":7128,"date":"2024-11-08T20:30:35","date_gmt":"2024-11-08T18:30:35","guid":{"rendered":"https:\/\/www.cdlpv.org\/fitxes\/?p=7128"},"modified":"2024-12-06T22:32:25","modified_gmt":"2024-12-06T20:32:25","slug":"preposicio-conjuncio-que","status":"publish","type":"post","link":"https:\/\/www.cdlpv.org\/fitxes\/preposicio-conjuncio-que\/","title":{"rendered":"<em>preposici\u00f3 + conjunci\u00f3<\/em> que"},"content":{"rendered":"<figure id=\"attachment_7165\" aria-describedby=\"caption-attachment-7165\" style=\"width: 239px\" class=\"wp-caption alignleft\"><a href=\"https:\/\/www.parlament.cat\/document\/dspcc\/275935043.pdf\"><img loading=\"lazy\" decoding=\"async\" class=\"wp-image-7165 size-full\" src=\"https:\/\/www.cdlpv.org\/fitxes\/wp-content\/uploads\/2024\/11\/Des-de-que.png\" alt=\"\" width=\"239\" height=\"261\" \/><\/a><figcaption id=\"caption-attachment-7165\" class=\"wp-caption-text\"><span style=\"font-size: 10pt;\">Fragment d&#8217;un diari de sessions del Parlament de Catalunya (05.05.2022).<\/span><\/figcaption><\/figure>\n<p>L&#8217;opcionalitat de l&#8217;elisi\u00f3 de la preposici\u00f3 <em>de<\/em> davant de la conjunci\u00f3\u00a0<em>que<\/em> \u00e9s esmentada inicialment en l&#8217;apartat 19.4.3 <abbr class=\"abbrevk\" title=\"Gram\u00e0tica de la llengua catalana de l'IEC\"><em>giec:<\/em><\/abbr> \u00abamb elisi\u00f3 generalment de de\u00bb; <a href=\"https:\/\/giec.iec.cat\/textgramatica\/codi\/19.4.3\" target=\"_blank\" rel=\"noopener\"><i class=\"fas fa-external-link-alt\"><\/i><\/a> eixa indicaci\u00f3 remet a l&#8217;apartat 26.4.1, que dona la indicaci\u00f3 seg\u00fcent: <a href=\"https:\/\/giec.iec.cat\/textgramatica\/codi\/26.4.1\" target=\"_blank\" rel=\"noopener\"><i class=\"fas fa-external-link-alt\"><\/i><\/a><\/p>\n<blockquote><p>(\u00abLes subordinades substantives finites introdu\u00efdes per preposici\u00f3\u00bb) [&#8230;] En la mesura que la conjunci\u00f3 <em>que <\/em>fa tamb\u00e9 una funci\u00f3 de nexe, en la llengua antiga s\u2019elidien les preposicions en les subordinades introdu\u00efdes per <em>que<\/em>, igual que fan encara altres lleng\u00fces rom\u00e0niques com el franc\u00e8s i l\u2019itali\u00e0: <em>Acostuma sa llengua <\/em>\u2205 <em>que no s\u00e0pia mentir <\/em>(\u2205 = <em>a<\/em>); <em>No so digne<\/em> \u2205 <em>que sies causa de la mia mort <\/em>(\u2205 = <em>de<\/em>); <em>Vosaltres trobats pler<\/em> \u2205 <em>que jo prena muller <\/em>(\u2205 = <em>en<\/em>). En l\u2019actualitat, l\u2019elisi\u00f3 \u00e9s viva col\u00b7loquialment en moltes construccions i \u00e9s l\u2019opci\u00f3 preferible en els registres formals.<\/p><\/blockquote>\n<p>En atres apartats, 252.2, <a href=\"https:\/\/giec.iec.cat\/textgramatica\/codi\/25.2.2a\" target=\"_blank\" rel=\"noopener\"><i class=\"fas fa-external-link-alt\"><\/i><\/a> 31.4.1 <a href=\"https:\/\/giec.iec.cat\/textgramatica\/codi\/31.4.1\" target=\"_blank\" rel=\"noopener\"><i class=\"fas fa-external-link-alt\"><\/i><\/a> i 31.4.2.4 <a href=\"https:\/\/giec.iec.cat\/textgramatica\/codi\/31.4.2.4\" target=\"_blank\" rel=\"noopener\"><i class=\"fas fa-external-link-alt\"><\/i><\/a>, l&#8217;elisi\u00f3 \u00e9s descrita com un tret habitual, per\u00f2 cal entendre \u2014tal com mos ha comentat el servei de consultes de l&#8217;<span class=\"versaleta\">iec<\/span>\u2014 que es tracta de l&#8217;\u00abopci\u00f3 preferible en els registres formals\u00bb expressada en 26.4.1. En eixe sentit, podem observar que en els registres formals, i sobretot en els informals, \u00e9s habitual mantindre l&#8217;estructura completa formada per preposici\u00f3 composta + conjunci\u00f3 <em>que.*<\/em><\/p>\n<div class=\"su-note small\"  style=\"border-color:#90bfa5;border-radius:3px;-moz-border-radius:3px;-webkit-border-radius:3px;\"><div class=\"su-note-inner su-u-clearfix su-u-trim\" style=\"background-color:#aad9bf;border-color:#ffffff;color:#333333;border-radius:3px;-moz-border-radius:3px;-webkit-border-radius:3px;\"><strong>*Nota <abbr class=\"abbrevk\" title=\"Fitxes de dubtes i terminologia\">fdt<\/abbr>.<\/strong> Amb tot, l&#8217;elisi\u00f3 \u00e9s habitual en els texts impresos o editats, pr\u00e0ctica derivada del fet que les indicacions normatives i estil\u00edstiques havien tendit fins ara a mostrar com un \u00aberror\u00bb o una \u00abincorrecci\u00f3\u00bb el manteniment de les preposicions en este context.<\/div><\/div>\n<p>&nbsp;<\/p>\n","protected":false},"excerpt":{"rendered":"<p>L&#8217;opcionalitat de l&#8217;elisi\u00f3 de la preposici\u00f3 de davant de la conjunci\u00f3\u00a0que \u00e9s esmentada inicialment en l&#8217;apartat 19.4.3 giec: \u00abamb elisi\u00f3 generalment de de\u00bb; eixa indicaci\u00f3 remet a l&#8217;apartat 26.4.1, que dona la indicaci\u00f3 seg\u00fcent: (\u00abLes subordinades substantives finites introdu\u00efdes per preposici\u00f3\u00bb) [&#8230;] En la mesura que la conjunci\u00f3 que fa tamb\u00e9 una funci\u00f3 de nexe, [&hellip;]<\/p>\n","protected":false},"author":1,"featured_media":0,"comment_status":"open","ping_status":"open","sticky":false,"template":"","format":"standard","meta":{"footnotes":""},"categories":[50],"tags":[12,61,31],"class_list":["post-7128","post","type-post","status-publish","format-standard","hentry","category-lletra-p","tag-normativa","tag-ortografia","tag-preposicions"],"post_mailing_queue_ids":[],"_links":{"self":[{"href":"https:\/\/www.cdlpv.org\/fitxes\/wp-json\/wp\/v2\/posts\/7128","targetHints":{"allow":["GET"]}}],"collection":[{"href":"https:\/\/www.cdlpv.org\/fitxes\/wp-json\/wp\/v2\/posts"}],"about":[{"href":"https:\/\/www.cdlpv.org\/fitxes\/wp-json\/wp\/v2\/types\/post"}],"author":[{"embeddable":true,"href":"https:\/\/www.cdlpv.org\/fitxes\/wp-json\/wp\/v2\/users\/1"}],"replies":[{"embeddable":true,"href":"https:\/\/www.cdlpv.org\/fitxes\/wp-json\/wp\/v2\/comments?post=7128"}],"version-history":[{"count":14,"href":"https:\/\/www.cdlpv.org\/fitxes\/wp-json\/wp\/v2\/posts\/7128\/revisions"}],"predecessor-version":[{"id":7266,"href":"https:\/\/www.cdlpv.org\/fitxes\/wp-json\/wp\/v2\/posts\/7128\/revisions\/7266"}],"wp:attachment":[{"href":"https:\/\/www.cdlpv.org\/fitxes\/wp-json\/wp\/v2\/media?parent=7128"}],"wp:term":[{"taxonomy":"category","embeddable":true,"href":"https:\/\/www.cdlpv.org\/fitxes\/wp-json\/wp\/v2\/categories?post=7128"},{"taxonomy":"post_tag","embeddable":true,"href":"https:\/\/www.cdlpv.org\/fitxes\/wp-json\/wp\/v2\/tags?post=7128"}],"curies":[{"name":"wp","href":"https:\/\/api.w.org\/{rel}","templated":true}]}}