{"id":712,"date":"2016-10-13T17:34:26","date_gmt":"2016-10-13T15:34:26","guid":{"rendered":"http:\/\/www.cdlpv.org\/fitxes\/?p=712"},"modified":"2021-02-26T15:49:04","modified_gmt":"2021-02-26T13:49:04","slug":"per-divisio-temporal","status":"publish","type":"post","link":"https:\/\/www.cdlpv.org\/fitxes\/per-divisio-temporal\/","title":{"rendered":"per + <i>divisi\u00f3 temporal<\/i>"},"content":{"rendered":"<ol>\n<li>Hi ha una tradici\u00f3 normativa de proscriure les expressions temporals formades amb la preposici\u00f3 <em>per <\/em>+\u00a0article +<em> (mat\u00ed, vesprada, vespre, nit&#8230;).<\/em> Sembla que aix\u00f2 comen\u00e7a amb una prescripci\u00f3 de Fabra (<em>Gram\u00e0tica catalana<\/em>, 1918\/1933):<br \/>\n<blockquote><p>Notem que les expressions <em>pel mat\u00ed, per la tarda, pel vespre, per la nit<\/em> s\u00f3n dolentes; cal dir <em>al mat\u00ed, a la tarda, al vespre, a la nit.<\/em><\/p><\/blockquote>\n<p>El mateix Fabra exposava en la conversa <span class=\"versaleta\">xxviii<\/span> (13.12.1922) els motius pels quals rebutjava la construcci\u00f3:<\/p>\n<blockquote><p>Avui deixem generalitzar-se <em>el dilluns <\/em>per <em>dilluns<\/em>, dem\u00e0 veurem estendre\u2019s igualment <em>pel mat\u00ed <\/em>en lloc de <em>al mat\u00ed<\/em>, m\u00e9s enll\u00e0 <em>ahir tarda <\/em>en lloc de <em>ahir a la tarda<\/em>, i a poc a poc arribarem a la identificaci\u00f3 de les expressions adverbials de temps en les dues lleng\u00fces, en perjudici, naturalment, de la catalana. De fet, ja havem tingut ocasi\u00f3 de constatar darrerament expressions tan poc catalanes com <em>dem\u00e0 per la tarda <\/em>i com <em>ahir tarda<\/em>!<\/p><\/blockquote>\n<\/li>\n<li>Sembla doncs que la causa de la proscripci\u00f3 proposada per Fabra \u00e9s nom\u00e9s un desig de fugir de la sintaxi castellana. No crec que aix\u00f2 siga un suport suficient per a rebutjar una construcci\u00f3 que podem documentar almenys des del segle <span class=\"versaleta\">xiv<\/span>:<br \/>\n<blockquote>[&#8230;] aix\u00ed que en l&#8217;endem\u00e0 per lo mat\u00ed siga tengut d&#8217;aportar o fer portar aquella ca\u00e7a [&#8230;]\n<div align=\"right\">(<a href=\"http:\/\/books.google.es\/books?id=PU7QMxDhk2AC&amp;pg=PA312&amp;dq=%22per+lo+mat%C3%AD%22&amp;hl=ca&amp;sa=X&amp;ei=JXpuUZXsBYW47AbRyoCIAg&amp;redir_esc=y#v=onepage&amp;q=%22per%20lo%20mat%C3%AD%22&amp;f=false\" target=\"_blank\" rel=\"noopener\"><span style=\"color: #000080;\">1335<\/span><\/a>; <em>Llibre d&#8217;establiments i ordenacions de la ciutat de Val\u00e8ncia<\/em>, edici\u00f3 a cura d&#8217;Antoni Furi\u00f3 i Ferran Garcia-Oliver)<\/div>\n<\/blockquote>\n<blockquote>[&#8230;] e han de cessar en la dita solemnitat de sepultura, la qual se deu fer dem\u00e0 per lo mat\u00ed, D\u00e9u ajudant.<\/p>\n<div align=\"right\">(<em>Epistolari de la Val\u00e8ncia medieval,<\/em> volum 1, edici\u00f3 d&#8217;Agust\u00edn Rubio Vela)<\/div>\n<\/blockquote>\n<p>En este sentit, Maria \u00c0ngels Di\u00e9guez <em>(El Llibre de Cort de Just\u00edcia de Val\u00e8ncia, 1279-1321: estudi ling\u00fc\u00edstic)<\/em> fa el comentari seg\u00fcent (<a href=\"http:\/\/books.google.es\/books?id=GAuWR35SZ-kC&amp;pg=PA159&amp;dq=%22per+lo+mat%C3%AD%22&amp;hl=ca&amp;sa=X&amp;ei=T3luUdHLCqSS7AbPpYGABw&amp;redir_esc=y#v=onepage&amp;q=%22per%20lo%20mat%C3%AD%22&amp;f=false\" target=\"_blank\" rel=\"noopener\"><span style=\"color: #000080;\">veg.<\/span><\/a> Google Llibres):<\/p>\n<blockquote><p>Precedit de la preposici\u00f3 <em>per,<\/em> amb sentit duratiu,<em> per lo mat\u00ed,<\/em> postergat injustament per la normativa actual: \u00aben aqu<em>e<\/em>st dia d&#8217;uy p<em>er<\/em> lo mat\u00ed\u00bb R248; \u00abq<em>ue<\/em>\u00b7l dit Salam\u00f3 ere ve<em>n<\/em>gut p<em>er<\/em> lo mat\u00ed a casa\u00bb R87.<\/p><\/blockquote>\n<p>La documentaci\u00f3 que aporta Jordi Bruguera permet refermar l\u2019\u00fas de <em>per<\/em> en estos contexts i des de ben antic, amb exemples de Desclot, Muntaner i Pere III. <a href=\"http:\/\/books.google.es\/books?id=c0maFcnbkuwC&amp;pg=PA120&amp;dq=%22per+lo+mat%C3%AD%22&amp;hl=ca&amp;sa=X&amp;ei=JXpuUZXsBYW47AbRyoCIAg&amp;redir_esc=y#v=onepage&amp;q=%22per%20lo%20mat%C3%AD%22&amp;f=false\" target=\"_blank\" rel=\"noopener\"><span style=\"color: #000080;\">Vegeu<\/span><\/a> \u00abConstatacions ling\u00fc\u00edstiques enutjoses\u00bb. Podem afegir exemples tamb\u00e9 del <em>Llibre de les solemnitats de Barcelona<\/em> (edici\u00f3 d&#8217;A. Duran i Sanpere i Josep Sanabre; <a href=\"http:\/\/books.google.es\/books?id=Ja2DKVBe-SwC&amp;pg=PA202&amp;dq=%22per+lo+mat%C3%AD%22&amp;hl=ca&amp;sa=X&amp;ei=T3luUdHLCqSS7AbPpYGABw&amp;redir_esc=y#v=onepage&amp;q=%22per%20lo%20mat%C3%AD%22&amp;f=false\" target=\"_blank\" rel=\"noopener\"><span style=\"color: #000080;\">veg.<\/span><\/a> Google Llibres)<\/p>\n<blockquote>[&#8230;] Item, lo diumenge apr\u00e9s seg\u00fcent intitulat a <span class=\"versaleta\">v.<\/span> del dit mes de dezembre, per lo mat\u00ed, lo dit senyor rey arrib\u00e1 a Badalona.<br \/>\n[&#8230;] vestits de sengles gramalles de drats d&#8217;or recamats vermells, ajustats per lo mat\u00ed dins la Casa del Consell de la dita Ciutat [&#8230;]\n<div align=\"right\">(1423)<\/div>\n<\/blockquote>\n<\/li>\n<li>Actualment, la gram\u00e0tica de l\u2019<span class=\"versaleta\">avl<\/span> fa l\u2019observaci\u00f3 seg\u00fcent:<br \/>\n<blockquote><p>Observaci\u00f3: La preposici\u00f3 <em>per<\/em> tamb\u00e9 s\u2019usa amb un valor temporal per a referir-se a una part del dia, per\u00f2 en els registres formals es preferix l\u2019\u00fas de <em>a.<\/em><\/p><\/blockquote>\n<p>Amb la qual cosa, hem de considerar que la construcci\u00f3, ben documentada des d&#8217;antic (<em>Tirant lo Blanch<\/em> incl\u00f2s <a href=\"http:\/\/einesdellengua.com\/tirantloweb\/tirantloblanch.html\" target=\"_blank\" rel=\"noopener\"><i class=\"fas fa-external-link-alt\"><\/i><\/a>; cap. 132: \u00abL\u2019endem\u00e0 per lo mat\u00ed benehiren les banderes ab singular process\u00f3 e festa que fon feta.\u00bb) i ben usual al Pa\u00eds Valenci\u00e0, \u00e9s ben correcta, tot i que les prefer\u00e8ncies estil\u00edstiques de cada registre en poden modular l&#8217;\u00fas.<\/li>\n<\/ol>\n","protected":false},"excerpt":{"rendered":"<p>Hi ha una tradici\u00f3 normativa de proscriure les expressions temporals formades amb la preposici\u00f3 per +\u00a0article + (mat\u00ed, vesprada, vespre, nit&#8230;). Sembla que aix\u00f2 comen\u00e7a amb una prescripci\u00f3 de Fabra (Gram\u00e0tica catalana, 1918\/1933): Notem que les expressions pel mat\u00ed, per la tarda, pel vespre, per la nit s\u00f3n dolentes; cal dir al mat\u00ed, a la [&hellip;]<\/p>\n","protected":false},"author":1,"featured_media":0,"comment_status":"open","ping_status":"open","sticky":false,"template":"","format":"standard","meta":{"footnotes":""},"categories":[50],"tags":[12,31,53,27],"class_list":["post-712","post","type-post","status-publish","format-standard","hentry","category-lletra-p","tag-normativa","tag-preposicions","tag-revisions","tag-sintaxi"],"post_mailing_queue_ids":[],"_links":{"self":[{"href":"https:\/\/www.cdlpv.org\/fitxes\/wp-json\/wp\/v2\/posts\/712","targetHints":{"allow":["GET"]}}],"collection":[{"href":"https:\/\/www.cdlpv.org\/fitxes\/wp-json\/wp\/v2\/posts"}],"about":[{"href":"https:\/\/www.cdlpv.org\/fitxes\/wp-json\/wp\/v2\/types\/post"}],"author":[{"embeddable":true,"href":"https:\/\/www.cdlpv.org\/fitxes\/wp-json\/wp\/v2\/users\/1"}],"replies":[{"embeddable":true,"href":"https:\/\/www.cdlpv.org\/fitxes\/wp-json\/wp\/v2\/comments?post=712"}],"version-history":[{"count":3,"href":"https:\/\/www.cdlpv.org\/fitxes\/wp-json\/wp\/v2\/posts\/712\/revisions"}],"predecessor-version":[{"id":3809,"href":"https:\/\/www.cdlpv.org\/fitxes\/wp-json\/wp\/v2\/posts\/712\/revisions\/3809"}],"wp:attachment":[{"href":"https:\/\/www.cdlpv.org\/fitxes\/wp-json\/wp\/v2\/media?parent=712"}],"wp:term":[{"taxonomy":"category","embeddable":true,"href":"https:\/\/www.cdlpv.org\/fitxes\/wp-json\/wp\/v2\/categories?post=712"},{"taxonomy":"post_tag","embeddable":true,"href":"https:\/\/www.cdlpv.org\/fitxes\/wp-json\/wp\/v2\/tags?post=712"}],"curies":[{"name":"wp","href":"https:\/\/api.w.org\/{rel}","templated":true}]}}