{"id":7035,"date":"2024-10-21T20:30:57","date_gmt":"2024-10-21T18:30:57","guid":{"rendered":"https:\/\/www.cdlpv.org\/fitxes\/?p=7035"},"modified":"2025-03-05T09:06:00","modified_gmt":"2025-03-05T08:06:00","slug":"desinencia-a-ada","status":"publish","type":"post","link":"https:\/\/www.cdlpv.org\/fitxes\/desinencia-a-ada\/","title":{"rendered":"<em>desin\u00e8ncies<\/em> -\u00e0 (< -ada), -aor(a) (< -ador[a])"},"content":{"rendered":"<figure id=\"attachment_7046\" aria-describedby=\"caption-attachment-7046\" style=\"width: 300px\" class=\"wp-caption alignleft\"><a href=\"https:\/\/valenciaplaza.com\/cremaet\"><img loading=\"lazy\" decoding=\"async\" class=\"wp-image-7046 size-medium\" src=\"https:\/\/www.cdlpv.org\/fitxes\/wp-content\/uploads\/2024\/08\/Cremaet-300x158.png\" alt=\"Cremaet\" width=\"300\" height=\"158\" srcset=\"https:\/\/www.cdlpv.org\/fitxes\/wp-content\/uploads\/2024\/08\/Cremaet-300x158.png 300w, https:\/\/www.cdlpv.org\/fitxes\/wp-content\/uploads\/2024\/08\/Cremaet.png 455w\" sizes=\"auto, (max-width: 300px) 100vw, 300px\" \/><\/a><figcaption id=\"caption-attachment-7046\" class=\"wp-caption-text\"><span style=\"font-size: 10pt;\">Interior del bar Cremaet. \/Kike Taberner, <em>Valencia Plaza<\/em> (14.05.2021).<\/span><\/figcaption><\/figure>\n<p>La desin\u00e8ncia femenina <em>-\u00e0<\/em> (reducci\u00f3 de la forma <em>-ada; <\/em>pl. <em>-aes<\/em>) dels participis i adjectius, i la desin\u00e8ncia <em>-aor<\/em> <em>-aora<\/em> (reducci\u00f3 de la forma <em>-ador -adora;<\/em> pl. m. <em>-aors; <\/em>pl. f. <em>-aores<\/em>) <a title=\"P\u00e8rdua-de-d-intervoc\u00e0lica-en-el-sufix-ador\" href=\"https:\/\/aldc.espais.iec.cat\/files\/2013\/10\/117-P%C3%A8rdua-de-d-intervoc%C3%A0lica-en-el-sufix-ador.pdf\" target=\"_blank\" rel=\"noopener\"><i class=\"fas fa-file-pdf\"><\/i><\/a> de noms i adjectius, \u00e9s un tret del valenci\u00e0 general. Segons <em>Els<\/em> <em>parlars valencians<\/em> de Beltran i Segura (2022):<a title=\"Google Llibres\" href=\"https:\/\/books.google.es\/books?id=Ard0EAAAQBAJ&amp;pg=RA1-PR9&amp;dq=havut+hagut&amp;hl=ca&amp;newbks=1&amp;newbks_redir=0&amp;sa=X&amp;ved=2ahUKEwi0wZr8xPuGAxWm9wIHHfdvBOI4ChDoAXoECA0QAg#v=snippet&amp;q=comencem%20a%20adonar-nos&amp;f=false\" target=\"_blank\" rel=\"noopener\"><sup><i class=\"fab fa-google\"><\/i><\/sup><\/a><\/p>\n<blockquote>[&#8230;] una desena de quil\u00f2metres envers el sud, en passar Canet lo Roig i la Jana, comencem a adonar-nos que es perd la <em>d<\/em> intervoc\u00e0lica del sufix <em>-ada<\/em> de mots com ara <em>teulada<\/em> o <em>aixada<\/em>. Des de ben al nord, doncs, comen\u00e7a a ser patent el tret que potser m\u00e9s representa els parlars valencians.<\/p><\/blockquote>\n<p>Hi ha paraules amb la terminaci\u00f3 <em>-ada <\/em>que reben eixe tractament, com ara l&#8217;adjectiu <em>ca<\/em> (&#8216;cada&#8217;) en les locucions <em>ca u<\/em> i <em>ca un;<\/em> o el top\u00f2nim Montcada, que \u00e9s conegut com a <em>Monc\u00e0<\/em>. A pesar que es tracta d&#8217;un \u00fas regular i sistem\u00e0tic, la normativa tracta la q\u00fcesti\u00f3 de manera marginal i poc clara:<\/p>\n<blockquote><p>En estes terminacions, l\u2019emmudiment de la <em>d<\/em> \u00e9s un fenomen molt generalitzat en el valenci\u00e0 co\u0140loquial, fins al punt que algunes paraules pr\u00f2pies dels \u00e0mbits festiu o gastron\u00f2mic presenten una tradici\u00f3 escrita sense <em>d<\/em> intervoc\u00e0lica, com ara <em>masclet\u00e0<\/em> [masklet\u00e1], <em>plant\u00e0<\/em> [plant\u00e1], <em>mocador\u00e0<\/em> [mokao\u027e\u00e1] o <em>fideu\u00e0<\/em> [fi\u2202ew\u00e1].<\/p><\/blockquote>\n<p>Seria convenient que la normativa tractara este fenomen proposant una regla global i sistem\u00e0tica, ja que no es tracta d&#8217;anar incorporant paraules a\u00efllades, sin\u00f3 de descriure un tret del valenci\u00e0 general que ha de tindre una previsi\u00f3 sistem\u00e0tica, previsi\u00f3 que seria molt convenient per als usos orals i escrits de car\u00e0cter informal o col\u00b7loquial. La normativa podria evitar aixina les paradoxes o desconfiances que es poden generar pel fet que les paraules vagen apareguent o desapareguent atzarosament del diccionari \u2014per ara no n&#8217;han incl\u00f2s cap amb la desin\u00e8ncia <em>-aor -aora, <\/em>a pesar que tamb\u00e9 s\u00f3n paraules amb \u00abtradici\u00f3 escrita\u00bb.<\/p>\n<p>En estos moments (22.08.2024) localitze les paraules seg\u00fcents amb la desin\u00e8ncia <em>-\u00e0<\/em> (totes marcades com a co\u0140loquials) en el <abbr class=\"abbrevk\" title=\"Diccionari normatiu valenci\u00e0\"><em>dnv<\/em><\/abbr>: <a href=\"https:\/\/www.avl.gva.es\/lexicval\/\" target=\"_blank\" rel=\"noopener\"><i class=\"fas fa-external-link-alt\"><\/i><\/a><\/p>\n<blockquote><p><em>alb\u00e0<\/em><em>, apunt\u00e0<\/em>, <em>arrepleg\u00e0<\/em>, <em>cord\u00e0<\/em>, <em>crem\u00e0<\/em>, <em>dans\u00e0<\/em>, <em>despert\u00e0<\/em>, <em>dispar\u00e0<\/em>, <em>entr\u00e0<\/em>, <em>fideu\u00e0<\/em>, <em>fil\u00e0<\/em>, <em>masclet\u00e0<\/em>, <em>mocador\u00e0<\/em>,* <em>plant\u00e0<\/em>, <em>xocolat\u00e0<\/em>&#8230;<br \/>\n<div class=\"su-note small\"  style=\"border-color:#90bfa5;border-radius:3px;-moz-border-radius:3px;-webkit-border-radius:3px;\"><div class=\"su-note-inner su-u-clearfix su-u-trim\" style=\"background-color:#aad9bf;border-color:#ffffff;color:#333333;border-radius:3px;-moz-border-radius:3px;-webkit-border-radius:3px;\"><strong>* Nota <abbr class=\"abbrevk\" title=\"Fitxes de Dubtes i Terminologia\"><em><span class=\"versaleta\">fdt<\/span><\/em><\/abbr>.<\/strong> Seguint la previsi\u00f3 expressada per la gram\u00e0tica, hauria de ser <em>mocaor\u00e0.<\/em><\/div><\/div>\n<div class=\"su-note small\"  style=\"border-color:#90bfa5;border-radius:3px;-moz-border-radius:3px;-webkit-border-radius:3px;\"><div class=\"su-note-inner su-u-clearfix su-u-trim\" style=\"background-color:#aad9bf;border-color:#ffffff;color:#333333;border-radius:3px;-moz-border-radius:3px;-webkit-border-radius:3px;\"><strong> Nota <abbr class=\"abbrevk\" title=\"Fitxes de Dubtes i Terminologia\"><em><span class=\"versaleta\">fdt<\/span><\/em><\/abbr>.<\/strong> L&#8217;acad\u00e8mia afig posteriorment (veg. m\u00e9s avall) : <em>riu\u00e0, pantan\u00e0<\/em>&#8230; <\/div><\/div><\/blockquote>\n<p>Una regla general facilitaria l&#8217;aplicaci\u00f3 d&#8217;este tret oralment i per escrit. Podrien aprofitar la proposta que fan en el <em>Llibre d&#8217;estil per als mitjans audiovisuals en valenci\u00e0<\/em> (2011), on s&#8217;admeten entre les \u00abllic\u00e8ncies\u00bb (<abbr class=\"abbrevk\" title=\"Llibre d'estil per als mitjans audiovisuals en valenci\u00e0\">lemav<\/abbr>, 2.2.2): <a href=\"https:\/\/www.avl.gva.es\/documents\/31987\/58581\/MANUALS_02\" target=\"_blank\" rel=\"noopener\"><i class=\"fas fa-file-pdf\"><\/i><\/a><\/p>\n<blockquote><p>L\u2019emmudiment de la <em>-d-<\/em> dels sufixos <em>-ada<\/em> i <em>-ador<\/em> en paraules referides als \u00e0mbits festiu i gastron\u00f2mic, en qu\u00e8 fins i tot hi ha tradici\u00f3 escrita: <em>masclet\u00e0, plant\u00e0, fideu\u00e0\u2026<\/em> Tamb\u00e9 \u00e9s acceptable en determinades representacions realistes poc formals de la parla co\u0140loquial.<\/p><\/blockquote>\n<p><a id=\"picadefesols\"><\/a>Podem pensar que el diccionari anir\u00e0 incorporant m\u00e9s variants afectades per este tret, com ara <em>bec\u00e0 <\/em>(i<em> becaeta<\/em>), <em>cremaet<\/em>, <em>mullaor,<\/em> <em>pic\u00e0,*<\/em> <em>poal\u00e0<\/em>&#8230; En eixe sentit:<\/p>\n<div class=\"su-note small\"  style=\"border-color:#90bfa5;border-radius:3px;-moz-border-radius:3px;-webkit-border-radius:3px;\"><div class=\"su-note-inner su-u-clearfix su-u-trim\" style=\"background-color:#aad9bf;border-color:#ffffff;color:#333333;border-radius:3px;-moz-border-radius:3px;-webkit-border-radius:3px;\"> <strong>Nota <em><span class=\"versaleta\">fdt.<\/span><\/em><\/strong> 28.02.2025. La podem trobar en l&#8217;expressi\u00f3 <em>acabar en <\/em>(o <em>com<\/em>)<em> una pic\u00e0 de fesols<\/em> &#8216;acabar malament&#8217;.<\/div><\/div>\n<blockquote><p><em><strong><a id=\"riua\"><\/a>riu\u00e0\u00a0<\/strong><\/em>(i <em><strong>pantan\u00e0<\/strong><\/em>)<\/p><\/blockquote>\n<ul>\n<li><em>La <strong>riu\u00e0<\/strong> que canvi\u00e0 Val\u00e8ncia <\/em>de Josep Sorribes Monrabal i altres (2007; consulta: 30.10.2024)<\/li>\n<li><em>Totus Tous. Com\u00e8dia familiar inundada. 1982<\/em> de Juli Leal (1998; consulta: 30.10.2024):<a href=\"https:\/\/books.google.es\/books?id=Tg0hebh4zPEC&amp;pg=PA81&amp;dq=%22la+riu%C3%A0%22+val%C3%A8ncia&amp;hl=ca&amp;newbks=1&amp;newbks_redir=0&amp;sa=X&amp;ved=2ahUKEwjkhM7x47WJAxXPRfEDHShIAHg4KBDoAXoECAgQAg#v=onepage&amp;q=%22la%20riu%C3%A0%22%20val%C3%A8ncia&amp;f=false\" target=\"_blank\" rel=\"noopener\"><sup><i class=\"fab fa-google\"><\/i><\/sup><\/a><br \/>\n\u00abPer\u00f2 qu\u00e8 dius, la <strong>riu\u00e0<\/strong> de \u201cEntre Naranjos\u201d, morral?\u00bb<br \/>\n\u00abQuan passe la <strong><em>riu\u00e0<\/em><\/strong>, me&#8217;n vaig. Ac\u00ed teniu la casa, ac\u00ed teniu a la iaia.\u00bb<br \/>\n<div class=\"su-note small\"  style=\"border-color:#90bfa5;border-radius:3px;-moz-border-radius:3px;-webkit-border-radius:3px;\"><div class=\"su-note-inner su-u-clearfix su-u-trim\" style=\"background-color:#aad9bf;border-color:#ffffff;color:#333333;border-radius:3px;-moz-border-radius:3px;-webkit-border-radius:3px;\"> <strong>Nota <abbr class=\"abbrevk\" title=\"Fitxes de Dubtes i Terminologia\"><em><span class=\"versaleta\">fdt<\/span><\/em><\/abbr>.<\/strong> El <em>Butllet\u00ed<\/em> n\u00fam. 4 (gener del 2025; consulta: 27.01.2025) <a href=\"https:\/\/www.avl.gva.es\/tots-els-butlletins\/butlleti-no-4\/\" target=\"_blank\" rel=\"noopener\"><i class=\"fas fa-external-link-alt\"><\/i><\/a> de l&#8217;acad\u00e8mia informa de la incorporaci\u00f3 en el diccionari de les variants <em>riu\u00e0 <\/em><a href=\"https:\/\/www.avl.gva.es\/lexicval\/?paraula=riu\u00e0\" target=\"_blank\" rel=\"noopener\"><i class=\"fas fa-external-link-alt\"><\/i><\/a> i <em>pantan\u00e0<\/em>. <a href=\"https:\/\/www.avl.gva.es\/lexicval\/?paraula=pantan\u00e0\" target=\"_blank\" rel=\"noopener\"><i class=\"fas fa-external-link-alt\"><\/i><\/a> <\/div><\/div><\/li>\n<\/ul>\n<blockquote><p><em><strong>tallaetes<\/strong><\/em><\/p><\/blockquote>\n<ul>\n<li><em>Personal i transferible <\/em>de Ramon Pelegero Sanchis, <em>Raimon <\/em>(ed. 2023; consulta: 20.10.2024): \u00ab14.<span class=\"versaleta\">viii<\/span>.1982 [&#8230;] Tamb\u00e9 menj\u00e0rem arrop i <strong>tallaetes<\/strong> que feia m\u00e9s de vint anys que no menjava.\u00bb<\/li>\n<li><em>Gu\u00eda del buen comer espa\u00f1ol<\/em> de Dionisio P\u00e9rez (1929; consulta: 20.10.2024): \u00ab<em>les tallaetes<\/em>, a manera de arrope con frutas, trozos de calabaza y cortezas de naranja, lima y poncil.\u00bb<a href=\"https:\/\/books.google.es\/books?id=ZB2V50CCjpEC&amp;pg=PA354&amp;dq=%22tallaetes%22&amp;hl=ca&amp;newbks=1&amp;newbks_redir=0&amp;sa=X&amp;ved=2ahUKEwiA5OeT9J6JAxVbWEEAHctDKSkQ6AF6BAgLEAI#v=onepage&amp;q=%22tallaetes%22&amp;f=false\" target=\"_blank\" rel=\"noopener\"><sup><i class=\"fab fa-google\"><\/i><\/sup><\/a><\/li>\n<li>\u00abArrope: Sticky Sweet\u00bb de Sofia Perez, <em>Saveur <\/em>(26.09.2010, consulta: 20.10.2024): \u00abIn the farming town of L&#8217;Alcudia, 22 miles southwest of the coastal city of Valencia, Andres Valles and his family make their arrope\u2014or arrop i <strong>tallaetes<\/strong> (syrup with pieces of fruit) in the Valencian dialect\u2014with muscat grape must, which comprises the fruit&#8217;s juice, skins, and seeds.\u00bb <a href=\"https:\/\/www.saveur.com\/article\/Kitchen\/Arrope-Sticky-Sweet\/\" target=\"_blank\" rel=\"noopener\"><i class=\"fas fa-external-link-alt\"><\/i><\/a><br \/>\n<div class=\"su-note small\"  style=\"border-color:#90bfa5;border-radius:3px;-moz-border-radius:3px;-webkit-border-radius:3px;\"><div class=\"su-note-inner su-u-clearfix su-u-trim\" style=\"background-color:#aad9bf;border-color:#ffffff;color:#333333;border-radius:3px;-moz-border-radius:3px;-webkit-border-radius:3px;\"> <strong>Nota <span class=\"versaleta\"><em>fdt<\/em><\/span>.<\/strong> Podem documentar la forma <em>tallaetes<\/em> en publicacions de Jaume F\u00e0brega,<sup><a href=\"https:\/\/books.google.es\/books?id=fPeMuLLoWSsC&amp;pg=PA100&amp;dq=%22arrop+i+tallaetes%22&amp;hl=ca&amp;newbks=1&amp;newbks_redir=0&amp;sa=X&amp;ved=2ahUKEwjyh8KJ756JAxU0T6QEHSF4B1EQ6AF6BAgHEAI#v=onepage&amp;q=%22arrop%20i%20tallaetes%22&amp;f=false\" target=\"_blank\" rel=\"noopener\"><i class=\"fab fa-google\"><\/i><\/a><\/sup> Maria del Carme Queralt Tom\u00e0s,<a href=\"https:\/\/books.google.es\/books?id=x3wq76Q-2XQC&amp;pg=PA119&amp;dq=%22arrop+i+tallaetes%22&amp;hl=ca&amp;newbks=1&amp;newbks_redir=0&amp;sa=X&amp;ved=2ahUKEwjyh8KJ756JAxU0T6QEHSF4B1EQ6AF6BAgKEAI#v=onepage&amp;q=%22arrop%20i%20tallaetes%22&amp;f=false\" target=\"_blank\" rel=\"noopener\"><sup><i class=\"fab fa-google\"><\/i><\/sup><\/a> Malcolm Coxall&#8230;<sup><a href=\"https:\/\/books.google.es\/books?id=kqxhDwAAQBAJ&amp;pg=PA376&amp;dq=%22tallaetes%22&amp;hl=ca&amp;newbks=1&amp;newbks_redir=0&amp;sa=X&amp;ved=2ahUKEwiA5OeT9J6JAxVbWEEAHctDKSkQ6AF6BAgKEAI#v=onepage&amp;q=%22tallaetes%22&amp;f=false\" target=\"_blank\" rel=\"noopener\"><i class=\"fab fa-google\"><\/i><\/a><\/sup> <\/div><\/div><\/li>\n<li>Arrop i Tallaetes, grup de m\u00fasica de Godella compost actualment per Tatiana Prades Castells i Joanet Esgarramentes (consulta: 11.11.2024) <a href=\"https:\/\/www.facebook.com\/arropitallaetes\/?locale=ca_ES\" target=\"_blank\" rel=\"noopener\"><i class=\"fab fa-facebook-square\"><\/i><\/a><\/li>\n<\/ul>\n<blockquote><p><em><strong>torr\u00e0<\/strong><\/em><\/p><\/blockquote>\n<ul>\n<li>\u00abLa <strong>torr\u00e0<\/strong>: m\u00e9s que una barbacoa\u00bb, <em>La cuina de Morera<\/em> (01.03.2023; consulta: 11.11.2024) <a href=\"https:\/\/www.apuntmedia.es\/programes\/la-cuina-de-morera\/sabors-tradicionals\/torra-una-barbacoa_134_1595334.html\" target=\"_blank\" rel=\"noopener\"><i class=\"fas fa-file-video\"><\/i><\/a><\/li>\n<li>\u00abAnem de <strong>torr\u00e0<\/strong>\u00bb, <em>La cuina de Morera,<\/em> \u00c0 Punt (25.01.2024; consulta: 11.11.2024) <a href=\"https:\/\/www.apuntmedia.es\/programes\/la-cuina-de-morera\/no-nomes-menjar\/anem-torra_134_1676329.html\" target=\"_blank\" rel=\"noopener\"><i class=\"fas fa-file-video\"><\/i><\/a><\/li>\n<li><em>\u00abRefer-se de la Dana\u00bb, <\/em>Amparo Fern\u00e1ndez,<em> \u00c0 Punt NTC,<\/em> \u00c0 Punt (08.11.2024; min. 31:00&#8230;; consulta: 11.11.2024): <a href=\"https:\/\/www.apuntmedia.es\/informatius\/a-punt-ntc\/complets\/video-08-11-2024-informatiu-nit_134_1743333.html\" target=\"_blank\" rel=\"noopener\"><i class=\"fas fa-file-video\"><\/i><\/a><br \/>\n\u00abA Alfafar, el que s&#8217;ha trobat Elisa Pascual i Paco Bernabeu ha sigut un grup de ve\u00efns que s&#8217;ha reunit per tal de fer una <strong>torr\u00e0<\/strong>, una torr\u00e0 de carn, menjar en germanor al carrer\u00bb<br \/>\n\u2013 \u00abTorr\u00e0 de germanor\u00bb, Elisa Pascual:<br \/>\n\u00abDins de la foscor de la nit, hem trobat una foguera a Alfalfar, un grup de ve\u00efns i ve\u00efnes intenta resorgir de les cendres, mai millor dit. Despr\u00e9s de molts dies sense descansar, s&#8217;han juntat per a sopar una <strong>torr\u00e0<\/strong> al carrer.\u00bb<\/li>\n<\/ul>\n","protected":false},"excerpt":{"rendered":"<p>La desin\u00e8ncia femenina -\u00e0 (reducci\u00f3 de la forma -ada; pl. -aes) dels participis i adjectius, i la desin\u00e8ncia -aor -aora (reducci\u00f3 de la forma -ador -adora; pl. m. -aors; pl. f. -aores) de noms i adjectius, \u00e9s un tret del valenci\u00e0 general. Segons Els parlars valencians de Beltran i Segura (2022): [&#8230;] una desena de [&hellip;]<\/p>\n","protected":false},"author":1,"featured_media":0,"comment_status":"open","ping_status":"open","sticky":false,"template":"","format":"standard","meta":{"footnotes":""},"categories":[35],"tags":[140,17,108,15,53],"class_list":["post-7035","post","type-post","status-publish","format-standard","hentry","category-lletra-d","tag-dialectes","tag-lexic","tag-morfologia","tag-registres","tag-revisions"],"post_mailing_queue_ids":[],"_links":{"self":[{"href":"https:\/\/www.cdlpv.org\/fitxes\/wp-json\/wp\/v2\/posts\/7035","targetHints":{"allow":["GET"]}}],"collection":[{"href":"https:\/\/www.cdlpv.org\/fitxes\/wp-json\/wp\/v2\/posts"}],"about":[{"href":"https:\/\/www.cdlpv.org\/fitxes\/wp-json\/wp\/v2\/types\/post"}],"author":[{"embeddable":true,"href":"https:\/\/www.cdlpv.org\/fitxes\/wp-json\/wp\/v2\/users\/1"}],"replies":[{"embeddable":true,"href":"https:\/\/www.cdlpv.org\/fitxes\/wp-json\/wp\/v2\/comments?post=7035"}],"version-history":[{"count":43,"href":"https:\/\/www.cdlpv.org\/fitxes\/wp-json\/wp\/v2\/posts\/7035\/revisions"}],"predecessor-version":[{"id":7467,"href":"https:\/\/www.cdlpv.org\/fitxes\/wp-json\/wp\/v2\/posts\/7035\/revisions\/7467"}],"wp:attachment":[{"href":"https:\/\/www.cdlpv.org\/fitxes\/wp-json\/wp\/v2\/media?parent=7035"}],"wp:term":[{"taxonomy":"category","embeddable":true,"href":"https:\/\/www.cdlpv.org\/fitxes\/wp-json\/wp\/v2\/categories?post=7035"},{"taxonomy":"post_tag","embeddable":true,"href":"https:\/\/www.cdlpv.org\/fitxes\/wp-json\/wp\/v2\/tags?post=7035"}],"curies":[{"name":"wp","href":"https:\/\/api.w.org\/{rel}","templated":true}]}}