{"id":7028,"date":"2024-08-09T20:30:07","date_gmt":"2024-08-09T18:30:07","guid":{"rendered":"https:\/\/www.cdlpv.org\/fitxes\/?p=7028"},"modified":"2024-08-09T12:24:00","modified_gmt":"2024-08-09T10:24:00","slug":"restricte-ta","status":"publish","type":"post","link":"https:\/\/www.cdlpv.org\/fitxes\/restricte-ta\/","title":{"rendered":"restricte -ta"},"content":{"rendered":"<figure id=\"attachment_7030\" aria-describedby=\"caption-attachment-7030\" style=\"width: 221px\" class=\"wp-caption alignleft\"><a href=\"https:\/\/ocpf.iec.cat\/obres\/40epistolari.pdf\"><img loading=\"lazy\" decoding=\"async\" class=\"wp-image-7030 size-full\" src=\"https:\/\/www.cdlpv.org\/fitxes\/wp-content\/uploads\/2024\/08\/restricte.png\" alt=\"\" width=\"221\" height=\"178\" \/><\/a><figcaption id=\"caption-attachment-7030\" class=\"wp-caption-text\">Retall de l&#8217;<em>Epistolari<\/em> de Pompeu Fabra (p. 407).<\/figcaption><\/figure>\n<p>El <abbr class=\"abbrevk\" title=\"Diccionari catal\u00e0-valenci\u00e0-balear\">dcvb<\/abbr> arreplega este adjectiu: <a href=\"https:\/\/dcvb.iec.cat\/results.asp?Word=restricte&amp;Id=123894&amp;search=restricte\" target=\"_blank\" rel=\"noopener\"><i class=\"fas fa-external-link-alt\"><\/i><\/a><\/p>\n<blockquote><p><strong>RESTRICTE, -ICTA<\/strong> <em>adj.<br \/>\n<\/em>Restret, limitat; molt redu\u00eft; cast. <i>restricto<\/i>.<br \/>\nEtim.: pres del llat\u00ed <i>restr\u012dctu<\/i>, &#8216;estret&#8217;.<\/p><\/blockquote>\n<p>A causa de la poca freq\u00fc\u00e8ncia d&#8217;\u00fas en general, este adjectiu no apareix en els diccionaris habituals. Sol utilitzar-se, tamb\u00e9 amb poca freq\u00fc\u00e8ncia, la forma negativa <i>irrestricte<\/i> &#8216;il\u00b7limitat&#8217;.<\/p>\n","protected":false},"excerpt":{"rendered":"<p>El dcvb arreplega este adjectiu: RESTRICTE, -ICTA adj. Restret, limitat; molt redu\u00eft; cast. restricto. Etim.: pres del llat\u00ed restr\u012dctu, &#8216;estret&#8217;. A causa de la poca freq\u00fc\u00e8ncia d&#8217;\u00fas en general, este adjectiu no apareix en els diccionaris habituals. Sol utilitzar-se, tamb\u00e9 amb poca freq\u00fc\u00e8ncia, la forma negativa irrestricte &#8216;il\u00b7limitat&#8217;.<\/p>\n","protected":false},"author":1,"featured_media":0,"comment_status":"open","ping_status":"open","sticky":false,"template":"","format":"standard","meta":{"footnotes":""},"categories":[44],"tags":[49,17,53],"class_list":["post-7028","post","type-post","status-publish","format-standard","hentry","category-lletra-r","tag-adjectius","tag-lexic","tag-revisions"],"post_mailing_queue_ids":[],"_links":{"self":[{"href":"https:\/\/www.cdlpv.org\/fitxes\/wp-json\/wp\/v2\/posts\/7028","targetHints":{"allow":["GET"]}}],"collection":[{"href":"https:\/\/www.cdlpv.org\/fitxes\/wp-json\/wp\/v2\/posts"}],"about":[{"href":"https:\/\/www.cdlpv.org\/fitxes\/wp-json\/wp\/v2\/types\/post"}],"author":[{"embeddable":true,"href":"https:\/\/www.cdlpv.org\/fitxes\/wp-json\/wp\/v2\/users\/1"}],"replies":[{"embeddable":true,"href":"https:\/\/www.cdlpv.org\/fitxes\/wp-json\/wp\/v2\/comments?post=7028"}],"version-history":[{"count":1,"href":"https:\/\/www.cdlpv.org\/fitxes\/wp-json\/wp\/v2\/posts\/7028\/revisions"}],"predecessor-version":[{"id":7031,"href":"https:\/\/www.cdlpv.org\/fitxes\/wp-json\/wp\/v2\/posts\/7028\/revisions\/7031"}],"wp:attachment":[{"href":"https:\/\/www.cdlpv.org\/fitxes\/wp-json\/wp\/v2\/media?parent=7028"}],"wp:term":[{"taxonomy":"category","embeddable":true,"href":"https:\/\/www.cdlpv.org\/fitxes\/wp-json\/wp\/v2\/categories?post=7028"},{"taxonomy":"post_tag","embeddable":true,"href":"https:\/\/www.cdlpv.org\/fitxes\/wp-json\/wp\/v2\/tags?post=7028"}],"curies":[{"name":"wp","href":"https:\/\/api.w.org\/{rel}","templated":true}]}}