{"id":6973,"date":"2024-07-03T20:30:44","date_gmt":"2024-07-03T18:30:44","guid":{"rendered":"https:\/\/www.cdlpv.org\/fitxes\/?p=6973"},"modified":"2024-07-05T08:13:49","modified_gmt":"2024-07-05T06:13:49","slug":"quixal","status":"publish","type":"post","link":"https:\/\/www.cdlpv.org\/fitxes\/quixal\/","title":{"rendered":"quixal"},"content":{"rendered":"<p><a href=\"https:\/\/www.cdlpv.org\/fitxes\/wp-content\/uploads\/2024\/07\/Quixal.png\"><img loading=\"lazy\" decoding=\"async\" class=\"size-full wp-image-6980 alignleft\" src=\"https:\/\/www.cdlpv.org\/fitxes\/wp-content\/uploads\/2024\/07\/Quixal.png\" alt=\"Quixal\" width=\"276\" height=\"161\" \/><\/a>La variant <em>quixal<\/em> \u00e9s d&#8217;\u00fas general en el llenguatge com\u00fa, cosa que ja indicava <em>El valenci\u00e0 del segle <span class=\"versaleta\">xix<\/span><\/em> de Josep Martines Peres (2000) <a href=\"https:\/\/books.google.es\/books?id=HNxS-NrlURcC&amp;pg=PA255&amp;dq=quixals&amp;hl=ca&amp;newbks=1&amp;newbks_redir=0&amp;sa=X&amp;ved=2ahUKEwi10OX144qHAxX71wIHHarOD-sQ6AF6BAgIEAI#v=onepage&amp;q=quixal&amp;f=false\" target=\"_blank\" rel=\"noopener\"><i class=\"fab fa-google\"><\/i><\/a>, t\u00e9 tamb\u00e9 usos especialitzats, com ara <em>quixal de gos<\/em> o <em>quixal de vella<\/em>, varietats de ra\u00efm, <a href=\"https:\/\/books.google.es\/books?id=Gt06quIM8jYC&amp;pg=PA295&amp;dq=quixal&amp;hl=ca&amp;newbks=1&amp;newbks_redir=0&amp;sa=X&amp;ved=2ahUKEwj329Wl5fuGAxUPSPEDHWDpDZk4FBDoAXoECAYQAg#v=onepage&amp;q=quixal&amp;f=false\" target=\"_blank\" rel=\"noopener\"><i class=\"fab fa-google\"><\/i><\/a> i \u00e9s la forma principal de les varietats occidentals de la llengua, tal com mostra l&#8217;<abbr class=\"abbrevk\" title=\"Atles ling\u00fc\u00edstic del domini catal\u00e0\">aldc<\/abbr>. <a href=\"https:\/\/aldc.espais.iec.cat\/files\/2013\/06\/Mapa-51.pdf\" target=\"_blank\" rel=\"noopener\"><i class=\"fas fa-file-pdf\"><\/i><\/a> La mateixa <span class=\"versaleta\" title=\"Acad\u00e8mia Valenciana de la Llengua\">avl<\/span> considera que \u00e9s una forma tradicional: <a href=\"https:\/\/www.avl.gva.es\/glossary\/queixal\/\" target=\"_blank\" rel=\"noopener\"><i class=\"fas fa-external-link-alt\"><\/i><\/a><\/p>\n<blockquote><p>La forma habitual de dir\u00a0<em>queixal<\/em>\u00a0en valenci\u00e0 \u00e9s\u00a0<em>quixal<\/em>. Es tracta d\u2019una variant documentada des de molt antic. Ja en 1440, Manuel D\u00ede\u00e7, en el seu\u00a0<em>Llibre de manescalia<\/em>, apuntava que \u00abA les mules se fa una\u00a0en los lambrots dess\u00fas de part dedins de prop los quixals\u00bb.<\/p><\/blockquote>\n<p>De moment (consulta: 03.07.2024), l&#8217;acad\u00e8mia no ha incorporat l&#8217;entrada <em>quixal<\/em> en el diccionari, encara que s\u00ed que la introdu\u00efx en les transcripcions fon\u00e8tiques de l&#8217;entrada <em>queixal:<\/em><\/p>\n<blockquote><p><strong>queixal<\/strong> [kej\u0283\u00e1l] o [ki\u0283\u00e1l]<\/blockquote>\n<p>Hem de pensar que la variant acabar\u00e0 tenint entrada en el diccionari, ja que <em>quixal<\/em> \u00e9s una forma que ha arribat a l&#8217;\u00fas literari actual:<\/p>\n<ul>\n<li><em>Miracles i espectres<\/em> de Joan Barcel\u00f3 i Culler\u00e9s (1981-2020): \u00abning\u00fa no va estrany\u00e0&#8217;s de trob\u00e0-la tota descomposta i de vere com los gatots de tots colors fugien salvatges per les finestres amb los <strong>quixals<\/strong> regalimant sang\u00bb <a href=\"https:\/\/books.google.es\/books?id=Nd0xEAAAQBAJ&amp;pg=PT89&amp;dq=quixals&amp;hl=ca&amp;newbks=1&amp;newbks_redir=0&amp;sa=X&amp;ved=2ahUKEwj5q-Kmi4uHAxVHB9sEHQFcA704FBDoAXoECA0QAg#v=onepage&amp;q&amp;f=false\" target=\"_blank\" rel=\"noopener\"><i class=\"fab fa-google\"><\/i><\/a><\/li>\n<\/ul>\n<p>I m\u00e9s modernament, <em>quixal <\/em>ha servit per a alternar amb <em>queixal <\/em>amb finalitat estil\u00edstica, tal com podem vore ara en la traducci\u00f3 del conte \u00abEl conegut\u00bb de Tx\u00e9khov (dins del llibre <em>24 contes,<\/em> tria i traducci\u00f3 d&#8217;Arnau Barios, 2021): <a href=\"https:\/\/books.google.es\/books?id=0glPEAAAQBAJ&amp;printsec=frontcover&amp;dq=arnau+barios+tx%C3%A9khov&amp;hl=ca&amp;newbks=1&amp;newbks_redir=0&amp;sa=X&amp;redir_esc=y#v=onepage&amp;q=arnau%20barios%20tx%C3%A9khov&amp;f=false\" target=\"_blank\" rel=\"noopener\"><i class=\"fab fa-google\"><\/i><\/a><\/p>\n<blockquote><p>\u2014No li recomano que se&#8217;l faci empastar&#8230; Aquest <strong>quixal<\/strong> igualment ja no li servir\u00e0 de <strong>re<\/strong>.<br \/>\nDespr\u00e9s de furgar-li una mica m\u00e9s el <strong>queixal<\/strong> i d&#8217;empastifar-li els llavis i les genives amb els dits bruts de tabac, el Finkel va tornar a aguantar-se la respiraci\u00f3 i li va introduir a la boca una cosa freda&#8230; La Wanda va notar una fiblada terrible, va cridar i es va arrapar al bra\u00e7 del Finkel.<br \/>\n\u2014No \u00e9s <strong>re<\/strong>, no \u00e9s <strong>re<\/strong>&#8230; \u2014rondinava ell\u2014. No se m&#8217;espanti&#8230; Ja no li hauria fet cap profit, aquest <strong>quixal<\/strong>, hem de ser valents.<\/p>\n<div class=\"su-note small\"  style=\"border-color:#90bfa5;border-radius:3px;-moz-border-radius:3px;-webkit-border-radius:3px;\"><div class=\"su-note-inner su-u-clearfix su-u-trim\" style=\"background-color:#aad9bf;border-color:#ffffff;color:#333333;border-radius:3px;-moz-border-radius:3px;-webkit-border-radius:3px;\"> <strong>Nota <span class=\"versaleta\"><em>fdt<\/em><\/span>.<\/strong> No he sabut distingir en el text rus (\u00ab\u041d\u0430\u0441\u0442\u0430\u0441\u044c\u044f \u041a\u0430\u043d\u0430\u0432\u043a\u0438\u043d\u0430\u00bb) la causa d&#8217;eixa alternan\u00e7a de formes. <a href=\"https:\/\/ru.wikisource.org\/wiki\/%D0%A0%D0%B0%D1%81%D1%81%D0%BA%D0%B0%D0%B7%D1%8B_%D0%B8_%D1%8E%D0%BC%D0%BE%D1%80%D0%B5%D1%81%D0%BA%D0%B8_1886_%D0%B3_(%D0%A7%D0%B5%D1%85%D0%BE%D0%B2)\" target=\"_blank\" rel=\"noopener\"><i class=\"fas fa-external-link-alt\"><\/i><\/a> <\/div><\/div><\/blockquote>\n<p>En contrast amb l&#8217;abs\u00e8ncia de la forma\u00a0<em>quixal<\/em> en els diccionaris, podem trobar en este mateix relat la forma \u00abre\u00bb (&#8216;res&#8217;), que no apareix encara en el <abbr class=\"abbrevk\" title=\"Diccionari normatiu valenci\u00e0\">dnv<\/abbr>, per\u00f2 s\u00ed que t\u00e9 entrada en el <abbr class=\"abbrevk\" title=\"Diccionari de la llengua catalana\">diec<\/abbr>: <a href=\"https:\/\/dlc.iec.cat\/Results?DecEntradaText=re#\" target=\"_blank\" rel=\"noopener\"><i class=\"fas fa-external-link-alt\"><\/i><\/a><\/p>\n<blockquote><p><strong>re<\/strong><sup>2<br \/>\n<\/sup><em>pron.<\/em> <span class=\"versaleta\" title=\"L\u00e8xic com\u00fa\">[lc]<\/span> Res\u00b9.<\/p><\/blockquote>\n","protected":false},"excerpt":{"rendered":"<p>La variant quixal \u00e9s d&#8217;\u00fas general en el llenguatge com\u00fa, cosa que ja indicava El valenci\u00e0 del segle xix de Josep Martines Peres (2000) , t\u00e9 tamb\u00e9 usos especialitzats, com ara quixal de gos o quixal de vella, varietats de ra\u00efm, i \u00e9s la forma principal de les varietats occidentals de la llengua, tal com [&hellip;]<\/p>\n","protected":false},"author":1,"featured_media":0,"comment_status":"open","ping_status":"open","sticky":false,"template":"","format":"standard","meta":{"footnotes":""},"categories":[70],"tags":[140,17,15],"class_list":["post-6973","post","type-post","status-publish","format-standard","hentry","category-lletra-q","tag-dialectes","tag-lexic","tag-registres"],"post_mailing_queue_ids":[],"_links":{"self":[{"href":"https:\/\/www.cdlpv.org\/fitxes\/wp-json\/wp\/v2\/posts\/6973","targetHints":{"allow":["GET"]}}],"collection":[{"href":"https:\/\/www.cdlpv.org\/fitxes\/wp-json\/wp\/v2\/posts"}],"about":[{"href":"https:\/\/www.cdlpv.org\/fitxes\/wp-json\/wp\/v2\/types\/post"}],"author":[{"embeddable":true,"href":"https:\/\/www.cdlpv.org\/fitxes\/wp-json\/wp\/v2\/users\/1"}],"replies":[{"embeddable":true,"href":"https:\/\/www.cdlpv.org\/fitxes\/wp-json\/wp\/v2\/comments?post=6973"}],"version-history":[{"count":15,"href":"https:\/\/www.cdlpv.org\/fitxes\/wp-json\/wp\/v2\/posts\/6973\/revisions"}],"predecessor-version":[{"id":6994,"href":"https:\/\/www.cdlpv.org\/fitxes\/wp-json\/wp\/v2\/posts\/6973\/revisions\/6994"}],"wp:attachment":[{"href":"https:\/\/www.cdlpv.org\/fitxes\/wp-json\/wp\/v2\/media?parent=6973"}],"wp:term":[{"taxonomy":"category","embeddable":true,"href":"https:\/\/www.cdlpv.org\/fitxes\/wp-json\/wp\/v2\/categories?post=6973"},{"taxonomy":"post_tag","embeddable":true,"href":"https:\/\/www.cdlpv.org\/fitxes\/wp-json\/wp\/v2\/tags?post=6973"}],"curies":[{"name":"wp","href":"https:\/\/api.w.org\/{rel}","templated":true}]}}