{"id":6915,"date":"2024-06-14T20:30:53","date_gmt":"2024-06-14T18:30:53","guid":{"rendered":"https:\/\/www.cdlpv.org\/fitxes\/?p=6915"},"modified":"2025-08-04T09:07:06","modified_gmt":"2025-08-04T07:07:06","slug":"assagador","status":"publish","type":"post","link":"https:\/\/www.cdlpv.org\/fitxes\/assagador\/","title":{"rendered":"assagador"},"content":{"rendered":"<figure id=\"attachment_6934\" aria-describedby=\"caption-attachment-6934\" style=\"width: 261px\" class=\"wp-caption alignleft\"><a href=\"https:\/\/maps.app.goo.gl\/FewS7q8F8ND89VkM8\"><img loading=\"lazy\" decoding=\"async\" class=\"wp-image-6934 size-medium\" src=\"https:\/\/www.cdlpv.org\/fitxes\/wp-content\/uploads\/2024\/06\/Assagador-monges-261x300.png\" alt=\"Assagador de les Monges\" width=\"261\" height=\"300\" srcset=\"https:\/\/www.cdlpv.org\/fitxes\/wp-content\/uploads\/2024\/06\/Assagador-monges-261x300.png 261w, https:\/\/www.cdlpv.org\/fitxes\/wp-content\/uploads\/2024\/06\/Assagador-monges.png 304w\" sizes=\"auto, (max-width: 261px) 100vw, 261px\" \/><\/a><figcaption id=\"caption-attachment-6934\" class=\"wp-caption-text\"><span style=\"font-size: 10pt;\">Carrer de l&#8217;Assagador de les Monges a Val\u00e8ncia.\/Imatge extreta de Google Maps<\/span>.<\/figcaption><\/figure>\n<p>Els diccionaris han anat variant la forma considerara preferent per a denominar esta classe de via pecu\u00e0ria: <em>assagador <\/em>i<em> assegador.<\/em><\/p>\n<p>La versi\u00f3 actual de la prefer\u00e8ncia entre <em>assagador<\/em> i <em>assegador<\/em> \u00e9s:<\/p>\n<table style=\"width: 100%;\" border=\"1\" cellspacing=\"2\" cellpadding=\"3\" align=\"center\">\n<tbody>\n<tr>\n<th style=\"width: 36.7025%;\"><em>assagador<\/em><\/th>\n<th style=\"width: 36.0573%;\"><em>assagador <\/em><strong>(<\/strong>o<em> assegador<\/em>)<\/th>\n<th style=\"width: 26.5233%;\"><em>assegador<\/em><\/th>\n<\/tr>\n<tr>\n<td style=\"width: 36.7025%;\">[versions antigues d&#8217;alguns diccionaris], <abbr class=\"abbrevk\" title=\"'Diccionari general' de Francesc Ferrer Pastor\">dgfpastor<\/abbr><\/td>\n<td style=\"width: 36.0573%;\"><em><abbr class=\"abbrevk\" title=\"Diccionari catal\u00e0-valenci\u00e0-balear\">dcvb<\/abbr>, <abbr class=\"abbrevk\" title=\"'Diccionari valenci\u00e0' de la Generalitat valenciana\">dval, <abbr class=\"abbrevk\" title=\"Diccionari normatiu valenci\u00e0\">dnv<\/abbr><br \/>\n<\/abbr><\/em><\/td>\n<td style=\"width: 26.5233%;\"><abbr class=\"abbrevk\" title=\"Diccionari de la llengua catalana\">diec<\/abbr>, <abbr class=\"abbrevk\" title=\"Gran diccionari de la llengua catalana\">gdlc<\/abbr>, <abbr class=\"abbrevk\" title=\"Gran diccionari 62 de la llengua catalana\">gd62<\/abbr>, <abbr class=\"abbrevk\" title=\"Diccionari del programa de traducci\u00f3 Salt\">salt<\/abbr><\/td>\n<\/tr>\n<\/tbody>\n<\/table>\n<div class=\"su-note small\"  style=\"border-color:#90bfa5;border-radius:3px;-moz-border-radius:3px;-webkit-border-radius:3px;\"><div class=\"su-note-inner su-u-clearfix su-u-trim\" style=\"background-color:#aad9bf;border-color:#ffffff;color:#333333;border-radius:3px;-moz-border-radius:3px;-webkit-border-radius:3px;\"> Sobre la classificaci\u00f3 dels camins ramaders, vegeu la fitxa \u00abVies pecu\u00e0ries\u00bb. <a href=\"https:\/\/www.cdlpv.org\/fitxes\/vies-pecuaries\/\" target=\"_blank\" rel=\"noopener\"><i class=\"fas fa-external-link-square-alt\"><\/i><\/a><\/div><\/div>\n<h3>La forma m\u00e9s abundant: <em>assagador<\/em><\/h3>\n<p>Localitzem de manera m\u00e9s abundant la forma <em>assagador<\/em> com a nom propi en topon\u00edmia:<\/p>\n<blockquote><p>cam\u00ed de l&#8217;Assagador (Alginet)<br \/>\ncam\u00ed Assagador (Tavernes de la Valldigna)<br \/>\ncam\u00ed Assagador de la Tancada (Gandia)<br \/>\nbassa de l&#8217;Assagador (la Salzadella)<br \/>\n[per\u00f2 cam\u00ed de l&#8217;Assegador a Xal\u00f3]<\/blockquote>\n<p>Tant en l&#8217;\u00fas com a nom propi i en l&#8217;\u00fas com a gen\u00e8ric, la forma m\u00e9s abundant en el repertori valenci\u00e0 \u00e9s <em>assagador<\/em>: <a href=\"https:\/\/cse.google.com\/cse?cx=010489056890166998602%3Aitww8bo8rek&amp;ie=ISO-8859-1&amp;q=assegador&amp;sa=Cerca+en+l%27AVL\" target=\"_blank\" rel=\"noopener\"><i class=\"fas fa-external-link-alt\"><\/i><\/a><\/p>\n<blockquote><p>assegador de la Ratlla (Almassora)<br \/>\nassegador de la Cova Roja (Benassal)<br \/>\nasssegador de la Barraca (Carcaixent)<br \/>\nassegador de la Llonganissa (X\u00e0tiva)<\/p>\n<hr \/>\n<p>assagador de la Paridera (Benifai\u00f3)<br \/>\nassagador de la Canyadeta (Canals)<br \/>\nassagador del Clot de Segarra (Oliva)<br \/>\nassagador Real (la Salzadella)<br \/>\nassagador de la Foia del Mol\u00ed (Suera)<br \/>\nassagador de la Cuta (Vilallonga)<\/p>\n<div>[Font: <em>Topon\u00edmia dels pobles valencians<\/em> <span class=\"versaleta\">(avl)<\/span>]<\/div>\n<\/blockquote>\n<p>El\u00a0<em><abbr class=\"abbrevk\" title=\"Diccionari catal\u00e0-valenci\u00e0-balear\">dcvb<\/abbr><\/em> <a href=\"https:\/\/dcvb.iec.cat\/results.asp?Word=assagador&amp;Id=16170&amp;search=assagador\" target=\"_blank\" rel=\"noopener\"><i class=\"fas fa-external-link-alt\"><\/i><\/a> remet d&#8217;<em>assegador<\/em> a <em>assagador<\/em> i dona les pron\u00fancies i localitzacions seg\u00fcents:<\/p>\n<blockquote><p>Fon.: asa\u0263a\u00f0\u00f3 (Calasseit, Morella); asa\u0263a\u00f0\u00f3\u027e (Castell\u00f3, Val\u00e8ncia); asa\u0263a\u00f3\u027e (Val\u00e8ncia); ase\u0263a\u00f0\u00f3 (Benassal).<\/p><\/blockquote>\n<p>Eixa indicaci\u00f3 del\u00a0<em><abbr class=\"abbrevk\" title=\"Diccionari catal\u00e0-valenci\u00e0-balear\">dcvb<\/abbr><\/em> no coincidix amb el que indica el <em><abbr class=\"versaleta\" title=\"Diccionari etimol\u00f2gic i complementari de la llengua catalana\">dcorom<\/abbr><\/em> (veg. m\u00e9s avall). L&#8217;<abbr class=\"abbrevk\" title=\"Atles ling\u00fc\u00edstic del domini catala\u00e0\">aldc<\/abbr> oferix un panorama extens per a diverses denominacions dels camins ramaders. <a href=\"https:\/\/aldc.espais.iec.cat\/files\/2013\/06\/Mapa-700.pdf\" target=\"_blank\" rel=\"noopener\"><i class=\"fas fa-file-pdf\"><\/i><\/a> Quant al Pa\u00eds Valenci\u00e0, podem detallar m\u00e9s el panorama oferit les dades de l&#8217;atles. <a href=\"https:\/\/www.einesdellengua.com\/Fitxes\/Textos\/Arxius\/assegador-pv.htm\" target=\"_blank\" rel=\"noopener\"><i class=\"fas fa-external-link-alt\"><\/i><\/a><\/p>\n<p><span class=\"versaleta\">Colomina<\/span> recull la forma <em>assegador:<\/em><\/p>\n<blockquote><p><strong>assegador<\/strong> (Alt, Tarb, la Vila, Brm). RLlorens defineix aix\u00ed l&#8217;<em>assega(d)or:<\/em>&#8220;cam\u00ed per al pas de ramat; solia usar terrenys o llocs de plan\u00edssia, com ara barrancs o secans; generalment no era terra de ning\u00fa&#8221;. Apareix com a introductor de nombrosos NLL a Callosa, Benidorm, etc.<\/p><\/blockquote>\n<p>El <span class=\"versaleta\">dcorom<\/span> fa les reflexions seg\u00fcents (en resum): <a href=\"https:\/\/decat.iec.cat\/llista_termes.asp?limit=1&amp;terme=assagador&amp;button=Cercar\" target=\"_blank\" rel=\"noopener\"><i class=\"fas fa-external-link-alt\"><\/i><\/a><\/p>\n<blockquote><p><em>Assagador<\/em> o m\u00e9s aviat <em>assegador<\/em> &#8216;cam\u00ed tradicional de bestiar&#8217; ha estat sovint interpretat com un derivat de <em>saga,<\/em> potser amb ra\u00f3, per\u00f2 almenys \u00e9s cosa ben dubtosa. [&#8230;]\n<p>A la Vall de Gallinera puj\u00e0rem llarga estona per un <em>as\u1eb9ga\u00f3r<\/em> que era empedrat, com si fos una antiga cal\u00e7ada romana o visig\u00f2tica. [&#8230;]\n<p>S&#8217;observa que uns diuen <em>assagador<\/em> i altre <em>assegador<\/em>. J. G. M. escrivia el 1956: \u00abals afores de Val., a Gandia etc. <em>assagador; <\/em>molts, per\u00f2, en diuen <em>assegador:<\/em> Maestrat, Ll\u00edria, Carlet\u00bb; el 1960 rectifica una mica: \u00abvulgarment solen dir m\u00e9s <em>assegaor<\/em>\u00bb. [&#8230;]\n<p>En efecte aix\u00f2 \u00e9s el que he pogut comprovar, i en una proporci\u00f3 considerable: amb <em>a<\/em> a 19 poblacions, a 2 ho vaig sentir de totes dues formes, i en 63 nom\u00e9s amb <em>e. <\/em>[&#8230;]<em><br \/>\n<\/em><\/p><\/blockquote>\n","protected":false},"excerpt":{"rendered":"<p>Els diccionaris han anat variant la forma considerara preferent per a denominar esta classe de via pecu\u00e0ria: assagador i assegador. La versi\u00f3 actual de la prefer\u00e8ncia entre assagador i assegador \u00e9s: assagador assagador (o assegador) assegador [versions antigues d&#8217;alguns diccionaris], dgfpastor dcvb, dval, dnv diec, gdlc, gd62, salt La forma m\u00e9s abundant: assagador Localitzem de [&hellip;]<\/p>\n","protected":false},"author":1,"featured_media":0,"comment_status":"open","ping_status":"open","sticky":false,"template":"","format":"standard","meta":{"footnotes":""},"categories":[18],"tags":[140,17,53,91],"class_list":["post-6915","post","type-post","status-publish","format-standard","hentry","category-lletra-a","tag-dialectes","tag-lexic","tag-revisions","tag-substantius"],"post_mailing_queue_ids":[],"_links":{"self":[{"href":"https:\/\/www.cdlpv.org\/fitxes\/wp-json\/wp\/v2\/posts\/6915","targetHints":{"allow":["GET"]}}],"collection":[{"href":"https:\/\/www.cdlpv.org\/fitxes\/wp-json\/wp\/v2\/posts"}],"about":[{"href":"https:\/\/www.cdlpv.org\/fitxes\/wp-json\/wp\/v2\/types\/post"}],"author":[{"embeddable":true,"href":"https:\/\/www.cdlpv.org\/fitxes\/wp-json\/wp\/v2\/users\/1"}],"replies":[{"embeddable":true,"href":"https:\/\/www.cdlpv.org\/fitxes\/wp-json\/wp\/v2\/comments?post=6915"}],"version-history":[{"count":9,"href":"https:\/\/www.cdlpv.org\/fitxes\/wp-json\/wp\/v2\/posts\/6915\/revisions"}],"predecessor-version":[{"id":7614,"href":"https:\/\/www.cdlpv.org\/fitxes\/wp-json\/wp\/v2\/posts\/6915\/revisions\/7614"}],"wp:attachment":[{"href":"https:\/\/www.cdlpv.org\/fitxes\/wp-json\/wp\/v2\/media?parent=6915"}],"wp:term":[{"taxonomy":"category","embeddable":true,"href":"https:\/\/www.cdlpv.org\/fitxes\/wp-json\/wp\/v2\/categories?post=6915"},{"taxonomy":"post_tag","embeddable":true,"href":"https:\/\/www.cdlpv.org\/fitxes\/wp-json\/wp\/v2\/tags?post=6915"}],"curies":[{"name":"wp","href":"https:\/\/api.w.org\/{rel}","templated":true}]}}