{"id":6872,"date":"2024-06-14T20:30:07","date_gmt":"2024-06-14T18:30:07","guid":{"rendered":"https:\/\/www.cdlpv.org\/fitxes\/?p=6872"},"modified":"2024-06-17T09:52:49","modified_gmt":"2024-06-17T07:52:49","slug":"vies-pecuaries","status":"publish","type":"post","link":"https:\/\/www.cdlpv.org\/fitxes\/vies-pecuaries\/","title":{"rendered":"vies pecu\u00e0ries"},"content":{"rendered":"<figure id=\"attachment_6930\" aria-describedby=\"caption-attachment-6930\" style=\"width: 281px\" class=\"wp-caption alignleft\"><a href=\"https:\/\/www.enciclopedia.cat\/historia.-politica-societat-i-cultura-dels-paisos-catalans\/camins-ramaders\"><img loading=\"lazy\" decoding=\"async\" class=\"wp-image-6930 \" src=\"https:\/\/www.cdlpv.org\/fitxes\/wp-content\/uploads\/2024\/06\/Camins-ramaders-300x287.png\" alt=\"\" width=\"281\" height=\"269\" srcset=\"https:\/\/www.cdlpv.org\/fitxes\/wp-content\/uploads\/2024\/06\/Camins-ramaders-300x287.png 300w, https:\/\/www.cdlpv.org\/fitxes\/wp-content\/uploads\/2024\/06\/Camins-ramaders.png 414w\" sizes=\"auto, (max-width: 281px) 100vw, 281px\" \/><\/a><figcaption id=\"caption-attachment-6930\" class=\"wp-caption-text\"><span style=\"font-size: 10pt;\">Camins ramaders valencians del segle XVII.\/Enciclop\u00e8dia.cat<\/span>.<\/figcaption><\/figure>\n<p>La terminologia general aplicada en l&#8217;equival\u00e8ncia entre idiomes de les denominacions de les vies pecu\u00e0ries ( segons la Llei 3\/2014 (<abbr class=\"abbrevk\" title=\"Diari Oficial de la Generalitat Valenciana\">dogv<\/abbr> 7.379, 17.07.2014) \u00e9s la seg\u00fcent: <a href=\"https:\/\/dogv.gva.es\/portal\/ficha_disposicion.jsp?L=0&amp;sig=006516%2F2014&amp;url_lista=\" target=\"_blank\" rel=\"noopener\"><i class=\"fas fa-external-link-alt\"><\/i><\/a><\/p>\n<table>\n<tbody>\n<tr>\n<td><strong>valenci\u00e0-catal\u00e0<\/strong><\/td>\n<td><strong>castell\u00e0-espanyol<\/strong><\/td>\n<\/tr>\n<tr>\n<td width=\"360\"><strong>canyades<\/strong>: <a href=\"https:\/\/www.cdlpv.org\/fitxes\/canyada\" target=\"_blank\" rel=\"noopener\"><i class=\"fas fa-file\"><\/i><\/a> s\u00f3n les vies pecu\u00e0ries amb una ampl\u00e0ria no superior a 75 metres.<\/td>\n<td width=\"360\"><strong>ca\u00f1adas<\/strong>: son las v\u00edas pecuarias con una anchura no superior a 75 metros.<\/td>\n<\/tr>\n<tr>\n<td width=\"360\"><strong>carrerades<\/strong>: s\u00f3n les vies pecu\u00e0ries amb una ampl\u00e0ria no superior a 37,5 metres.<\/td>\n<td width=\"360\"><strong>cordeles<\/strong>: son las v\u00edas pecuarias con una anchura no superior a 37,5 metros.<\/td>\n<\/tr>\n<tr>\n<td width=\"360\"><strong>veredes <\/strong><a href=\"https:\/\/www.cdlpv.org\/fitxes\/vereda\" target=\"_blank\" rel=\"noopener\"><i class=\"fas fa-file\"><\/i><\/a> o\u00a0<strong>assagadors<\/strong>: s\u00f3n les vies pecu\u00e0ries amb una ampl\u00e0ria no superior a 20 metres.<\/td>\n<td width=\"360\"><strong>veredas<\/strong>\u00a0o\u00a0<strong>azagadores<\/strong>: son las v\u00edas pecuarias con una anchura no superior a 20 metros.<\/td>\n<\/tr>\n<tr>\n<td width=\"360\"><strong>carrerasses<\/strong>: s\u00f3n les vies pecu\u00e0ries, l\u2019ampl\u00e0ria de les quals ser\u00e0 la que es determine en l\u2019acte de classificaci\u00f3.<\/td>\n<td width=\"360\"><strong>coladas<\/strong>: son las v\u00edas pecuarias, cuya anchura ser\u00e1 la que se determine en el acto de clasificaci\u00f3n.<\/td>\n<\/tr>\n<tr>\n<td width=\"360\">Estes denominacions s\u00f3n compatibles amb altres com ara la de <em>via pecu\u00e0ria real, cam\u00ed de l\u2019empriu, cam\u00ed del realenc, pas ramader, bra\u00e7 d\u2019assagador, fillola, cam\u00ed ramader, pletes, mallades, abeuradors, cam\u00ed de bestiar, cam\u00ed o assagador d\u2019herbatge, lligallo, carrerada, carrerassa <\/em>o<em> cabanera<\/em>.<\/td>\n<td width=\"360\">Estes denominacions s\u00f3n compatibles amb altres com ara la de <em>paso ganadero, camino ganadero, majadas, abrevaderos, ligallo <\/em>o <em>caba\u00f1era<\/em>.<\/td>\n<\/tr>\n<\/tbody>\n<\/table>\n<p>Les correspond\u00e8ncies habituals anteriors en la traducci\u00f3 dels gen\u00e8rics en el <em><span class=\"versaleta\">dogv<\/span><\/em> (fins a l\u2019any 1994, aproximadament) eren:<\/p>\n<table class=\" aligncenter\" style=\"width: 52.8385%; height: 706px;\" border=\"0\" cellspacing=\"2\" cellpadding=\"3\" align=\"center\">\n<tbody>\n<tr>\n<th style=\"width: 100%;\">[castell\u00e0-espanyol &gt; valenci\u00e0-catal\u00e0]<\/th>\n<\/tr>\n<tr>\n<td style=\"width: 100%;\"><em>abrevadero &gt;\u00a0<\/em>abeurador.<\/td>\n<\/tr>\n<tr>\n<td style=\"width: 100%;\"><em>azagador &gt;\u00a0<\/em>assegador (carrerada)*<\/td>\n<\/tr>\n<tr>\n<td style=\"width: 100%;\"><em>ca\u00f1ada &gt;\u00a0<\/em>assegador (carrerada)<\/td>\n<\/tr>\n<tr>\n<td style=\"width: 100%;\"><em>ca\u00f1ada real\u00a0<\/em>(sin. de\u00a0<em>ca\u00f1ada<\/em>) &gt; assegador real, cam\u00ed real<\/td>\n<\/tr>\n<tr>\n<td style=\"width: 100%;\"><em>colada &gt;\u00a0<\/em>assegador (carrerada)<\/td>\n<\/tr>\n<tr>\n<td style=\"width: 100%;\"><em>cordel &gt;\u00a0<\/em>carrerada (assegador)<\/td>\n<\/tr>\n<tr>\n<td style=\"width: 100%;\"><em>descansadero &gt;\u00a0<\/em>descansador<\/td>\n<\/tr>\n<tr>\n<td style=\"width: 100%;\"><em>galiana\u00a0<\/em>&gt; assegador (carrerada)<\/td>\n<\/tr>\n<tr>\n<td style=\"width: 100%;\"><em>paso &gt;\u00a0<\/em>pas<\/td>\n<\/tr>\n<tr>\n<td style=\"width: 100%;\"><em>vereda\u00a0<\/em>&gt; sendera (vereda)<\/td>\n<\/tr>\n<tr>\n<td style=\"width: 100%;\"><div class=\"su-note small\"  style=\"border-color:#90bfa5;border-radius:3px;-moz-border-radius:3px;-webkit-border-radius:3px;\"><div class=\"su-note-inner su-u-clearfix su-u-trim\" style=\"background-color:#aad9bf;border-color:#ffffff;color:#333333;border-radius:3px;-moz-border-radius:3px;-webkit-border-radius:3px;\"><strong>* Nota<abbr class=\"abbrevk\" title=\"Fitxes de Dubtes i Terminologia\"><em> fdt<\/em><\/abbr><span class=\"versaleta\"><em>.<\/em><\/span><\/strong> La forma utilitzada era <em>assagador,<\/em>\u00a0forma que fou posteriorment (1995) modificada i fixada per la normativa com a\u00a0<em>assegador<\/em> (<abbr title=\"Gran diccionari de la llengua catalana\" class=\"abbrevk\">gdlc<\/abbr>, <abbr title=\"Diccionari de la llengua catalana de l'IEC\" class=\"abbrevk\">diec<\/abbr>, <span title=\"Diccionari del programa de traducci\u00f3 Salt\">Salt<\/span>). Posteriorment (consulta: 28.11.2014), el <em><span class=\"versaleta\">dnv<\/span><\/em>\u00a0de l&#8217;<span class=\"versaleta\">avl<\/span> va incloure les dos formes: <em>assagador<\/em>\u00a0i\u00a0<em>assegador<\/em>. <a title=\"Fitxa sobre esta paraula\" href=\"https:\/\/www.cdlpv.org\/fitxes\/assagador\/\" target=\"_blank\" rel=\"noopener\"><i class=\"fas fa-external-link-square-alt\"><\/i><\/a><\/div><\/div><\/td>\n<\/tr>\n<\/tbody>\n<\/table>\n<h3>La paraula <em>lligallo<\/em><\/h3>\n<p>La classificaci\u00f3 fins a l&#8217;any 1994 estava incompleta, si mirem la varietat de denominacions que reben els camins ramaders. Per exemple, no hi apareix el terme <em>lligallo<\/em>* (o altres), fet que podem i\u0140lustrar en <em>Vinar\u00f2s News <\/em>(2002):<\/p>\n<blockquote><p>Una de les paraules ben vives en el tortos\u00ed i que en altres \u00e0rees catalanes \u00e9s totalment desconeguda \u00e9s\u00a0<em>lligallo<\/em>. L\u2019origen d\u2019aquesta paraula cal buscar-lo a l\u2019Edat Mitjana quan designava una instituci\u00f3 aragonesa antiga dedicada a la conservaci\u00f3 i foment de la ramaderia que es va estendre a Morella (1271), Tortosa i el Maestrat. Avui dia, equival a &#8216;carrerada o cam\u00ed ramader&#8217;, tot i que a Freginals, el Poblenou i Santa B\u00e0rbara tamb\u00e9 se l\u2019anomena\u00a0<em>sendera;<\/em>\u00a0a Alcanar,\u00a0<em>cam\u00ed trencat;<\/em>\u00a0i a la R\u00e0pita,\u00a0<em>canyada<\/em>. La Serra de Montsi\u00e0 \u00e9s plena de lligallos, molts dels quals s\u2019han incorporat al mapa que s\u2019ha editat, per\u00f2 d\u2019altres no, com \u00e9s el cas de lo lligallo del Carrer\u00f3, a Alcanar, lo lligallo del barranc de Lled\u00f3 a Mas de Barberans o lo lligallo de Traiguera, a Ulldecona.<\/p>\n<p>En la topon\u00edmia major d\u2019aquestes terres tamb\u00e9 hi s\u00f3n presents, segons apunta Buj, aix\u00ed a Camarles existeixen dos nuclis de poblaci\u00f3 que s\u2019anomenen Lligallo del G\u00e0nguil, que al cartell indicador apareix mal retolat sense l\u2019accent, i Lligallo del Roig. Joaquim Virgili, un dels coautors del mapa, destaca \u00abla import\u00e0ncia que t\u00e9 la conservaci\u00f3 i senyalitzaci\u00f3 d\u2019aquestes vies pecu\u00e0ries, encara que no apareguen en cartografia, ja que els tra\u00e7ats viaris es fan sense tindre en compte aquestes vies de pas d\u2019animals\u00bb. (<a href=\"http:\/\/news.vinaros.net\/ehtml\/p_altrespobles_23122.htm\">\u00abLa Universitat de Val\u00e8ncia publica un estudi sobre el Montsi\u00e0 de la fil\u00f2loga d&#8217;Alcanar \u00c0ngela Buj\u00bb<\/a> de Joaquim Buj)<\/p><\/blockquote>\n<p class=\"nota\"><div class=\"su-note small\"  style=\"border-color:#90bfa5;border-radius:3px;-moz-border-radius:3px;-webkit-border-radius:3px;\"><div class=\"su-note-inner su-u-clearfix su-u-trim\" style=\"background-color:#aad9bf;border-color:#ffffff;color:#333333;border-radius:3px;-moz-border-radius:3px;-webkit-border-radius:3px;\">* <strong>Nota <span class=\"versaleta\"><em>fdt<\/em><\/span>.<\/strong> La paraula castellana <em>ligallo<\/em>\u00a0no apareix en el\u00a0<span class=\"versaleta\"><em>drae<\/em><\/span> (consulta: 28.11.2014; 05.06.2024), per\u00f2 s\u00ed que la recull el diccionari de Mar\u00eda Moliner:<\/p>\n<blockquote><p><strong>ligallo<\/strong>\u00a0(del sup. lat. \u00abligaculum\u00bb, de \u00abligare\u00bb, atar; Ar.) m.\u00a0<em>Junta anual de ganaderos y pastores que se celebraba antiguamente.<\/em> Ganado.<\/div><\/div><\/blockquote>\n<p>Quant al\u00a0<em>lligallo<\/em>, podem llegir en el <abbr class=\"abbrevk\" title=\"Diccionari etimol\u00f2gic i complementari de la llengua catalana\">dcorom<\/abbr> en diverses entrades:<\/p>\n<blockquote><p><code>[s. v. <em>carro<\/em>]<\/code>\u00a0<em> Lligallo<\/em> es diu per a \u2019carrerada\u2019 a la Tinen\u00e7a de Benifass\u00e0, assegador en general a tota la comarca Ports de M. i molts punts ve\u00efns en el Maestr., <em>carr(er)assa<\/em> o <em>camin\u00e0s<\/em> a molts pobles del SE. del Maestr., <em>pas<\/em> o <em>pas de ganao<\/em> a diversos pobles del SO. del Maestr. i Pla de Vilafam\u00e9s, i tamb\u00e9 <em>cam\u00ed rel<\/em>. (1961). <a href=\"https:\/\/decat.iec.cat\/documents\/II\/597.pdf\" target=\"_blank\" rel=\"noopener\"><i class=\"fas fa-file-pdf\"><\/i><\/a><\/p>\n<p><code>[s. v. <em>lligar<\/em>]<\/code> <em>Lligallo,<\/em> mot com\u00fa amb el b-aragon\u00e8s, d&#8217;origen moss\u00e0rab\u00a0 (per aix\u00f2\u00a0<em>-o<\/em>\u00a0conservada)**: [&#8230;] a Morella s&#8217;havia institu\u00eft el\u00a0<em>lligallo<\/em>\u00a0el 1270 (<em>BABL<\/em>\u00a0<span class=\"versaleta\">xii<\/span>, 55); veg. la \u00abcarta d&#8217;avinen\u00e7a del ligalo entre Tortosa e Uldecona\u00bb de 1419 en el\u00a0<em>Llibre de Privilegis<\/em>\u00a0d&#8217;Ulldecona (p. 185); en els Establiments de la Torre del Comte (Matarranya), de 1503, hi ha 23 articles dedicats al\u00a0<em>ligallo<\/em> [&#8230;]. <a href=\"https:\/\/decat.iec.cat\/veuredoc.asp?id=147213\" target=\"_blank\" rel=\"noopener\"><i class=\"fas fa-file-pdf\"><\/i><\/a><\/p>\n<p><code>[s. v. <em>saga<\/em>]<\/code> No \u00e9s ben igual que un <em>lligallo, vereda, canyada real, camin\u00e0s, carrerassa, parador,<\/em> car en molts punts em rectificaven [&#8230;]. <a href=\"https:\/\/decat.iec.cat\/veuredoc.asp?id=147221\" target=\"_blank\" rel=\"noopener\"><i class=\"fas fa-file-pdf\"><\/i><\/a><\/p><\/blockquote>\n<p class=\"nota\"><div class=\"su-note small\"  style=\"border-color:#90bfa5;border-radius:3px;-moz-border-radius:3px;-webkit-border-radius:3px;\"><div class=\"su-note-inner su-u-clearfix su-u-trim\" style=\"background-color:#aad9bf;border-color:#ffffff;color:#333333;border-radius:3px;-moz-border-radius:3px;-webkit-border-radius:3px;\">** Cal tindre ben present la indicaci\u00f3 de Germ\u00e0 Col\u00f3n sobre els suposats mossarabismes, <a href=\"https:\/\/www.cdlpv.org\/fitxes\/mossarabisme\/\" target=\"_blank\" rel=\"noopener\"><i class=\"fas fa-file\"><\/i><\/a> a m\u00e9s del fet que es tracta d&#8217;un mot amb tradici\u00f3 a l&#8217;Arag\u00f3 i zones ve\u00efnes (baixant fins a Sogorb), per\u00f2 que no apareix a la Safor o m\u00e9s al sud, on els mud\u00e8jars (i moriscs) van participar en l&#8217;activitat ramadera.<\/div><\/div>\n<h3>Altres termes: <em>canyada,<\/em> <em>sedeny, cordell, cabanera&#8230;<\/em><\/h3>\n<p>Tampoc recollia el diari oficial la\u00a0<em>canyada<\/em> <a href=\"https:\/\/www.cdlpv.org\/fitxes\/canyada\/\"><i class=\"fas fa-external-link-square-alt\"><\/i><\/a>, que ha segut incorporada posteriorment, en part gr\u00e0cies a l&#8217;\u00fas del terme en la topon\u00edmia. A m\u00e9s, hem de considerar la paraula <em>sedeny<\/em>, aportada per Germ\u00e0 Col\u00f3n (04.03.2007 dg.) en un comentari sobre el <em>lligallo<\/em>:<\/p>\n<blockquote><p>Es tracta de una instituci\u00f3 medieval aragonesa [el lligallo] que ha tingut tamb\u00e9 vida des de l&#8217;edat mitjana en terres castellonenques i tortosines. Ja el 1962 (en la\u00a0<em>Zeitschrift f\u00fcr romanische Philologie<\/em>) vaig defensar aix\u00f2 i vaig criticar l&#8217;accentuaci\u00f3 \u00ablligall\u00f3\u00bb de F. Valls i Taberner i altres historiadors.<\/p>\n<p>A la llista de denominacions de les vies jo afegiria\u00a0<em>sedeny<\/em>, que \u00e9s un mot per assegador o cam\u00ed secundari de Vila-real. Es troba documentat des de 1326 fins avui.\u00a0<em>Sedeny<\/em> \u00e9s de la fam\u00edlia de seda, amb el sentit de cordell<sup>1<\/sup> (tenim sem\u00e0nticament la mateixa evoluci\u00f3 que fa el castell\u00e0 <em>cordel<\/em>\u00a0&#8216;carrerada&#8217;).<\/p>\n<div class=\"su-note small\"  style=\"border-color:#90bfa5;border-radius:3px;-moz-border-radius:3px;-webkit-border-radius:3px;\"><div class=\"su-note-inner su-u-clearfix su-u-trim\" style=\"background-color:#aad9bf;border-color:#ffffff;color:#333333;border-radius:3px;-moz-border-radius:3px;-webkit-border-radius:3px;\"><strong>1.<\/strong>\u00a0Amplia una mica la informaci\u00f3 sobre\u00a0<em>cordell\u00a0<\/em>el llibre citat de Germ\u00e0 Col\u00f3n: \u00abTamb\u00e9 per terres valencianes\u00a0<em>cordell<\/em>, en sentit translatici, designa una carrerada o assegador (<em>DECat<\/em>\u00a0II, 932<em>b<\/em>.30-38).-\u00bb<\/div><\/div><\/blockquote>\n<p>Quant a les paraules <em>cabanera<\/em> i <em>cabanyera<\/em>, el <span class=\"versaleta\"><em>dcorom<\/em><\/span> les considera variants sin\u00f2nimes:<\/p>\n<blockquote><p><code>[s. v. <em>cabanya<\/em>]<\/code>D\u2019ac\u00ed deriva, doncs, <em>caba\u00f1era<\/em> o <em>cabanyera<\/em> en el sentit de \u2018gran cam\u00ed que segueixen tradicional ment els ramats transhumants\u2019: en aquesta variant, a la Serra de Turp (Coll de Narg\u00f3, 1932), a les Garrigues (Sarroca, Granyena, 1935), a Alcarr\u00e0s: sovint, com ac\u00ed, fent una distinci\u00f3 d\u2019import\u00e0ncia amb <em>carrerada,<\/em> que \u00e9s m\u00e9s petita, mentre que la <em>kaban\u032e\u00e9ra<\/em> \u00e9s \u00abreal\u00bb (o sigui de dret p\u00fablic, regulada per l \u2019Estat) (1964) (el mot entra tamb\u00e9 a l \u2019Arag\u00f3, dicc. de Borao: el \u00abcamino de los Palacios es una <em>kaban\u032e\u00e9ra<\/em>\u00bb, A\u00ednsa, 1965) [&#8230;]. <a href=\"https:\/\/decat.iec.cat\/veuredoc.asp?id=35359\" target=\"_blank\" rel=\"noopener\"><i class=\"fas fa-file-pdf\"><\/i><\/a><\/p><\/blockquote>\n<p>Per\u00f2 el <em><span class=\"versaleta\">diec<\/span><\/em> (consultes: 2014; 05.06.2024) les separa amb significats diferents:<\/p>\n<blockquote><p><strong>cabanera<\/strong> f. [AGR] Cam\u00ed ramader de m\u00e9s de 32 pams d\u2019ampl\u00e0ria. <a href=\"https:\/\/dlc.iec.cat\/Results?DecEntradaText=cabanera&amp;AllInfoMorf=False&amp;OperEntrada=0&amp;OperDef=0&amp;OperEx=0&amp;OperSubEntrada=0&amp;OperAreaTematica=0&amp;InfoMorfType=0&amp;OperCatGram=False&amp;AccentSen=False&amp;CurrentPage=0&amp;refineSearch=0&amp;Actualitzacions=False#\" target=\"_blank\" rel=\"noopener\"><i class=\"fas fa-external-link-alt\"><\/i><\/a><br \/>\n<strong>cabanyera<\/strong> f. [AGR] Transhum\u00e0ncia. <a href=\"https:\/\/dlc.iec.cat\/Results?DecEntradaText=cabanyera&amp;AllInfoMorf=False&amp;OperEntrada=0&amp;OperDef=0&amp;OperEx=0&amp;OperSubEntrada=0&amp;OperAreaTematica=0&amp;InfoMorfType=0&amp;OperCatGram=False&amp;AccentSen=False&amp;CurrentPage=0&amp;refineSearch=0&amp;Actualitzacions=False#\" target=\"_blank\" rel=\"noopener\"><i class=\"fas fa-external-link-alt\"><\/i><\/a><\/p><\/blockquote>\n<p>Per ampliar la informaci\u00f3, Germ\u00e0 Col\u00f3n parla de tot aix\u00f2 i de m\u00e9s coses en <em>De Ramon Llull al<\/em>\u00a0Diccionari\u00a0<em>de Fabra. Acostament ling\u00fc\u00edstic a les lletres catalanes<\/em> (ISBN: 978-84-8415-541-6), p\u00e0g. 274-276. <a href=\"https:\/\/publicacions.iec.cat\/repository\/pdf\/00000030\/00000057.pdf\" target=\"_blank\" rel=\"noopener\"><i class=\"fas fa-file-pdf\"><\/i><\/a> Tamb\u00e9 l&#8217;article de M. Muncharaz Pou, \u00abLos caminos ganaderos del Maestrazgo\u00bb (<abbr class=\"abbrevk\" title=\"Butllet\u00ed de la Societat Castellonenca de Cultura\">bscc<\/abbr>, 1985); i dos articles sobre denominacions generals dels camins: \u00abHi han poblacions on alguns tipus de via tenen noms espec\u00edfics. Descobriu-los!\u00bb de Xavier Rull Muruz\u00e0bal (<em>El Nacional<\/em>, 22.05.2024 i 29.05.2024). <a title=\"Article 1 de Xavier Rull\" href=\"https:\/\/www.elnacional.cat\/ca\/cultura\/hi-ha-poblacions-on-alguns-tipus-via-tenen-noms-especifics-descobriu-los-1_1218678_102.html\" target=\"_blank\" rel=\"noopener\"><i class=\"fas fa-external-link-alt\"><\/i><\/a> <a title=\"Article 2 de Xavier Rull\" href=\"https:\/\/www.elnacional.cat\/ca\/cultura\/hi-han-poblacions-on-alguns-tipus-via-tenen-noms-especifics-descobriu-los-i-2_1223304_102.html\" target=\"_blank\" rel=\"noopener\"><i class=\"fas fa-external-link-alt\"><\/i><\/a><\/p>\n<h3>L&#8217;ample de les vies<\/h3>\n<p>Les difer\u00e8ncies en les denominacions, a m\u00e9s de respondre a la distribuci\u00f3 del l\u00e8xic en zones diferents, t\u00e9 relaci\u00f3 amb l&#8217;amplada de la via. Per tradici\u00f3 (cosa que s&#8217;ha fixat en les lleis: Llei estatal 3\/1995, de 23 de mar\u00e7, de vies pecu\u00e0ries), <a href=\"https:\/\/www.boe.es\/buscar\/act.php?id=BOE-A-1995-7241\" target=\"_blank\" rel=\"noopener\"><i class=\"fas fa-external-link-alt\"><\/i><\/a> la cosa es distribu\u00efa m\u00e9s o menys aix\u00ed en Castella:<\/p>\n<blockquote>\n<table border=\"1\" cellspacing=\"2\" cellpadding=\"3\" align=\"center\">\n<tbody>\n<tr>\n<td><em>ca\u00f1ada<\/em><\/td>\n<td>menys de 75 metres<\/td>\n<\/tr>\n<tr>\n<td><em>cordel<\/em><\/td>\n<td>menys de 37,5 metres<\/td>\n<\/tr>\n<tr>\n<td><em>vereda<\/em><\/td>\n<td>menys de 20 metres<\/td>\n<\/tr>\n<tr>\n<td><em>colada<\/em><\/td>\n<td>la que s&#8217;establixca en cada cas<\/td>\n<\/tr>\n<\/tbody>\n<\/table>\n<\/blockquote>\n<p>Cal assenyalar que, en este camp l\u00e8xic, tamb\u00e9 s\u00f3n nombroses en espanyol les variacions, sinon\u00edmies i matisacions territorials, que la llei estatal tamb\u00e9 esmenta de passada:<\/p>\n<blockquote><p>Dichas denominaciones son compatibles con otras de \u00edndole consuetudinaria, tales como\u00a0<em>azagadores, caba\u00f1eras, caminos ganaderos, carreradas, galianas, ramales, traviesas<\/em> y otras que reciban en las dem\u00e1s lenguas espa\u00f1olas oficiales. (art. 4.2 L 3\/1995 estatal)<\/p><\/blockquote>\n","protected":false},"excerpt":{"rendered":"<p>La terminologia general aplicada en l&#8217;equival\u00e8ncia entre idiomes de les denominacions de les vies pecu\u00e0ries ( segons la Llei 3\/2014 (dogv 7.379, 17.07.2014) \u00e9s la seg\u00fcent: valenci\u00e0-catal\u00e0 castell\u00e0-espanyol canyades: s\u00f3n les vies pecu\u00e0ries amb una ampl\u00e0ria no superior a 75 metres. ca\u00f1adas: son las v\u00edas pecuarias con una anchura no superior a 75 metros. carrerades: [&hellip;]<\/p>\n","protected":false},"author":1,"featured_media":0,"comment_status":"open","ping_status":"open","sticky":false,"template":"","format":"standard","meta":{"footnotes":""},"categories":[84],"tags":[17,53,91,57],"class_list":["post-6872","post","type-post","status-publish","format-standard","hentry","category-lletra-v","tag-lexic","tag-revisions","tag-substantius","tag-toponimia"],"post_mailing_queue_ids":[],"_links":{"self":[{"href":"https:\/\/www.cdlpv.org\/fitxes\/wp-json\/wp\/v2\/posts\/6872","targetHints":{"allow":["GET"]}}],"collection":[{"href":"https:\/\/www.cdlpv.org\/fitxes\/wp-json\/wp\/v2\/posts"}],"about":[{"href":"https:\/\/www.cdlpv.org\/fitxes\/wp-json\/wp\/v2\/types\/post"}],"author":[{"embeddable":true,"href":"https:\/\/www.cdlpv.org\/fitxes\/wp-json\/wp\/v2\/users\/1"}],"replies":[{"embeddable":true,"href":"https:\/\/www.cdlpv.org\/fitxes\/wp-json\/wp\/v2\/comments?post=6872"}],"version-history":[{"count":29,"href":"https:\/\/www.cdlpv.org\/fitxes\/wp-json\/wp\/v2\/posts\/6872\/revisions"}],"predecessor-version":[{"id":6944,"href":"https:\/\/www.cdlpv.org\/fitxes\/wp-json\/wp\/v2\/posts\/6872\/revisions\/6944"}],"wp:attachment":[{"href":"https:\/\/www.cdlpv.org\/fitxes\/wp-json\/wp\/v2\/media?parent=6872"}],"wp:term":[{"taxonomy":"category","embeddable":true,"href":"https:\/\/www.cdlpv.org\/fitxes\/wp-json\/wp\/v2\/categories?post=6872"},{"taxonomy":"post_tag","embeddable":true,"href":"https:\/\/www.cdlpv.org\/fitxes\/wp-json\/wp\/v2\/tags?post=6872"}],"curies":[{"name":"wp","href":"https:\/\/api.w.org\/{rel}","templated":true}]}}