{"id":6847,"date":"2024-05-28T20:30:47","date_gmt":"2024-05-28T18:30:47","guid":{"rendered":"https:\/\/www.cdlpv.org\/fitxes\/?p=6847"},"modified":"2024-06-06T11:52:46","modified_gmt":"2024-06-06T09:52:46","slug":"camalluent-ta","status":"publish","type":"post","link":"https:\/\/www.cdlpv.org\/fitxes\/camalluent-ta\/","title":{"rendered":"camalluent -ta"},"content":{"rendered":"<figure style=\"width: 306px\" class=\"wp-caption alignleft\"><a href=\"https:\/\/valenciaplaza.com\/el-llauro-camalet-arromangat-\" target=\"_blank\" rel=\"noopener\"><img loading=\"lazy\" decoding=\"async\" src=\"https:\/\/valenciaplaza.com\/public\/Image\/2018\/10\/8llauro_NoticiaAmpliada.jpg\" alt=\"\" width=\"306\" height=\"306\" \/><\/a><figcaption class=\"wp-caption-text\"><span style=\"font-size: 10pt;\">Il\u00b7lustraci\u00f3 de Salazar<sup><a href=\"https:\/\/ca.wikipedia.org\/wiki\/Ra%C3%BAl_Salazar_Santaf%C3%A9\" target=\"_blank\" rel=\"noopener\">W<\/a><\/sup> per a l&#8217;article \u00abEl llauro \/camalet arromangat\/\u00bb de Vicent Marco (<em>Valencia Plaza<\/em>, <a href=\"https:\/\/valenciaplaza.com\/el-llauro-camalet-arromangat-\" target=\"_blank\" rel=\"noopener\">30.10.2018<\/a>).<\/span><\/figcaption><\/figure>\n<p>Els diccionaris <abbr class=\"abbrevk\" title=\"Diccionari normatiu valenci\u00e0\">dnv<\/abbr> <a href=\"https:\/\/www.avl.gva.es\/lexicval\/?paraula=camalluent\" target=\"_blank\" rel=\"noopener\"><i class=\"fas fa-external-link-alt\"><\/i><\/a> i <abbr class=\"abbrevk\" title=\"Diccionari de la llengua catalana\">diec<\/abbr> <a href=\"https:\/\/dlc.iec.cat\/Results?DecEntradaText=camalluent#\" target=\"_blank\" rel=\"noopener\"><i class=\"fas fa-external-link-alt\"><\/i><\/a> (consulta: 24.05.2024) haurien d&#8217;afinar un poc m\u00e9s la definici\u00f3 de <em>camalluent -ta<\/em>, perqu\u00e8 esta paraula t\u00e9 un valor despectiu o pejoratiu. No \u00e9s realment sin\u00f2nima de <em>llaurador -ra<\/em>, sin\u00f3 que correspon m\u00e9s a la segona accepci\u00f3 de <em>llauro:<\/em><\/p>\n<blockquote><p>(<em><span class=\"versaleta\">dnv<\/span><\/em>)<strong> 2.<\/strong> <em>m. <span class=\"versaleta\">[pej.]<\/span><\/em> Persona r\u00fastica, sense refinament.<\/p><\/blockquote>\n<p>Eixe valor despectiu de <em>camalluent <\/em>es pot deduir incl\u00fas del context on apareix la paraula en \u00abL&#8217;auca de la Pepa\u00bb de Joan Pons i Massaveu, <a href=\"https:\/\/archive.org\/details\/bub_gb_1_3SNP5CFZQC\/page\/n137\/mode\/2up?q=%22camalluents%22\" target=\"_blank\" rel=\"noopener\"><i class=\"fas fa-external-link-alt\"><\/i><\/a> que \u00e9s utilitzada pel <abbr class=\"abbrevk\" title=\"Diccionari catal\u00e0-valenci\u00e0-balear\">dcvb<\/abbr> <a href=\"https:\/\/dcvb.iec.cat\/results.asp?Word=camalluent&amp;Id=29498&amp;search=camalluent\" target=\"_blank\" rel=\"noopener\"><i class=\"fas fa-external-link-alt\"><\/i><\/a> com a font documental:<\/p>\n<blockquote><p>Si la cua de l&#8217;any havia estat dolenta, el comen\u00e7 del nou no es presentava millor&#8230; Pels Reis haurien eixit, com de costum; per\u00f2 el ditx\u00f3s catarro, el male\u00eft catarro va retenir-los a casa&#8230; Haurien eixit Borja amunt, dret al carrer de Fernando, passejant i embadocant-se per les quincalles, adalerats com a <strong>camalluents<\/strong>&#8230; Haurien llambregat les rastelleres de ninas esteses al pla dels taulells, o enfilades pels montants, d&#8217;ulls humits i enceses galtones, com si s&#8217;alcessen de taula&#8230;<\/p><\/blockquote>\n<p>A m\u00e9s d&#8217;eixe sentit, M\u00e0rius Serra (\u00abCamalluents?\u00bb, <em>El Punt Avui,<\/em> 08.03.2013) <a href=\"http:\/\/www.elpuntavui.cat\/cultura\/article\/19-cultura\/624688-camalluents.html\" target=\"_blank\" rel=\"noopener\"><i class=\"fas fa-external-link-alt\"><\/i><\/a> comenta que tamb\u00e9 equivaldria a la segona accepci\u00f3 de <em>pixav\u00ed -vina<\/em>: <a href=\"https:\/\/www.avl.gva.es\/lexicval\/?paraula=pixav\u00ed\" target=\"_blank\" rel=\"noopener\"><i class=\"fas fa-external-link-alt\"><\/i><\/a><\/p>\n<blockquote><p><strong>2.<\/strong> <em>m. <\/em>i<em> f. [<span class=\"versaleta\">col\u00b7loq.<\/span>]<\/em> En els pobles dels voltants, natural o habitant de Val\u00e8ncia, Castell\u00f3 de la Plana, Gandia i d&#8217;altres ciutats.<\/p><\/blockquote>\n<p>Amb este mateix sentit, M\u00e0rius Serra recull <em>pixap\u00ed -pina, camaco -ca, esquenafred, <\/em>que no apareixen encara en eixos diccionaris generals.<\/p>\n<p>A m\u00e9s d&#8217;aix\u00f2, la <em>Paremiologia catalana comparada digital<\/em> (consulta: 24.05.2024) <a href=\"https:\/\/pccd.dites.cat\/p\/Camalluent\" target=\"_blank\" rel=\"noopener\"><i class=\"fas fa-external-link-alt\"><\/i><\/a> de V\u00edctor P\u00e0mies i Riudor encara dona alguns valors m\u00e9s per a <em>camalluent -ta: <\/em>&#8216;qui en caminar fa el pas llarg&#8217;, &#8216;ric, potentat&#8217;. &#8216;que camina molt de pressa&#8217;, &#8216;fer ostentaci\u00f3 d&#8217;una riquesa o posici\u00f3 social falsa&#8217;.<\/p>\n","protected":false},"excerpt":{"rendered":"<p>Els diccionaris dnv i diec (consulta: 24.05.2024) haurien d&#8217;afinar un poc m\u00e9s la definici\u00f3 de camalluent -ta, perqu\u00e8 esta paraula t\u00e9 un valor despectiu o pejoratiu. No \u00e9s realment sin\u00f2nima de llaurador -ra, sin\u00f3 que correspon m\u00e9s a la segona accepci\u00f3 de llauro: (dnv) 2. m. [pej.] Persona r\u00fastica, sense refinament. Eixe valor despectiu de [&hellip;]<\/p>\n","protected":false},"author":1,"featured_media":0,"comment_status":"open","ping_status":"open","sticky":false,"template":"","format":"standard","meta":{"footnotes":""},"categories":[14],"tags":[49,72,17,15,91],"class_list":["post-6847","post","type-post","status-publish","format-standard","hentry","category-lletra-c","tag-adjectius","tag-diccionaris","tag-lexic","tag-registres","tag-substantius"],"post_mailing_queue_ids":[],"_links":{"self":[{"href":"https:\/\/www.cdlpv.org\/fitxes\/wp-json\/wp\/v2\/posts\/6847","targetHints":{"allow":["GET"]}}],"collection":[{"href":"https:\/\/www.cdlpv.org\/fitxes\/wp-json\/wp\/v2\/posts"}],"about":[{"href":"https:\/\/www.cdlpv.org\/fitxes\/wp-json\/wp\/v2\/types\/post"}],"author":[{"embeddable":true,"href":"https:\/\/www.cdlpv.org\/fitxes\/wp-json\/wp\/v2\/users\/1"}],"replies":[{"embeddable":true,"href":"https:\/\/www.cdlpv.org\/fitxes\/wp-json\/wp\/v2\/comments?post=6847"}],"version-history":[{"count":10,"href":"https:\/\/www.cdlpv.org\/fitxes\/wp-json\/wp\/v2\/posts\/6847\/revisions"}],"predecessor-version":[{"id":6902,"href":"https:\/\/www.cdlpv.org\/fitxes\/wp-json\/wp\/v2\/posts\/6847\/revisions\/6902"}],"wp:attachment":[{"href":"https:\/\/www.cdlpv.org\/fitxes\/wp-json\/wp\/v2\/media?parent=6847"}],"wp:term":[{"taxonomy":"category","embeddable":true,"href":"https:\/\/www.cdlpv.org\/fitxes\/wp-json\/wp\/v2\/categories?post=6847"},{"taxonomy":"post_tag","embeddable":true,"href":"https:\/\/www.cdlpv.org\/fitxes\/wp-json\/wp\/v2\/tags?post=6847"}],"curies":[{"name":"wp","href":"https:\/\/api.w.org\/{rel}","templated":true}]}}