{"id":6836,"date":"2024-05-08T20:30:48","date_gmt":"2024-05-08T19:30:48","guid":{"rendered":"https:\/\/www.cdlpv.org\/fitxes\/?p=6836"},"modified":"2024-06-06T11:53:42","modified_gmt":"2024-06-06T09:53:42","slug":"ferrabras","status":"publish","type":"post","link":"https:\/\/www.cdlpv.org\/fitxes\/ferrabras\/","title":{"rendered":"ferrabr\u00e0s"},"content":{"rendered":"<figure id=\"attachment_6842\" aria-describedby=\"caption-attachment-6842\" style=\"width: 300px\" class=\"wp-caption alignleft\"><a title=\"Disc 'Ferrabr\u00e0s' de Bambalina Titelles\" href=\"https:\/\/open.spotify.com\/track\/2UlRuzovQfgyK0S4buA5uO?si=ca886b71a9784697\" target=\"_blank\" rel=\"noopener\"><img loading=\"lazy\" decoding=\"async\" class=\"wp-image-6842 size-medium\" src=\"https:\/\/www.cdlpv.org\/fitxes\/wp-content\/uploads\/2024\/05\/Ferrabras-300x300.png\" alt=\"\" width=\"300\" height=\"300\" srcset=\"https:\/\/www.cdlpv.org\/fitxes\/wp-content\/uploads\/2024\/05\/Ferrabras-300x300.png 300w, https:\/\/www.cdlpv.org\/fitxes\/wp-content\/uploads\/2024\/05\/Ferrabras-150x150.png 150w, https:\/\/www.cdlpv.org\/fitxes\/wp-content\/uploads\/2024\/05\/Ferrabras.png 319w\" sizes=\"auto, (max-width: 300px) 100vw, 300px\" \/><\/a><figcaption id=\"caption-attachment-6842\" class=\"wp-caption-text\"><span style=\"font-size: 10pt;\">Portada del disc <em>Ferrabr\u00e0s<\/em> del grup Bambalina Titelles.<\/span><\/figcaption><\/figure>\n<p>Segons el <em><abbr class=\"versaleta\" title=\"Diccionari catal\u00e0-valenci\u00e0-balear\">dcvb<\/abbr><\/em>: <a href=\"https:\/\/dcvb.iec.cat\/results.asp?Word=ferrabr%E0s&amp;Id=69911&amp;search=ferrabr%E0s\" target=\"_blank\" rel=\"noopener\"><i class=\"fas fa-external-link-alt\"><\/i><\/a><\/p>\n<blockquote><p><b>ferrabr\u00e0s<\/b> <em>m.<\/em> Home o noi dolent, terrible, que fa malifetes o destro\u00e7a moltes coses (Val., Al.).<br \/>\nEtim.: de <em>Fierabras,<\/em> nom d&#8217;un gegant llegendari molt anomenat en les nove\u0140les cavalleresques del cicle carolingi.<\/p><\/blockquote>\n<p>El company Vicent Sanchis (maig del 2006), diu que a Rafelguaraf li donen el valor de &#8216;for\u00e7ut&#8217;.<\/p>\n<p>Tenint en compte l&#8217;etimologia i l&#8217;extensi\u00f3 territorial que li dona el <em><span class=\"versaleta\">dcvb<\/span><\/em>, no pareix que la paraula tinga molta antiguitat en valenci\u00e0-catal\u00e0. De fet, no apareix en els recursos en l\u00ednia de l&#8217;<span class=\"versaleta\">iec<\/span> ni en el <em><span class=\"versaleta\">dval<\/span><\/em> ni en el diccionari del <span class=\"versaleta\">salt<\/span>, ni el recullen Joaquim Mart\u00ed Mestre en el <em>Diccionari hist\u00f2ric del valenci\u00e0 col\u00b7loquial (segles XVII, XVIII i XIX)<\/em> (PUV, 2005) ni <abbr class=\"abbrevk\">colomina<\/abbr>. Per contra, s\u00ed que apareix en el <em>Diccionari ortogr\u00e0fic i de pronunciaci\u00f3 del valenci\u00e0<\/em> de l&#8217;<span class=\"versaleta\">avl<\/span> (2006):<\/p>\n<blockquote><p><b>ferrabr\u00e0s<\/b>; ferrabrassos <em>m.<\/em><\/p><\/blockquote>\n<p>I <em>ferrabr\u00e0s <\/em>ha segut incorporat al <abbr class=\"abbrevk\" title=\"Diccionari normatiu valenci\u00e0\">dnv<\/abbr> (consulta: 03.05.2024; el <abbr class=\"abbrevk\" title=\"'Diccionari de la llengua catalana' de l'Institut d'Estudis Catalans\"><em>diec<\/em><\/abbr> encara no l&#8217;ha arreplegat):<\/p>\n<blockquote><p><strong>ferrabr\u00e0s <\/strong><em><span class=\"plural\">[<\/span><span class=\"plural cursiva\">pl. <\/span><span class=\"plural\">-assos<\/span><span class=\"plural\">]<\/span><\/em><strong><br \/>\n<\/strong><em>m.<\/em> Xiquet inquiet que fa moltes malifetes.<\/p><\/blockquote>\n<p>Potser m\u00e9s avant podrem trobar l&#8217;obra de teatre o l&#8217;auca que va originar l&#8217;adaptaci\u00f3, a trav\u00e9s del castell\u00e0 \u2014segons indica Emili Casanova (\u00abEl l\u00e8xic de la Decad\u00e8ncia en els estudis etimol\u00f2gics&#8230;\u00bb)\u2014,<sup><a href=\"https:\/\/books.google.es\/books?id=C_gJ0XKcg-YC&amp;pg=PA193&amp;dq=ferabr%C3%A0s&amp;hl=ca&amp;newbks=1&amp;newbks_redir=0&amp;sa=X&amp;ved=2ahUKEwjHkqrGgvGFAxX-VqQEHerVC504FBDoAXoECAwQAg#v=onepage&amp;q=ferabr%C3%A0s&amp;f=false\" target=\"_blank\" rel=\"noopener\"><i class=\"fab fa-google\"><\/i><\/a><\/sup>\u00a0 d&#8217;esta paraula d&#8217;origen occit\u00e0 o franc\u00e9s \u2014la major antiguitat entre les versions conegudes d&#8217;esta can\u00e7\u00f3 de gesta \u00e9s objecte de debat. Actualment es situa al voltant de finals del segle <span class=\"versaleta\">xii<\/span> i mitjans del <span class=\"versaleta\">xiii<\/span>.<a title=\"Viquip\u00e8dia\" href=\"https:\/\/ca.wikipedia.org\/wiki\/Ferabr%C3%A0s\" target=\"_blank\" rel=\"noopener\"><sup><i class=\"fab fa-wikipedia-w\"><\/i><\/sup><\/a> Encara en l&#8217;\u00e0mbit teatral, el grup Bambalina Titelles va llan\u00e7ar en 1987 el disc <em>Ferrabr\u00e0s<\/em> (derivat de l&#8217;obra teatral hom\u00f2nima de Raquel Ricart), que contenia el tema \u00abCan\u00e7\u00f3 del poder de Ferrabr\u00e0s\u00bb. <a href=\"https:\/\/open.spotify.com\/track\/2UlRuzovQfgyK0S4buA5uO?si=ca886b71a9784697\" target=\"_blank\" rel=\"noopener\"><i class=\"fab fa-spotify\"><\/i><\/a><\/p>\n<p>Abelard Saragoss\u00e0 (13.05.2006) mos envia una dada sobre la vitalitat d&#8217;esta paraula:<\/p>\n<blockquote><p>La paraula <em>Ferrabr\u00e0s<\/em> existix com a malnom en Silla. La filla de Ferrabr\u00e0s (home que va morir fa uns quants anys) \u00e9s de les primeres que va comen\u00e7ar a fer classes en valenci\u00e0.<\/p><\/blockquote>\n<p>Francesc Xavier Llorca Ibi (maig 2006) indica que el mot \u00e9s viu a Oliva i Benidorm, amb el mateix sentit que li donen a Carcaixent i Rafelguaraf (Vicent Sanchis i la meua fam\u00edlia, maig 2006), coincident amb el que diu el <em><span class=\"versaleta\">dcvb<\/span><\/em>. En el mateix sentit es pronuncia Francesc Sala (Sant Joan d&#8217;Alacant, 29.05.2006), amb el mat\u00eds \u00abdirigit sobretot a un xiquet\u00bb.<\/p>\n<p>Albert Rossich, at\u00e9s l&#8217;inter\u00e9s que ha despertat el terme, aporta la informaci\u00f3 seg\u00fcent (06.06.2006):<\/p>\n<blockquote><p>El mot prov\u00e9 de Fierabr\u00e0s, un gegant pag\u00e0 de les novel\u00b7les i sobretot els roman\u00e7os de tema carolingi. Segons la llegenda, va ser derrotat per Rotll\u00e0 (o Rotllan) i es va convertir al cristianisme. El personatge ja apareix a la cr\u00f2nica medieval de Turp\u00ed amb el nom de Ferrag\u00fas. Com a personatge habitual dels roman\u00e7os de tema carolingi, que tothom coneixia, era, doncs, un nom familiar per a tothom a la fi de l&#8217;edat mitjana i durant tota l&#8217;edat moderna. Com sol passar en aquests casos, no sempre coincideixen els detalls del personatge en els diversos roman\u00e7os, per\u00f2 sempre apareix com un gegant for\u00e7ut.<\/p>\n<p>El poeta Josep Blanch de Tarragona (mitjan segle XVII) t\u00e9 un poema sat\u00edric contra un personatge (Josep Barcel\u00f3, dit Betzola) al qual anomena Fierabr\u00e0s. Comen\u00e7a: &#8220;D&#8217;Eivissa va venir don Fierabr\u00e0s \/ a empestar de nostra olla lo vern\u00eds, \/ puix nos port\u00e0 m\u00e9s ronya en son tap\u00eds [=&#8217;pell&#8217;] \/ que figures no fan a un drap d&#8217;Arr\u00e0s [&#8230;]&#8221;<\/p><\/blockquote>\n","protected":false},"excerpt":{"rendered":"<p>Segons el dcvb: ferrabr\u00e0s m. Home o noi dolent, terrible, que fa malifetes o destro\u00e7a moltes coses (Val., Al.). Etim.: de Fierabras, nom d&#8217;un gegant llegendari molt anomenat en les nove\u0140les cavalleresques del cicle carolingi. El company Vicent Sanchis (maig del 2006), diu que a Rafelguaraf li donen el valor de &#8216;for\u00e7ut&#8217;. Tenint en compte [&hellip;]<\/p>\n","protected":false},"author":1,"featured_media":0,"comment_status":"open","ping_status":"open","sticky":false,"template":"","format":"standard","meta":{"footnotes":""},"categories":[24],"tags":[113,17,102,53,91],"class_list":["post-6836","post","type-post","status-publish","format-standard","hentry","category-lletra-f","tag-historia","tag-lexic","tag-noms","tag-revisions","tag-substantius"],"post_mailing_queue_ids":[],"_links":{"self":[{"href":"https:\/\/www.cdlpv.org\/fitxes\/wp-json\/wp\/v2\/posts\/6836","targetHints":{"allow":["GET"]}}],"collection":[{"href":"https:\/\/www.cdlpv.org\/fitxes\/wp-json\/wp\/v2\/posts"}],"about":[{"href":"https:\/\/www.cdlpv.org\/fitxes\/wp-json\/wp\/v2\/types\/post"}],"author":[{"embeddable":true,"href":"https:\/\/www.cdlpv.org\/fitxes\/wp-json\/wp\/v2\/users\/1"}],"replies":[{"embeddable":true,"href":"https:\/\/www.cdlpv.org\/fitxes\/wp-json\/wp\/v2\/comments?post=6836"}],"version-history":[{"count":10,"href":"https:\/\/www.cdlpv.org\/fitxes\/wp-json\/wp\/v2\/posts\/6836\/revisions"}],"predecessor-version":[{"id":6903,"href":"https:\/\/www.cdlpv.org\/fitxes\/wp-json\/wp\/v2\/posts\/6836\/revisions\/6903"}],"wp:attachment":[{"href":"https:\/\/www.cdlpv.org\/fitxes\/wp-json\/wp\/v2\/media?parent=6836"}],"wp:term":[{"taxonomy":"category","embeddable":true,"href":"https:\/\/www.cdlpv.org\/fitxes\/wp-json\/wp\/v2\/categories?post=6836"},{"taxonomy":"post_tag","embeddable":true,"href":"https:\/\/www.cdlpv.org\/fitxes\/wp-json\/wp\/v2\/tags?post=6836"}],"curies":[{"name":"wp","href":"https:\/\/api.w.org\/{rel}","templated":true}]}}