{"id":6833,"date":"2024-05-28T20:30:38","date_gmt":"2024-05-28T18:30:38","guid":{"rendered":"https:\/\/www.cdlpv.org\/fitxes\/?p=6833"},"modified":"2024-06-18T08:16:20","modified_gmt":"2024-06-18T06:16:20","slug":"encartar","status":"publish","type":"post","link":"https:\/\/www.cdlpv.org\/fitxes\/encartar\/","title":{"rendered":"encartar"},"content":{"rendered":"<figure style=\"width: 330px\" class=\"wp-caption alignleft\"><a href=\"http:\/\/www.muvim.es\/va\/content\/impremta-gutenberg-al-muvim\" target=\"_blank\" rel=\"noopener\"><img loading=\"lazy\" decoding=\"async\" class=\"\" src=\"https:\/\/www.cdlpv.org\/fitxes\/wp-content\/uploads\/2024\/06\/Impremta.jpg\" alt=\"\" width=\"330\" height=\"224\" \/><\/a><figcaption class=\"wp-caption-text\"><span style=\"font-size: 10pt;\"><em>L&#8217;impressor Bernardo Cennini al seu taller<\/em>, quadre de <a href=\"https:\/\/en.wikipedia.org\/wiki\/Tito_Lessi\" target=\"_blank\" rel=\"noopener\">Tito Lessi<\/a> (1858-1917).\/<a href=\"http:\/\/www.muvim.es\/va\/content\/impremta-gutenberg-al-muvim\" target=\"_blank\" rel=\"noopener\">Muvim<\/a>: \u00abLa impremta de Gutenberg al MuVIM\u00bb<\/span>.<\/figcaption><\/figure>\n<p>En l&#8217;\u00e0mbit de l&#8217;edici\u00f3, este verb significa &#8216;inserir (un encartament) dins d&#8217;una publicaci\u00f3&#8217; (<abbr class=\"abbrevk\" title=\"Diccionari normatiu valenci\u00e0\">dnv<\/abbr>). <a href=\"https:\/\/www.avl.gva.es\/lexicval\/?paraula=encartar\" target=\"_blank\" rel=\"noopener\"><i class=\"fas fa-external-link-alt\"><\/i><\/a> En canvi, el verb <em>encaixar<\/em> fa refer\u00e8ncia a l&#8217;agrupaci\u00f3 dels plecs que conformen una publicaci\u00f3 (com ara fulletons, revistes, diaris i semblants). <a href=\"https:\/\/www.avl.gva.es\/lexicval\/?paraula=encaixar\" target=\"_blank\" rel=\"noopener\"><i class=\"fas fa-external-link-alt\"><\/i><\/a> I si es tracta de posar-los una faixa, tant \u00e9s <em>faixar<\/em> com <em>enfaixar<\/em>. <a href=\"https:\/\/www.avl.gva.es\/lexicval\/?paraula=faixar\" target=\"_blank\" rel=\"noopener\"><i class=\"fas fa-external-link-alt\"><\/i><\/a><\/p>\n<h3>La faixa de fora: <em>enfaixar<\/em><\/h3>\n<p>L&#8217;any 1998, el recursos disponibles per a comprovar les equival\u00e8ncies entre idiomes eren molt m\u00e9s redu\u00efts que ara. Hi havia un anunci en castell\u00e0 de l&#8217;<a title=\"Institut Valenci\u00e0 de la Joventut\">Ivaj<\/a>\u00a0que s&#8217;havia de publicar en el <abbr class=\"abbrevk\" title=\"Diari Oficial de la Generalitat Valenciana\">dogv<\/abbr> i, com que es tractava d&#8217;un contracte per a distribuir una publicaci\u00f3, no acab\u00e0vem de saber qu\u00e8 devien voler dir amb <em>embuchado, <\/em>i el diccionari que ten\u00edem aleshores nom\u00e9s donava les opcions m\u00e9s generals. Vam considerar que la idea de l&#8217;<em>embuchado<\/em> de la versi\u00f3 en castell\u00e0 devia referir-se a la faixa que es posa quan la revista s&#8217;envia plegada, aixina que en la versi\u00f3 en valenci\u00e0 aparegu\u00e9 el verb <em>enfaixar<\/em> \u2014i no <em>encaixar <\/em> ni <em>encartar,<\/em> que hem vist que s\u00f3n operacions diferents. <a href=\"https:\/\/dogv.gva.es\/datos\/1998\/02\/24\/pdf\/1998_1008.pdf\" target=\"_blank\" rel=\"noopener\"><i class=\"fas fa-file-pdf\"><\/i><\/a><\/p>\n","protected":false},"excerpt":{"rendered":"<p>En l&#8217;\u00e0mbit de l&#8217;edici\u00f3, este verb significa &#8216;inserir (un encartament) dins d&#8217;una publicaci\u00f3&#8217; (dnv). En canvi, el verb encaixar fa refer\u00e8ncia a l&#8217;agrupaci\u00f3 dels plecs que conformen una publicaci\u00f3 (com ara fulletons, revistes, diaris i semblants). I si es tracta de posar-los una faixa, tant \u00e9s faixar com enfaixar. La faixa de fora: enfaixar L&#8217;any [&hellip;]<\/p>\n","protected":false},"author":1,"featured_media":0,"comment_status":"open","ping_status":"open","sticky":false,"template":"","format":"standard","meta":{"footnotes":""},"categories":[30],"tags":[17,53,62],"class_list":["post-6833","post","type-post","status-publish","format-standard","hentry","category-lletra-e","tag-lexic","tag-revisions","tag-verbs"],"post_mailing_queue_ids":[],"_links":{"self":[{"href":"https:\/\/www.cdlpv.org\/fitxes\/wp-json\/wp\/v2\/posts\/6833","targetHints":{"allow":["GET"]}}],"collection":[{"href":"https:\/\/www.cdlpv.org\/fitxes\/wp-json\/wp\/v2\/posts"}],"about":[{"href":"https:\/\/www.cdlpv.org\/fitxes\/wp-json\/wp\/v2\/types\/post"}],"author":[{"embeddable":true,"href":"https:\/\/www.cdlpv.org\/fitxes\/wp-json\/wp\/v2\/users\/1"}],"replies":[{"embeddable":true,"href":"https:\/\/www.cdlpv.org\/fitxes\/wp-json\/wp\/v2\/comments?post=6833"}],"version-history":[{"count":11,"href":"https:\/\/www.cdlpv.org\/fitxes\/wp-json\/wp\/v2\/posts\/6833\/revisions"}],"predecessor-version":[{"id":6919,"href":"https:\/\/www.cdlpv.org\/fitxes\/wp-json\/wp\/v2\/posts\/6833\/revisions\/6919"}],"wp:attachment":[{"href":"https:\/\/www.cdlpv.org\/fitxes\/wp-json\/wp\/v2\/media?parent=6833"}],"wp:term":[{"taxonomy":"category","embeddable":true,"href":"https:\/\/www.cdlpv.org\/fitxes\/wp-json\/wp\/v2\/categories?post=6833"},{"taxonomy":"post_tag","embeddable":true,"href":"https:\/\/www.cdlpv.org\/fitxes\/wp-json\/wp\/v2\/tags?post=6833"}],"curies":[{"name":"wp","href":"https:\/\/api.w.org\/{rel}","templated":true}]}}