{"id":6800,"date":"2024-04-25T20:30:49","date_gmt":"2024-04-25T19:30:49","guid":{"rendered":"https:\/\/www.cdlpv.org\/fitxes\/?p=6800"},"modified":"2024-04-29T12:22:14","modified_gmt":"2024-04-29T11:22:14","slug":"atovat-ada","status":"publish","type":"post","link":"https:\/\/www.cdlpv.org\/fitxes\/atovat-ada\/","title":{"rendered":"atovat -ada"},"content":{"rendered":"<figure id=\"attachment_6805\" aria-describedby=\"caption-attachment-6805\" style=\"width: 300px\" class=\"wp-caption alignleft\"><a href=\"https:\/\/ca.wikisource.org\/wiki\/P%C3%A0gina:Curial_y_G%C3%BCelfa_(1901).djvu\/139\"><img loading=\"lazy\" decoding=\"async\" class=\"wp-image-6805 size-medium\" src=\"https:\/\/www.cdlpv.org\/fitxes\/wp-content\/uploads\/2024\/04\/atovar-300x183.png\" alt=\"\" width=\"300\" height=\"183\" srcset=\"https:\/\/www.cdlpv.org\/fitxes\/wp-content\/uploads\/2024\/04\/atovar-300x183.png 300w, https:\/\/www.cdlpv.org\/fitxes\/wp-content\/uploads\/2024\/04\/atovar.png 488w\" sizes=\"auto, (max-width: 300px) 100vw, 300px\" \/><\/a><figcaption id=\"caption-attachment-6805\" class=\"wp-caption-text\"><span style=\"font-size: 10pt;\">Fragment de <em>Curial e G\u00fcelfa<\/em>. \/ Viquitexts.<\/span><\/figcaption><\/figure>\n<p>L&#8217;adjectiu <em>atovat -ada<\/em> no apareix en el diccionaris generals. A la Ribera s&#8217;utilitza per a qualificar alg\u00fa que actua sense espenta, sense forces, sense lucidesa. <span class=\"versaleta\">colomina<\/span> (1991) documenta un \u00fas semblant a Polop (Marina Baixa) i variants relacionades: <a href=\"https:\/\/books.google.es\/books?newbks=1&amp;newbks_redir=0&amp;redir_esc=y&amp;hl=ca&amp;id=riNKAAAAYAAJ&amp;dq=El+valenci%C3%A0+a+la+marina+alta&amp;focus=searchwithinvolume&amp;q=atovat\" target=\"_blank\" rel=\"noopener\"><i class=\"fab fa-google\"><\/i><\/a><\/p>\n<blockquote><p><strong>atovat.<\/strong> A Polop diuen d&#8217;alg\u00fa que est\u00e0 <em>atovat<\/em> si &#8216;est\u00e0 mig endormiscat pel cansament, per una malaltia&#8217;. A Mon\u00f2ver trobe una variant <em>+tolvar<\/em> for\u00e7a interessant \u2014semblant a <em>atalbar,<\/em> la forma que m&#8217;\u00e9s familiar d&#8217;Alcoi\u2014 \u00abca\u00efa un sol que <em>tolvava<\/em>\u00bb (al peri\u00f2dic <em>El Pueblo,<\/em> de 1907). Escrig=<em>atobar-li a una persona el cap els crits, ro\u00efdo y confusi\u00f3 <\/em>&#8216;atolondrarla, aturdirla o atafagarla&#8217;;\u00a0 <em><span class=\"versaleta\">dmg<\/span>adea=atobarse<\/em> &#8216;desvanecerse, engreirse&#8217; i <em>atobar-se de son<\/em> &#8216;amodorrarse o quedarse cogido del sue\u00f1o&#8217;. Cf. a M\u00farcia <em>atobarse<\/em> &#8216;aturdirse, cansarse con exceso&#8217; (GSoriano); a Oriola <em>atobao, atobinao<\/em> &#8216;entumecido, extenuado&#8217;, <em>atobar(se), atobinar(se)<\/em> &#8216;cansarse con exceso, extenuarse&#8217; (Guill\u00e9n, 244-5); i al Villar <em>atobar<\/em> id. i &#8216;empapado&#8217; &#8216;borracho&#8217; i <em>atob\u00e2se<\/em> id. i &#8216;empaparse&#8217; (Llatas, 114). S\u00f3n massa grans les semblances <em>atovat \/ atobarse<\/em> i <em>atavanat \/ atobinado<\/em>, (i <em>atolvat \/ atalbat<\/em>) perqu\u00e8 tinguem ac\u00ed verbs independents de <em>atalbar<\/em> i <em>atabanar<\/em> i suposadament derivats de <em>tou<\/em>; mot que tanmateix hi deu ha- ver influ\u00eft una mica. [&#8230;]<\/blockquote>\n<p>El bloc <em>La Parla d&#8217;Oliva<\/em> (consulta: 25.04.2023) <a href=\"http:\/\/parladoliva.blogspot.com\/2011\/06\/atovar.html\" target=\"_blank\" rel=\"noopener\"><i class=\"fas fa-external-link-alt\"><\/i><\/a> li dona al verb <em>atovar <\/em>un sentit semblant: &#8216;ensopir, atordir, pertorbar els sentits i les pot\u00e8ncies, principalment per l&#8217;exc\u00e9s de calor o per la viol\u00e8ncia dels colps&#8217;. Germ\u00e0 Col\u00f3n <span lang=\"CA\">(<abbr class=\"abbrevk\" title=\"Estudis de filologia catalana i rom\u00e0nica\">gcefcr<\/abbr>) <a href=\"https:\/\/www.raco.cat\/index.php\/ArxiuTextos\/article\/download\/5299\/317859\/&amp;ved=2ahUKEwiDk8yG9NyFAxVZVqQEHc1fAwk4ChAWegQIBxAB&amp;usg=AOvVaw2zGKQOtEWROlmCnAufxq0c\" target=\"_blank\" rel=\"noopener\"><i class=\"fas fa-file-pdf\"><\/i><\/a><\/span> rebutja l&#8217;origen \u00e0rab proposat per Coromines, i explica que en <span lang=\"CA\">la llengua medieval\u00a0 l&#8217;adjectiu tenia el sentit \u2018qui ha estat greument nafrat en el t\u00f2rax\u2019. El t\u00f2rax era denominat aleshores (segle xv) el \u00abtou\u00bb (del llat\u00ed <em>tofus<\/em> &#8216;cavitat&#8217;). D&#8217;altra banda, segons Germ\u00e0 Col\u00f3n, el verb <em>atovar<\/em> &#8216;fer tova (una cosa)&#8217; \u2014que s\u00ed que t\u00e9 entrada en el <abbr class=\"abbrevk\" title=\"Diccionari normatiu valenci\u00e0\">dnv<\/abbr>, <a title=\"Diccionari de la llengua catalana' de l'Institut d'Estudis Catalans\" href=\"https:\/\/www.avl.gva.es\/lexicval\/?paraula=atovar\" target=\"_blank\" rel=\"noopener\"><i class=\"fas fa-external-link-alt\"><\/i><\/a> per\u00f2 encara no ha arribat al <abbr class=\"abbrevk\" title=\"'Diccionari de la llengua catalana' de l'Institut d'Estudis Catalans\">diec<\/abbr>\u2014 deriva de l&#8217;adjectiu <em>tou.<\/em><br \/>\n<\/span><\/p>\n","protected":false},"excerpt":{"rendered":"<p>L&#8217;adjectiu atovat -ada no apareix en el diccionaris generals. A la Ribera s&#8217;utilitza per a qualificar alg\u00fa que actua sense espenta, sense forces, sense lucidesa. colomina (1991) documenta un \u00fas semblant a Polop (Marina Baixa) i variants relacionades: atovat. A Polop diuen d&#8217;alg\u00fa que est\u00e0 atovat si &#8216;est\u00e0 mig endormiscat pel cansament, per una malaltia&#8217;. [&hellip;]<\/p>\n","protected":false},"author":1,"featured_media":0,"comment_status":"open","ping_status":"open","sticky":false,"template":"","format":"standard","meta":{"footnotes":""},"categories":[18],"tags":[49,143,113,17,53],"class_list":["post-6800","post","type-post","status-publish","format-standard","hentry","category-lletra-a","tag-adjectius","tag-etimologies","tag-historia","tag-lexic","tag-revisions"],"post_mailing_queue_ids":[],"_links":{"self":[{"href":"https:\/\/www.cdlpv.org\/fitxes\/wp-json\/wp\/v2\/posts\/6800","targetHints":{"allow":["GET"]}}],"collection":[{"href":"https:\/\/www.cdlpv.org\/fitxes\/wp-json\/wp\/v2\/posts"}],"about":[{"href":"https:\/\/www.cdlpv.org\/fitxes\/wp-json\/wp\/v2\/types\/post"}],"author":[{"embeddable":true,"href":"https:\/\/www.cdlpv.org\/fitxes\/wp-json\/wp\/v2\/users\/1"}],"replies":[{"embeddable":true,"href":"https:\/\/www.cdlpv.org\/fitxes\/wp-json\/wp\/v2\/comments?post=6800"}],"version-history":[{"count":8,"href":"https:\/\/www.cdlpv.org\/fitxes\/wp-json\/wp\/v2\/posts\/6800\/revisions"}],"predecessor-version":[{"id":6829,"href":"https:\/\/www.cdlpv.org\/fitxes\/wp-json\/wp\/v2\/posts\/6800\/revisions\/6829"}],"wp:attachment":[{"href":"https:\/\/www.cdlpv.org\/fitxes\/wp-json\/wp\/v2\/media?parent=6800"}],"wp:term":[{"taxonomy":"category","embeddable":true,"href":"https:\/\/www.cdlpv.org\/fitxes\/wp-json\/wp\/v2\/categories?post=6800"},{"taxonomy":"post_tag","embeddable":true,"href":"https:\/\/www.cdlpv.org\/fitxes\/wp-json\/wp\/v2\/tags?post=6800"}],"curies":[{"name":"wp","href":"https:\/\/api.w.org\/{rel}","templated":true}]}}