{"id":6764,"date":"2024-04-22T20:30:07","date_gmt":"2024-04-22T19:30:07","guid":{"rendered":"https:\/\/www.cdlpv.org\/fitxes\/?p=6764"},"modified":"2024-04-23T12:38:16","modified_gmt":"2024-04-23T11:38:16","slug":"almoa","status":"publish","type":"post","link":"https:\/\/www.cdlpv.org\/fitxes\/almoa\/","title":{"rendered":"Almo\u00e0, l&#8217;"},"content":{"rendered":"<figure id=\"attachment_6769\" aria-describedby=\"caption-attachment-6769\" style=\"width: 263px\" class=\"wp-caption alignleft\"><a href=\"https:\/\/www.google.es\/maps\/@39.0498213,-0.3091027,3a,60y,331.7h,69.92t\/data=!3m6!1e1!3m4!1sFw9KjB5ywshlRKXD8mfyUQ!2e0!7i13312!8i6656?entry=ttu\" target=\"_blank\" rel=\"noopener\"><img loading=\"lazy\" decoding=\"async\" class=\"wp-image-6769 size-medium\" src=\"https:\/\/www.cdlpv.org\/fitxes\/wp-content\/uploads\/2024\/04\/Primer-sifo-Almoa-263x300.png\" alt=\"\" width=\"263\" height=\"300\" srcset=\"https:\/\/www.cdlpv.org\/fitxes\/wp-content\/uploads\/2024\/04\/Primer-sifo-Almoa-263x300.png 263w, https:\/\/www.cdlpv.org\/fitxes\/wp-content\/uploads\/2024\/04\/Primer-sifo-Almoa.png 766w\" sizes=\"auto, (max-width: 263px) 100vw, 263px\" \/><\/a><figcaption id=\"caption-attachment-6769\" class=\"wp-caption-text\"><span style=\"font-size: 10pt;\">Primer sif\u00f3 de la s\u00e9quia de l&#8217;Almo\u00e0. \/ Imatge extreta de Google Maps<\/span>.<\/figcaption><\/figure>\n<p>A Simat de la Valldigna\u00a0 hi ha la s\u00e9quia de l&#8217;Almo\u00e0 (que es sol escriure \u00abAlmoada\u00bb, <a title=\"Cat\u00e0leg de b\u00e9ns i espais protegits de Simat de la Valldigna\" href=\"https:\/\/mediambient.gva.es\/auto\/urbanismo\/Documentos_en_tramitacion_Servicios-Territoriales\/VALENCIA\/46231%20SIMAT%20DE%20LA%20VALLDIGNA\/20200371%20PGE%20SIMAT%20de%20la%20VALLDIGNA_CD\/3%20DOCUMENTACION%20CON%20%20EFICACIA%20NORMATIVA\/E%20CATALOGO\/CATALEG%20TOMO%20III.pdf\" target=\"_blank\" rel=\"noopener\"><i class=\"fas fa-file-pdf\"><\/i><\/a> o incl\u00fas \u00abAlmohada\u00bb, <a title=\"Ferran Garcia-Oliver (2003): La vall de les sis mesquites\" href=\"https:\/\/books.google.es\/books?id=NghUDgAAQBAJ&amp;pg=PT49&amp;dq=simat+%22almohada%22&amp;hl=ca&amp;newbks=1&amp;newbks_redir=0&amp;sa=X&amp;ved=2ahUKEwjcu9bsrNWFAxV6gP0HHd2_DU8Q6AF6BAgJEAI#v=onepage&amp;q=simat%20%22almohada%22&amp;f=false\" target=\"_blank\" rel=\"noopener\"><i class=\"fab fa-google\"><\/i><\/a> seguint el costum de fer reinterpretacions normativitzadores). L&#8217;<abbr class=\"abbrevk\" title=\"'Onomasticon cataloniae' de Joan Coromines\"><em>onomast<\/em><\/abbr> (s. v. <em>Almo\u00e0, l&#8217;<\/em>) consigna la forma oral usual a la zona: <a href=\"https:\/\/oncat.iec.cat\/veuredoc.asp?id=2220\"><i class=\"fas fa-file-pdf\"><\/i><\/a><\/p>\n<blockquote><p>\u00c9s la pron\u00fancia que vaig registrar en la meva enq. (<span class=\"versaleta\">xxxi<\/span>, 186.22), nom d&#8217;un paratge de l&#8217;aigualosa vall de Simat de Valldigna, rica en aig\u00fces i regatges; amb grafia menys clara ja ho va registrar Sarthou com <em>Almoha<\/em> (<span class=\"versaleta\"><em>ggrv<\/em><\/span> II, 170). L&#8217;aspecte del mot ja fa pal\u00e9s que \u00e9s un arabisme [&#8230;].<\/p><\/blockquote>\n<p>Coromines sospesa algunes hip\u00f2tesis (com ara <em>*almodada<\/em>), per\u00f2 no arriba a una conclusi\u00f3 satisfact\u00f2ria. L&#8217;historiador Abel Soler Molina proposa un origen per a este nom en la nota 366 de <em>Rafelcofer. Geografia, hist\u00f2ria, patrimoni<\/em> (2015): <a href=\"https:\/\/www.rafelcofer.es\/sites\/www.rafelcofer.es\/files\/RAFELCOFER%20Geografia%20Historia%20i%20Patrimoni%201_0.pdf\" target=\"_blank\" rel=\"noopener\"><i class=\"fas fa-file-pdf\"><\/i><\/a><\/p>\n<blockquote><p>Els seus habitants, [&#8230;] degueren ser els principals promotors de l\u2019anomenada s\u00e9quia comuna d\u2019Oliva.<sup>366<\/sup><\/p>\n<hr \/>\n<p><span style=\"font-size: 10pt;\"><sup>366<\/sup> L\u2019expressi\u00f3 \u2018comuna\u2019 deu ser una traducci\u00f3 de l\u2019\u00e0rab <em>s\u00e2qiyat al-muw\u00e2hhida,<\/em> \u201cs\u00e9quia comuna, unificada\u201d, que ha restat fossilitzada \u2013entre altres llocs\u2013 en la s\u00e9quia Almohada de la Font Gran de Simat, a la Valldigna.<\/span><\/p><\/blockquote>\n<p>No trobe la forma en \u00e0rab del top\u00f2nim, per\u00f2 seguint la proposta d&#8217;Abel Soler entenc que deu ser una cosa semblant a \u0627\u0644\u0645\u064f\u0648\u064e\u062d\u0650\u0651\u062f\u0629, que en \u00e0rab actual vol dir &#8216;unificada&#8217;.<\/p>\n","protected":false},"excerpt":{"rendered":"<p>A Simat de la Valldigna\u00a0 hi ha la s\u00e9quia de l&#8217;Almo\u00e0 (que es sol escriure \u00abAlmoada\u00bb, o incl\u00fas \u00abAlmohada\u00bb, seguint el costum de fer reinterpretacions normativitzadores). L&#8217;onomast (s. v. Almo\u00e0, l&#8217;) consigna la forma oral usual a la zona: \u00c9s la pron\u00fancia que vaig registrar en la meva enq. (xxxi, 186.22), nom d&#8217;un paratge de [&hellip;]<\/p>\n","protected":false},"author":1,"featured_media":0,"comment_status":"open","ping_status":"open","sticky":false,"template":"","format":"standard","meta":{"footnotes":""},"categories":[18],"tags":[37,57],"class_list":["post-6764","post","type-post","status-publish","format-standard","hentry","category-lletra-a","tag-arab","tag-toponimia"],"post_mailing_queue_ids":[],"_links":{"self":[{"href":"https:\/\/www.cdlpv.org\/fitxes\/wp-json\/wp\/v2\/posts\/6764","targetHints":{"allow":["GET"]}}],"collection":[{"href":"https:\/\/www.cdlpv.org\/fitxes\/wp-json\/wp\/v2\/posts"}],"about":[{"href":"https:\/\/www.cdlpv.org\/fitxes\/wp-json\/wp\/v2\/types\/post"}],"author":[{"embeddable":true,"href":"https:\/\/www.cdlpv.org\/fitxes\/wp-json\/wp\/v2\/users\/1"}],"replies":[{"embeddable":true,"href":"https:\/\/www.cdlpv.org\/fitxes\/wp-json\/wp\/v2\/comments?post=6764"}],"version-history":[{"count":14,"href":"https:\/\/www.cdlpv.org\/fitxes\/wp-json\/wp\/v2\/posts\/6764\/revisions"}],"predecessor-version":[{"id":6798,"href":"https:\/\/www.cdlpv.org\/fitxes\/wp-json\/wp\/v2\/posts\/6764\/revisions\/6798"}],"wp:attachment":[{"href":"https:\/\/www.cdlpv.org\/fitxes\/wp-json\/wp\/v2\/media?parent=6764"}],"wp:term":[{"taxonomy":"category","embeddable":true,"href":"https:\/\/www.cdlpv.org\/fitxes\/wp-json\/wp\/v2\/categories?post=6764"},{"taxonomy":"post_tag","embeddable":true,"href":"https:\/\/www.cdlpv.org\/fitxes\/wp-json\/wp\/v2\/tags?post=6764"}],"curies":[{"name":"wp","href":"https:\/\/api.w.org\/{rel}","templated":true}]}}