{"id":6739,"date":"2024-04-16T20:30:04","date_gmt":"2024-04-16T19:30:04","guid":{"rendered":"https:\/\/www.cdlpv.org\/fitxes\/?p=6739"},"modified":"2024-05-17T08:43:58","modified_gmt":"2024-05-17T06:43:58","slug":"alego","status":"publish","type":"post","link":"https:\/\/www.cdlpv.org\/fitxes\/alego\/","title":{"rendered":"alego"},"content":{"rendered":"<figure id=\"attachment_6752\" aria-describedby=\"caption-attachment-6752\" style=\"width: 300px\" class=\"wp-caption alignleft\"><a href=\"https:\/\/aldc.espais.iec.cat\/files\/2017\/04\/Mapa-1988.pdf\" target=\"_blank\" rel=\"noopener\"><img loading=\"lazy\" decoding=\"async\" class=\"wp-image-6752 size-medium\" src=\"https:\/\/www.cdlpv.org\/fitxes\/wp-content\/uploads\/2024\/04\/alego-300x149.png\" alt=\"\" width=\"300\" height=\"149\" srcset=\"https:\/\/www.cdlpv.org\/fitxes\/wp-content\/uploads\/2024\/04\/alego-300x149.png 300w, https:\/\/www.cdlpv.org\/fitxes\/wp-content\/uploads\/2024\/04\/alego-768x380.png 768w, https:\/\/www.cdlpv.org\/fitxes\/wp-content\/uploads\/2024\/04\/alego-800x400.png 800w, https:\/\/www.cdlpv.org\/fitxes\/wp-content\/uploads\/2024\/04\/alego.png 834w\" sizes=\"auto, (max-width: 300px) 100vw, 300px\" \/><\/a><figcaption id=\"caption-attachment-6752\" class=\"wp-caption-text\"><span style=\"font-size: 10pt;\">Mostres d&#8217;\u00fas de l&#8217;adverbi alego. \/ <abbr class=\"abbrevk\" title=\"Atles ling\u00fc\u00edstic del domini catal\u00e0\">ALDC<\/abbr>.<\/span><\/figcaption><\/figure>\n<p>L&#8217;adverbi <em>alego <\/em>\u2014\u00abl\u2019horrible <em>alego<\/em>\u00bb, segons Fabra (conversa 405, 04.07.1923)\u2014 <a href=\"http:\/\/publicacions.iec.cat\/repository\/pdf\/00000155%5C00000055.pdf\" target=\"_blank\" rel=\"noopener\"><i class=\"fas fa-file-pdf\"><\/i><\/a> t\u00e9 entrada en el <abbr class=\"abbrevk\" title=\"Diccionari catal\u00e0-valenci\u00e0-balear\">dcvb<\/abbr>: <a href=\"https:\/\/dcvb.iec.cat\/results.asp?Word=alego&amp;Id=7802&amp;search=alego\" target=\"_blank\" rel=\"noopener\"><i class=\"fas fa-external-link-alt\"><\/i><\/a><\/p>\n<blockquote><p><strong><span class=\"title\">alego <\/span><\/strong><i>adv. <\/i>vulg.<br \/>\nPrompte, dins poc temps; cast. <i>en seguida. <\/i>\u00ab\u00bfNo vindr\u00e0s?\u2014Alego vinc\u00bb (Valls). \u00abAlego alego ser\u00e0 la fira\u00bb (Baix Maestrat., ap. Garcia G. Vec.).<span class=\"versaleta\"><br \/>\nFon.: <\/span><span style=\"font-family: Gentium;\">\u0259l\u03b5\u0301\u0263u <\/span>(Barc., Pened\u00e8s, Tarr.); <span style=\"font-family: Gentium;\">al\u00e9\u0263o <\/span>(Priorat, Tortosa, Maestrat).<span class=\"versaleta\"><br \/>\nEtim.: <\/span>barbarisme, del cast. <i>luego. <\/i>L&#8217;\u00e8tim llat\u00ed <span style=\"font-family: Gentium;\"><em>\u012bll\u012dco<\/em>, <\/span>proposat de qualc\u00fa, \u00e9s impossible.<\/p>\n<div class=\"su-note small\"  style=\"border-color:#90bfa5;border-radius:3px;-moz-border-radius:3px;-webkit-border-radius:3px;\"><div class=\"su-note-inner su-u-clearfix su-u-trim\" style=\"background-color:#aad9bf;border-color:#ffffff;color:#333333;border-radius:3px;-moz-border-radius:3px;-webkit-border-radius:3px;\"><strong>Nota <abbr class=\"abbrevk\" title=\"Fitxes de Dubtes i Terminologia\"><em>fdt<\/em><\/abbr>.<\/strong> L&#8217;apunt \u00abEntrada co\u0140lectiva\u00bb (27.11.2012) del bloc <em>Llengua L\u00edgur <\/em><a href=\"http:\/\/llengualigur.blogspot.com\/2012\/11\/lhome-del-sac.html\" target=\"_blank\" rel=\"noopener\"><i class=\"fas fa-external-link-alt\"><\/i><\/a> cont\u00e9 dades relacionades amb este i altres adverbis de temps.<\/div><\/div><\/blockquote>\n<p>L&#8217;\u00fas d&#8217;<em>alego<\/em> (amb la variant\u00a0<em>lego<\/em>) s&#8217;est\u00e9n tamb\u00e9 pel Baix Cinca (segons <em>Aproximaci\u00f3 descriptiva a la llengua de Said\u00ed<\/em> d&#8217;H\u00e8ctor Moret Coso i M\u00e0rio Sasot Escuer) <a href=\"https:\/\/books.google.es\/books?id=MwcGT2y-biMC&amp;pg=PA39&amp;dq=alego+adverbi&amp;hl=ca&amp;newbks=1&amp;newbks_redir=0&amp;sa=X&amp;ved=2ahUKEwjklMrKl8aFAxWTh_0HHY5pAbwQ6AF6BAgNEAI#v=onepage&amp;q=alego%20adverbi&amp;f=false\" target=\"_blank\" rel=\"noopener\"><i class=\"fab fa-google\"><\/i><\/a> i arriba a l&#8217;Alguer (pronunciat \u00ablegu\u00bb) <a href=\"http:\/\/www.algueres.net\/vocabols\/25877\/lego.aspx\" target=\"_blank\" rel=\"noopener\"><i class=\"fas fa-external-link-alt\"><\/i><\/a>, dades que apareixen en el mapa 1.988 de l&#8217;<abbr class=\"abbrevk\" title=\"Atles ling\u00fc\u00edstic del domini catal\u00e0\">aldc<\/abbr>. <a href=\"https:\/\/aldc.espais.iec.cat\/files\/2017\/04\/Mapa-1988.pdf\" target=\"_blank\" rel=\"noopener\"><i class=\"fas fa-file-pdf\"><\/i><\/a> En l&#8217;article \u00abPerviv\u00e8ncia de formes l\u00e8xiques patrimonials de l&#8217;Alt Camp en els estudiants de secund\u00e0ria de Valls\u00bb (2000) Anna Montserrat Ciurana exposa: <a href=\"https:\/\/raco.cat\/index.php\/BISO\/article\/view\/414870\/509691\" target=\"_blank\" rel=\"noopener\"><i class=\"fas fa-file-pdf\"><\/i><\/a><\/p>\n<blockquote><p>Encara que el seu car\u00e0cter de castellanisme sigui indiscutible, caldria d\u2019una banda estudiar-ne l\u2019antiguitat, i de l\u2019altra, veure que el significat que li atribu\u00efm en catal\u00e0 (\u2019aviat, de seguida\u2019) varia respecte del castell\u00e0 (\u2019despr\u00e9s, m\u00e9s tard\u2019).<sup>1<\/sup> Pel que fa a la seva perviv\u00e8ncia, el 32 % dels enquestats demostren tenir-ne compet\u00e8ncia passiva i el 25 % tamb\u00e9 activa. De fet, sobta que els dos percentatges no siguin m\u00e9s extrems, \u00e9s a dir, si tenim en compte l\u2019alt \u00edndex de freq\u00fc\u00e8ncia d\u2019aquest adverbi, que en generacions de m\u00e9s edat segueix convivint amb <em>aviat<\/em>, sorpr\u00e8n que <em>alego<\/em> no sigui conegut per la pr\u00e0ctica totalitat dels informants* (compet\u00e8ncia passiva), i d\u2019altra banda, la forta estigmatitzaci\u00f3 que t\u00e9 \u2014no nom\u00e9s com a \u00abantiquat\u00bb, sin\u00f3 tamb\u00e9 com a castellanisme\u2014 conduiria a suposar que, en ser interrogats, els informants triarien altres solucions menys connotades (compet\u00e8ncia activa).<\/p>\n<div class=\"su-note small\"  style=\"border-color:#cdd173;border-radius:3px;-moz-border-radius:3px;-webkit-border-radius:3px;\"><div class=\"su-note-inner su-u-clearfix su-u-trim\" style=\"background-color:#e7eb8d;border-color:#ffffff;color:#333333;border-radius:3px;-moz-border-radius:3px;-webkit-border-radius:3px;\">* En realitat, un 7 % dels enquestats van confondre aquesta forma amb la primera persona del present d\u2019indicatiu del verb <em>a\u0140legar<\/em>, amb la qual cosa el percentatge de competents passius podria augmentar lleugerament.<\/div><\/div>\n<div class=\"su-note small\"  style=\"border-color:#90bfa5;border-radius:3px;-moz-border-radius:3px;-webkit-border-radius:3px;\"><div class=\"su-note-inner su-u-clearfix su-u-trim\" style=\"background-color:#aad9bf;border-color:#ffffff;color:#333333;border-radius:3px;-moz-border-radius:3px;-webkit-border-radius:3px;\">1. <strong>Nota <em><span class=\"versaleta\">fdt<\/span><\/em>. <\/strong>El company Josep Mol\u00e9s recorda en un comentari (13.05.2024) que actualment encara es mant\u00e9 dialectalment el valor hist\u00f2ric d&#8217;immediatesa de <em>luego<\/em>. Sobre eixa q\u00fcesti\u00f3 podem consultar alguns estudis, com ara:<\/p>\n<ul>\n<li>Garc\u00eda Rodr\u00edguez, Manuela (2007): \u00abRevisi\u00f3n de los valores de luego en los textos medievales zamoranos\u00bb <a href=\"https:\/\/minerva.usc.es\/xmlui\/bitstream\/handle\/10347\/6075\/13-Garc%c3%adaRodr%c3%adguez.pdf?sequence=1&amp;isAllowed=y\" target=\"_blank\" rel=\"noopener\"><i class=\"fas fa-file-pdf\"><\/i><\/a><\/li>\n<li>Hern\u00e1ndez Hern\u00e1ndez, Esther (2015): \u00abLa variaci\u00f3n de <em>luego<\/em> y su evoluci\u00f3n hist\u00f3rica\u00bb <a href=\"https:\/\/digital.csic.es\/bitstream\/10261\/242478\/1\/Variacio%CC%81n_luego_evoluci%C3%B3n_hist%C3%B3rica.pdf\" target=\"_blank\" rel=\"noopener\"><i class=\"fas fa-file-pdf\"><\/i><\/a><\/li>\n<li>Herrero Ruiz de Loizaga, Francisco Javier (2017): \u00ab<em>Enseguida<\/em> e <em>inmediatamente.<\/em> Creaci\u00f3n de adverbios temporales de inmediatez en el espa\u00f1ol moderno\u00bb <a href=\"https:\/\/revistas.rae.es\/brae\/article\/view\/205\" target=\"_blank\" rel=\"noopener\"><i class=\"fas fa-external-link-alt\"><\/i><\/a><\/li>\n<li>Herrero Ruiz de Loizaga, Francisco Javier (2018): \u00abLa expresi\u00f3n de la posterioridad inmediata: mantenimiento, p\u00e9rdida y renovaci\u00f3n de nexos y variaci\u00f3n diat\u00f3pica\u00bb <a href=\"https:\/\/ifc.dpz.es\/recursos\/publicaciones\/37\/60\/40herrero.pdf\" target=\"_blank\" rel=\"noopener\"><i class=\"fas fa-file-pdf\"><\/i><\/a><br \/>\n<\/div><\/div><\/li>\n<\/ul>\n<\/blockquote>\n<p>Quant a les possibilitats d&#8217;\u00fas general d&#8217;esta paraula m\u00e9s enll\u00e0 dels \u00e0mbits on encara \u00e9s usual, l&#8217;Institut d&#8217;Estudis Catalans va considerar fa uns anys en la seua proposta d&#8217;est\u00e0ndard oral (2018) que <em>alego<\/em> i <em>lego<\/em> no s&#8217;havien d&#8217;admetre. <a href=\"https:\/\/publicacions.iec.cat\/repository\/pdf\/00000270\/00000077.pdf\" target=\"_blank\" rel=\"noopener\"><i class=\"fas fa-file-pdf\"><\/i><\/a> Tot dependr\u00e0 de la persist\u00e8ncia dels usuaris o, incl\u00fas, de les obres liter\u00e0ries que la puguen rescatar. En relaci\u00f3 amb eixe corrent literari actual d&#8217;obertura a les varietats dialectals (16.04.2024), podem llegir el petit relat \u00abAlego\u00bb de Carme Andrade Platero <a href=\"https:\/\/pdvcontes.com\/2024\/04\/09\/carme-andrade-2\/\" target=\"_blank\" rel=\"noopener\"><i class=\"fas fa-external-link-alt\"><\/i><\/a>, que comen\u00e7a aixina:<\/p>\n<blockquote>\n<h2 style=\"text-align: center;\">Alego<\/h2>\n<p>Els dies de festa, a la tornada del mas, tota la fam\u00edlia camin\u00e0vem uns minuts per una pista pedregosa i plena de clots fins arribar a la clariana del bosc on hav\u00edem deixat el cotxe. En un dels revolts, un cartell clavat en un pi anunciava un salt d\u2019aigua, una fletxa i el nombre de metres fins arribar-hi: 300 m. Darrere el cartell el bosc s\u2019espessia i oferia als meus ulls d\u2019infant l\u2019entrada a un m\u00f3n fosc i atractiu i alhora inquietant. Moltes vegades preguntava a l\u2019oncle del mas si el lloc era bonic i si algun dia m\u2019hi portaria. I la resposta era sempre la mateixa. <em>Alego. <\/em>[&#8230;]<\/blockquote>\n","protected":false},"excerpt":{"rendered":"<p>L&#8217;adverbi alego \u2014\u00abl\u2019horrible alego\u00bb, segons Fabra (conversa 405, 04.07.1923)\u2014 t\u00e9 entrada en el dcvb: alego adv. vulg. Prompte, dins poc temps; cast. en seguida. \u00ab\u00bfNo vindr\u00e0s?\u2014Alego vinc\u00bb (Valls). \u00abAlego alego ser\u00e0 la fira\u00bb (Baix Maestrat., ap. Garcia G. Vec.). Fon.: \u0259l\u03b5\u0301\u0263u (Barc., Pened\u00e8s, Tarr.); al\u00e9\u0263o (Priorat, Tortosa, Maestrat). Etim.: barbarisme, del cast. luego. L&#8217;\u00e8tim llat\u00ed [&hellip;]<\/p>\n","protected":false},"author":1,"featured_media":0,"comment_status":"open","ping_status":"open","sticky":false,"template":"","format":"standard","meta":{"footnotes":""},"categories":[18],"tags":[153,140,17],"class_list":["post-6739","post","type-post","status-publish","format-standard","hentry","category-lletra-a","tag-adverbis","tag-dialectes","tag-lexic"],"post_mailing_queue_ids":[],"_links":{"self":[{"href":"https:\/\/www.cdlpv.org\/fitxes\/wp-json\/wp\/v2\/posts\/6739","targetHints":{"allow":["GET"]}}],"collection":[{"href":"https:\/\/www.cdlpv.org\/fitxes\/wp-json\/wp\/v2\/posts"}],"about":[{"href":"https:\/\/www.cdlpv.org\/fitxes\/wp-json\/wp\/v2\/types\/post"}],"author":[{"embeddable":true,"href":"https:\/\/www.cdlpv.org\/fitxes\/wp-json\/wp\/v2\/users\/1"}],"replies":[{"embeddable":true,"href":"https:\/\/www.cdlpv.org\/fitxes\/wp-json\/wp\/v2\/comments?post=6739"}],"version-history":[{"count":17,"href":"https:\/\/www.cdlpv.org\/fitxes\/wp-json\/wp\/v2\/posts\/6739\/revisions"}],"predecessor-version":[{"id":6754,"href":"https:\/\/www.cdlpv.org\/fitxes\/wp-json\/wp\/v2\/posts\/6739\/revisions\/6754"}],"wp:attachment":[{"href":"https:\/\/www.cdlpv.org\/fitxes\/wp-json\/wp\/v2\/media?parent=6739"}],"wp:term":[{"taxonomy":"category","embeddable":true,"href":"https:\/\/www.cdlpv.org\/fitxes\/wp-json\/wp\/v2\/categories?post=6739"},{"taxonomy":"post_tag","embeddable":true,"href":"https:\/\/www.cdlpv.org\/fitxes\/wp-json\/wp\/v2\/tags?post=6739"}],"curies":[{"name":"wp","href":"https:\/\/api.w.org\/{rel}","templated":true}]}}