{"id":6710,"date":"2024-04-09T20:30:00","date_gmt":"2024-04-09T19:30:00","guid":{"rendered":"https:\/\/www.cdlpv.org\/fitxes\/?p=6710"},"modified":"2024-04-23T07:53:18","modified_gmt":"2024-04-23T06:53:18","slug":"safunyar","status":"publish","type":"post","link":"https:\/\/www.cdlpv.org\/fitxes\/safunyar\/","title":{"rendered":"safunyar"},"content":{"rendered":"<figure id=\"attachment_6727\" aria-describedby=\"caption-attachment-6727\" style=\"width: 300px\" class=\"wp-caption alignleft\"><a target=\"_blank\" href=\"https:\/\/www.cdlpv.org\/fitxes\/wp-content\/uploads\/2024\/04\/Safunyar.png\" rel=\"noopener\"><img loading=\"lazy\" decoding=\"async\" class=\"size-medium wp-image-6727\" src=\"https:\/\/www.cdlpv.org\/fitxes\/wp-content\/uploads\/2024\/04\/Safunyar-300x300.png\" alt=\"\" width=\"300\" height=\"300\" srcset=\"https:\/\/www.cdlpv.org\/fitxes\/wp-content\/uploads\/2024\/04\/Safunyar-300x300.png 300w, https:\/\/www.cdlpv.org\/fitxes\/wp-content\/uploads\/2024\/04\/Safunyar-150x150.png 150w, https:\/\/www.cdlpv.org\/fitxes\/wp-content\/uploads\/2024\/04\/Safunyar.png 331w\" sizes=\"auto, (max-width: 300px) 100vw, 300px\" \/><\/a><figcaption id=\"caption-attachment-6727\" class=\"wp-caption-text\"><span style=\"font-size: 10pt;\">El verb safunyar i\u0140lustra una samarreta de Lola Terreta amb l\u00e8xic t\u00edpic de Carcaixent. \/ <a href=\"https:\/\/twitter.com\/LolaTerreta\/status\/1325820916425744384\" target=\"_blank\" rel=\"noopener\">Lola Terreta<\/a>.<\/span><\/figcaption><\/figure>\n<p>El verb\u00a0<em>safunyar<\/em> \u00e9s un verb transitiu d&#8217;\u00fas habitual en els registres col\u00b7loquials (almenys a la Safor i la Ribera). El recollia fa m\u00e9s de vint anys Emili Casanova Herrero (\u00abEl l\u00e8xic valenci\u00e0 en el DIEC (1995)\u00bb; p\u00e0g. 83, ap\u00e8ndix 5 d&#8217;<abbr class=\"abbrevk\" title=\"Estudis del valenci\u00e0 d'ara\">eva<\/abbr>), <a href=\"https:\/\/books.google.es\/books?redir_esc=y&amp;hl=ca&amp;id=FQkrWLAbp6IC&amp;focus=searchwithinvolume&amp;q=safunyar\" target=\"_blank\" rel=\"noopener\"><i class=\"fab fa-google\"><\/i><\/a> entre les paraules absents del <em><span class=\"versaleta\">diec, <\/span><\/em>diccionari que continua sense incorporar el verb (consulta: 09.04.2024). El <abbr class=\"abbrevk\" title=\"Diccionari catal\u00e0-valenci\u00e0-balear\">dcvb<\/abbr> s\u00ed que l&#8217;havia incorporat anteriorment: <a href=\"https:\/\/dcvb.iec.cat\/results.asp?Word=safunyar&amp;Id=127856&amp;search=safunyar\"><i class=\"fas fa-external-link-alt\"><\/i><\/a><\/p>\n<blockquote><p><strong><span class=\"title\">safunyar <\/span><\/strong><i>v. tr. <\/i><br \/>\nManyuclar o remenar grosserament (val.). \u00abCuando manoseando u palpando las frutas tiernas&#8230; se rebientan algunas o alguna, quedando todas o las m\u00e1s untadas, eso en valenciano se dice <i>safunyar<\/i>\u00bb (Ros Dicc. 318).<\/p><\/blockquote>\n<p>Posteriorment, el <em><span class=\"versaleta\">dnv<\/span><\/em> ha acceptat\u00a0<em>safunyar <\/em><a href=\"https:\/\/www.avl.gva.es\/lexicval\/?paraula=safunyar\" target=\"_blank\" rel=\"noopener\"><i class=\"fas fa-external-link-alt\"><\/i><\/a> com a forma secund\u00e0ria que remet a <em>saforejar, <\/em>amb les accepcions seg\u00fcents:<\/p>\n<blockquote><p><strong>1.<\/strong> <em>v. tr.<\/em> Remoure desordenadament (una cosa). <em>No saforeges el plat. No li saforeges l&#8217;armari.<\/em><br \/>\n<strong>2.<\/strong> <em>v. tr.<\/em> Embrutar, empastrar amb un l\u00edquid o una mat\u00e8ria pastosa.<\/p><\/blockquote>\n<p>Eugeni Reig l&#8217;havia arreplegat en <em>El valenci\u00e0 de sempre<\/em> (2015), per\u00f2 no l&#8217;havia fet del tot sin\u00f2nim de <em>saforejar <\/em>(&#8216;remoure toquejant amb les mans&#8217;), encara que la definici\u00f3 de <em>safunyar<\/em> indicava que era una acci\u00f3 semblant (&#8216;toquejar grosserament amb les mans&#8217;). Posteriorment, Joseph Gulsoy (\u00abEl problema de l\u2019etimologia de <em>xafardejar, xafarder, xafarderia<\/em>\u00bb, 2016) <a href=\"https:\/\/llibres.urv.cat\/index.php\/purv\/catalog\/download\/197\/180\/443-1?inline=1\" target=\"_blank\" rel=\"noopener\"><i class=\"fas fa-file-pdf\"><\/i><\/a> ha proposat l&#8217;origen del verb:<\/p>\n<blockquote>[&#8230;] \u00ab<em>safunyar<\/em> \u2018bazucar\u2019 en Ros, 1764; encontramos adem\u00e1s una var. del \u00faltimo verbo, <em>xafunyar<\/em> \u2018exprimir la uva en el lagar\u2019, en una obra de C. Llombart (<em>Tabal i donsayna,<\/em> 120). El verbo <em>xafunyar<\/em> acusa una base <em>xafar<\/em> con una contaminaci\u00f3n de <em>funyar<\/em> \u2018estrujar\u2019 (y es seg\u00fan Alcover-Moll, usual en Ibiza como \u2018pisar la uva\u2019)\u00bb (p. 330).<\/p>\n<p>Ara, per\u00f2, m\u00e9s aviat diria: <em>xafunyar<\/em> s\u2019havia format de l\u2019 encreuament de <em>fonyar<\/em> i <em>xafar,<\/em> verbs que l\u2019un i l\u2019altre t\u00e9 el sentit de \u2018xafar el ra\u00efm\u2019; de <em>xafunyar<\/em> es va formar secund\u00e0riament <em>safunyar<\/em> d\u2019acord el model de <em>safareig \/ xafareig<\/em> i <em>safor \/ xafor<\/em> (cf. \u00a7 3.4).<\/p><\/blockquote>\n","protected":false},"excerpt":{"rendered":"<p>El verb\u00a0safunyar \u00e9s un verb transitiu d&#8217;\u00fas habitual en els registres col\u00b7loquials (almenys a la Safor i la Ribera). El recollia fa m\u00e9s de vint anys Emili Casanova Herrero (\u00abEl l\u00e8xic valenci\u00e0 en el DIEC (1995)\u00bb; p\u00e0g. 83, ap\u00e8ndix 5 d&#8217;eva), entre les paraules absents del diec, diccionari que continua sense incorporar el verb (consulta: [&hellip;]<\/p>\n","protected":false},"author":1,"featured_media":0,"comment_status":"open","ping_status":"open","sticky":false,"template":"","format":"standard","meta":{"footnotes":""},"categories":[33],"tags":[17,53,62],"class_list":["post-6710","post","type-post","status-publish","format-standard","hentry","category-lletra-s","tag-lexic","tag-revisions","tag-verbs"],"post_mailing_queue_ids":[],"_links":{"self":[{"href":"https:\/\/www.cdlpv.org\/fitxes\/wp-json\/wp\/v2\/posts\/6710","targetHints":{"allow":["GET"]}}],"collection":[{"href":"https:\/\/www.cdlpv.org\/fitxes\/wp-json\/wp\/v2\/posts"}],"about":[{"href":"https:\/\/www.cdlpv.org\/fitxes\/wp-json\/wp\/v2\/types\/post"}],"author":[{"embeddable":true,"href":"https:\/\/www.cdlpv.org\/fitxes\/wp-json\/wp\/v2\/users\/1"}],"replies":[{"embeddable":true,"href":"https:\/\/www.cdlpv.org\/fitxes\/wp-json\/wp\/v2\/comments?post=6710"}],"version-history":[{"count":10,"href":"https:\/\/www.cdlpv.org\/fitxes\/wp-json\/wp\/v2\/posts\/6710\/revisions"}],"predecessor-version":[{"id":6783,"href":"https:\/\/www.cdlpv.org\/fitxes\/wp-json\/wp\/v2\/posts\/6710\/revisions\/6783"}],"wp:attachment":[{"href":"https:\/\/www.cdlpv.org\/fitxes\/wp-json\/wp\/v2\/media?parent=6710"}],"wp:term":[{"taxonomy":"category","embeddable":true,"href":"https:\/\/www.cdlpv.org\/fitxes\/wp-json\/wp\/v2\/categories?post=6710"},{"taxonomy":"post_tag","embeddable":true,"href":"https:\/\/www.cdlpv.org\/fitxes\/wp-json\/wp\/v2\/tags?post=6710"}],"curies":[{"name":"wp","href":"https:\/\/api.w.org\/{rel}","templated":true}]}}