{"id":6659,"date":"2024-03-15T20:30:42","date_gmt":"2024-03-15T19:30:42","guid":{"rendered":"https:\/\/www.cdlpv.org\/fitxes\/?p=6659"},"modified":"2024-04-23T07:56:20","modified_gmt":"2024-04-23T06:56:20","slug":"pomada","status":"publish","type":"post","link":"https:\/\/www.cdlpv.org\/fitxes\/pomada\/","title":{"rendered":"pomada"},"content":{"rendered":"<figure style=\"width: 344px\" class=\"wp-caption alignleft\"><a target=\"_blank\" href=\"https:\/\/xoriguer.es\/pomada-xoriguer-se-va-de-fallas\/\" rel=\"noopener\"><img loading=\"lazy\" decoding=\"async\" src=\"https:\/\/xoriguer.es\/wp-content\/uploads\/2022\/03\/POST_NOTICIAS_WEB_FALLAS-2048x1366.jpg\" alt=\"Pomada Xoriguer\" width=\"344\" height=\"229\" \/><\/a><figcaption class=\"wp-caption-text\"><span style=\"font-size: 10pt;\">Anunci de promoci\u00f3 per al temps de Falles de la pomada elaborada per la marca Xoriguer.<\/span><\/figcaption><\/figure>\n<p>La paraula <em>pomada<\/em> hauria de tindre en els diccionaris una accepci\u00f3 semblant a esta:<\/p>\n<blockquote><p><strong>pomada<br \/>\n<\/strong><em>f.<\/em> Beguda menorquina elaborada a base de ginebra aut\u00f2ctona, sucre i suc o refresc de llima.<\/p><\/blockquote>\n<p>Hi ha documentaci\u00f3 interessant per a considerar-ho, ja que la paraula \u00e9s coneguda des de la segona mitat del segle xx (\u00abDe l&#8217;aigua amb casalla al mojito o la pomada\u00bb, <em>Ara Balears, <\/em>14.09.2013) <a href=\"https:\/\/www.arabalears.cat\/portada\/llimonada-laperitiu-encalentint-mojito-mallorquina_1_2938660.html\" target=\"_blank\" rel=\"noopener\"><i class=\"fas fa-external-link-alt\"><\/i><\/a> i, a m\u00e9s, apareix ja en obres liter\u00e0ries i en llibres sobre cocteleria:<\/p>\n<ul>\n<li><em>33: Een dagenbroek<\/em> (2016) de Cees Noteboom <a href=\"https:\/\/books.google.es\/books?id=CWIqDQAAQBAJ&amp;printsec=frontcover&amp;dq=533:+Een+dagenboek&amp;hl=ca&amp;newbks=1&amp;newbks_redir=0&amp;sa=X&amp;redir_esc=y#v=snippet&amp;q=pomada&amp;f=false\" target=\"_blank\" rel=\"noopener\"><i class=\"fab fa-google\"><\/i><\/a><\/li>\n<li><em>Els dies bons<\/em> (2021) d&#8217;Aina Fullana Llull<\/li>\n<li><em>Des de la barra<\/em> (2023) d&#8217;Esther Mart\u00ednez <a href=\"https:\/\/books.google.es\/books?id=tH62EAAAQBAJ&amp;printsec=frontcover&amp;dq=des+de+la+barra+pomada&amp;hl=ca&amp;newbks=1&amp;newbks_redir=0&amp;sa=X&amp;redir_esc=y#v=onepage&amp;q=des%20de%20la%20barra%20pomada&amp;f=false\" target=\"_blank\" rel=\"noopener\"><i class=\"fab fa-google\"><\/i><\/a><\/li>\n<\/ul>\n<p>L&#8217;<abbr class=\"versaleta\" title=\"Acad\u00e8mia Valenciana de la Llengua\">avl<\/abbr> ja t\u00e9 la proposta per al <abbr class=\"versaleta\" title=\"Diccionari normatiu valenci\u00e0\"><em>dnv<\/em><\/abbr> en la b\u00fastia (15.03.2024). <a href=\"https:\/\/www.avl.gva.es\/lexicval\/?paraula=pomada\" target=\"_blank\" rel=\"noopener\"><i class=\"fas fa-external-link-alt\"><\/i><\/a><\/p>\n","protected":false},"excerpt":{"rendered":"<p>La paraula pomada hauria de tindre en els diccionaris una accepci\u00f3 semblant a esta: pomada f. Beguda menorquina elaborada a base de ginebra aut\u00f2ctona, sucre i suc o refresc de llima. Hi ha documentaci\u00f3 interessant per a considerar-ho, ja que la paraula \u00e9s coneguda des de la segona mitat del segle xx (\u00abDe l&#8217;aigua amb [&hellip;]<\/p>\n","protected":false},"author":1,"featured_media":0,"comment_status":"open","ping_status":"open","sticky":false,"template":"","format":"standard","meta":{"footnotes":""},"categories":[50],"tags":[17,91],"class_list":["post-6659","post","type-post","status-publish","format-standard","hentry","category-lletra-p","tag-lexic","tag-substantius"],"post_mailing_queue_ids":[],"_links":{"self":[{"href":"https:\/\/www.cdlpv.org\/fitxes\/wp-json\/wp\/v2\/posts\/6659","targetHints":{"allow":["GET"]}}],"collection":[{"href":"https:\/\/www.cdlpv.org\/fitxes\/wp-json\/wp\/v2\/posts"}],"about":[{"href":"https:\/\/www.cdlpv.org\/fitxes\/wp-json\/wp\/v2\/types\/post"}],"author":[{"embeddable":true,"href":"https:\/\/www.cdlpv.org\/fitxes\/wp-json\/wp\/v2\/users\/1"}],"replies":[{"embeddable":true,"href":"https:\/\/www.cdlpv.org\/fitxes\/wp-json\/wp\/v2\/comments?post=6659"}],"version-history":[{"count":9,"href":"https:\/\/www.cdlpv.org\/fitxes\/wp-json\/wp\/v2\/posts\/6659\/revisions"}],"predecessor-version":[{"id":6662,"href":"https:\/\/www.cdlpv.org\/fitxes\/wp-json\/wp\/v2\/posts\/6659\/revisions\/6662"}],"wp:attachment":[{"href":"https:\/\/www.cdlpv.org\/fitxes\/wp-json\/wp\/v2\/media?parent=6659"}],"wp:term":[{"taxonomy":"category","embeddable":true,"href":"https:\/\/www.cdlpv.org\/fitxes\/wp-json\/wp\/v2\/categories?post=6659"},{"taxonomy":"post_tag","embeddable":true,"href":"https:\/\/www.cdlpv.org\/fitxes\/wp-json\/wp\/v2\/tags?post=6659"}],"curies":[{"name":"wp","href":"https:\/\/api.w.org\/{rel}","templated":true}]}}