{"id":6646,"date":"2024-03-15T20:30:05","date_gmt":"2024-03-15T19:30:05","guid":{"rendered":"https:\/\/www.cdlpv.org\/fitxes\/?p=6646"},"modified":"2024-04-23T07:56:43","modified_gmt":"2024-04-23T06:56:43","slug":"ahi","status":"publish","type":"post","link":"https:\/\/www.cdlpv.org\/fitxes\/ahi\/","title":{"rendered":"ah\u00ed"},"content":{"rendered":"<p><a target=\"_blank\" href=\"https:\/\/dogv.gva.es\/datos\/2017\/12\/20\/pdf\/2017_11704.pdf\" rel=\"noopener\"><img loading=\"lazy\" decoding=\"async\" class=\"alignleft wp-image-6655 size-full\" src=\"https:\/\/www.cdlpv.org\/fitxes\/wp-content\/uploads\/2024\/03\/ahi.png\" alt=\"\" width=\"167\" height=\"185\" \/><\/a>La gram\u00e0tica de l&#8217;Institut d&#8217;Estudis Catalans (\u00a7 20.4.1) <a href=\"https:\/\/giec.iec.cat\/textgramatica\/codi\/20.4.1\" target=\"_blank\" rel=\"noopener\"><i class=\"fas fa-external-link-alt\"><\/i><\/a> delimita en una nota i de manera poc precisa l&#8217;\u00fas de l&#8217;adverbi <em>ah\u00ed<\/em> en valenci\u00e0:<\/p>\n<blockquote><p>Amb el valor de segon grau, col\u00b7loquialment s\u2019usa en valenci\u00e0 la forma <em>ah\u00ed<\/em> i en parlars nord-occidentals la forma <em>ast\u00ed,<\/em> que s\u2019eviten en els registres formals.<\/p><\/blockquote>\n<p>Les dades que podem documentar en l&#8217;\u00fas real indiquen que no es tracta d&#8217;un element exclusiu del registre col\u00b7loquial, sin\u00f3 que t\u00e9 un \u00fas normal en tots els registres quan \u00e9s necessari utilitzar eixa refer\u00e8ncia d\u00edctica de segon grau. Probablement per aix\u00f2 el <em><abbr class=\"versaleta\" title=\"Diccionari normatiu valenci\u00e0\">dnv<\/abbr><\/em> <a href=\"https:\/\/www.avl.gva.es\/lexicval\/?paraula=ah\u00ed\" data-saferedirecturl=\"https:\/\/www.google.com\/url?q=https:\/\/www.avl.gva.es\/lexicval\/?paraula%3Dah%C3%AD&amp;source=gmail&amp;ust=1710407390608000&amp;usg=AOvVaw39HBA1EjeCBgKiiu-Wu45-\"><i class=\"fas fa-external-link-alt\"><\/i><\/a> dona com a forma principal l&#8217;adverbi <em>ah\u00ed<\/em> (al qual es remet des d&#8217;<em>aqu\u00ed<\/em>) <a href=\"https:\/\/www.avl.gva.es\/lexicval\/?paraula=aqu\u00ed\" data-saferedirecturl=\"https:\/\/www.google.com\/url?q=https:\/\/www.avl.gva.es\/lexicval\/?paraula%3Daqu%C3%AD&amp;source=gmail&amp;ust=1710407390608000&amp;usg=AOvVaw213Gx6PJuRfaS0KIGTt9jl\"><i class=\"fas fa-external-link-alt\"><\/i><\/a> i la <em><abbr title=\"Gram\u00e0tica normativa valenciana\">gnv<\/abbr><\/em> (\u00a7 27.4.1) <a href=\"https:\/\/www.upv.es\/entidades\/SPNL\/info\/U0734521.pdf\" data-saferedirecturl=\"https:\/\/www.google.com\/url?q=https:\/\/www.upv.es\/entidades\/SPNL\/info\/U0734521.pdf&amp;source=gmail&amp;ust=1710407390608000&amp;usg=AOvVaw3cB8Hdn4yWG218SD_fe1_2\"><i class=\"fas fa-external-link-alt\"><\/i><\/a> la tracta com a forma \u00fanica per al segon grau de proximitat.<\/p>\n<p>En l&#8217;\u00fas general en valenci\u00e0 en qualsevol registre, la forma <em>ah\u00ed<\/em> \u00e9s utilitzada sense cap connotaci\u00f3 estil\u00edstica. De fet, la mateixa <em>Guia d&#8217;usos ling\u00fc\u00edstics<\/em> (2002) <a href=\"https:\/\/books.google.es\/books?id=9-ZaZSphY6UC&amp;pg=PP124&amp;dq=%22ah%C3%AD+%22+llengua&amp;hl=ca&amp;newbks=1&amp;newbks_redir=0&amp;sa=X&amp;ved=2ahUKEwjm-6uV3N-EAxWxUqQEHXy2CdA4FBDoAXoECAcQAg#v=onepage&amp;q=%22ah%C3%AD%20%22%20llengua&amp;f=false\" data-saferedirecturl=\"https:\/\/www.google.com\/url?q=https:\/\/books.google.es\/books?id%3D9-ZaZSphY6UC%26pg%3DPP124%26dq%3D%2522ah%25C3%25AD%2B%2522%2Bllengua%26hl%3Dca%26newbks%3D1%26newbks_redir%3D0%26sa%3DX%26ved%3D2ahUKEwjm-6uV3N-EAxWxUqQEHXy2CdA4FBDoAXoECAcQAg%23v%3Donepage%26q%3D%2522ah%25C3%25AD%2520%2522%2520llengua%26f%3Dfalse&amp;source=gmail&amp;ust=1710407390608000&amp;usg=AOvVaw1IFshlR3fwX3DnPk8QdDjD\"><i class=\"fas fa-external-link-alt\"><\/i><\/a> de l&#8217;<abbr title=\"Institut Interuniversitari de Filologia Valenciana\">IIFV<\/abbr> fa anys que va admetre que la forma <em>ah\u00ed <\/em>havia substitu\u00eft la forma <em>aqu\u00ed<\/em> en la llengua general de \u00abparlars valencians\u00bb. Joaquim Mart\u00ed Mestre indicava en una nota d&#8217;<em>El &#8216;Llibre de Antiquitats&#8217; de la seu de Val\u00e8ncia <\/em>(1994): <a href=\"https:\/\/books.google.es\/books?id=DHrFPpjgrM8C&amp;pg=PA147&amp;dq=%22ah%C3%AD+%22+llengua&amp;hl=ca&amp;newbks=1&amp;newbks_redir=0&amp;sa=X&amp;ved=2ahUKEwj38dLR3t-EAxVWAfsDHSwnCHo4KBDoAXoECAoQAg#v=onepage&amp;q=%22ah%C3%AD%20%22%20llengua&amp;f=false\" data-saferedirecturl=\"https:\/\/www.google.com\/url?q=https:\/\/books.google.es\/books?id%3DDHrFPpjgrM8C%26pg%3DPA147%26dq%3D%2522ah%25C3%25AD%2B%2522%2Bllengua%26hl%3Dca%26newbks%3D1%26newbks_redir%3D0%26sa%3DX%26ved%3D2ahUKEwj38dLR3t-EAxVWAfsDHSwnCHo4KBDoAXoECAoQAg%23v%3Donepage%26q%3D%2522ah%25C3%25AD%2520%2522%2520llengua%26f%3Dfalse&amp;source=gmail&amp;ust=1710407390608000&amp;usg=AOvVaw3UQml3uR2a6s_dg43r6eZE\"><i class=\"fas fa-external-link-alt\"><\/i><\/a><\/p>\n<blockquote><p>192. Actualment, com \u00e9s sabut, en valenci\u00e0 general s&#8217;ha perdut de la llengua parlada el demostratiu <em>aqu\u00ed,<\/em> i s&#8217;hi ha introdu\u00eft, ja des del segle <span class=\"versaleta\">xvi<\/span>, el castell\u00e0 <em>ah\u00ed.<\/em><\/p><\/blockquote>\n<p>A la vista de les dades sobre l&#8217;\u00fas actual de la forma <em>ah\u00ed<\/em> en valenci\u00e0, convindria que l&#8217;<span class=\"versaleta\">iec<\/span> revisara el seu punt de vista que atribu\u00efx l&#8217;\u00fas d&#8217;eixa forma no tant a un dialecte (valenci\u00e0) sin\u00f3 que la restringix al registre col\u00b7loquial valenci\u00e0. Les dades actuals mostren que eixa restricci\u00f3 no s&#8217;ajusta a l&#8217;\u00fas real que es fa en valenci\u00e0 d&#8217;eixe adverbi. L&#8217;institut va respondre (07.03.2024) que ho revisaran.<\/p>\n","protected":false},"excerpt":{"rendered":"<p>La gram\u00e0tica de l&#8217;Institut d&#8217;Estudis Catalans (\u00a7 20.4.1) delimita en una nota i de manera poc precisa l&#8217;\u00fas de l&#8217;adverbi ah\u00ed en valenci\u00e0: Amb el valor de segon grau, col\u00b7loquialment s\u2019usa en valenci\u00e0 la forma ah\u00ed i en parlars nord-occidentals la forma ast\u00ed, que s\u2019eviten en els registres formals. Les dades que podem documentar en [&hellip;]<\/p>\n","protected":false},"author":1,"featured_media":0,"comment_status":"open","ping_status":"open","sticky":false,"template":"","format":"standard","meta":{"footnotes":""},"categories":[18],"tags":[153,86,87,17,12],"class_list":["post-6646","post","type-post","status-publish","format-standard","hentry","category-lletra-a","tag-adverbis","tag-giec","tag-gnv","tag-lexic","tag-normativa"],"post_mailing_queue_ids":[],"_links":{"self":[{"href":"https:\/\/www.cdlpv.org\/fitxes\/wp-json\/wp\/v2\/posts\/6646","targetHints":{"allow":["GET"]}}],"collection":[{"href":"https:\/\/www.cdlpv.org\/fitxes\/wp-json\/wp\/v2\/posts"}],"about":[{"href":"https:\/\/www.cdlpv.org\/fitxes\/wp-json\/wp\/v2\/types\/post"}],"author":[{"embeddable":true,"href":"https:\/\/www.cdlpv.org\/fitxes\/wp-json\/wp\/v2\/users\/1"}],"replies":[{"embeddable":true,"href":"https:\/\/www.cdlpv.org\/fitxes\/wp-json\/wp\/v2\/comments?post=6646"}],"version-history":[{"count":10,"href":"https:\/\/www.cdlpv.org\/fitxes\/wp-json\/wp\/v2\/posts\/6646\/revisions"}],"predecessor-version":[{"id":6788,"href":"https:\/\/www.cdlpv.org\/fitxes\/wp-json\/wp\/v2\/posts\/6646\/revisions\/6788"}],"wp:attachment":[{"href":"https:\/\/www.cdlpv.org\/fitxes\/wp-json\/wp\/v2\/media?parent=6646"}],"wp:term":[{"taxonomy":"category","embeddable":true,"href":"https:\/\/www.cdlpv.org\/fitxes\/wp-json\/wp\/v2\/categories?post=6646"},{"taxonomy":"post_tag","embeddable":true,"href":"https:\/\/www.cdlpv.org\/fitxes\/wp-json\/wp\/v2\/tags?post=6646"}],"curies":[{"name":"wp","href":"https:\/\/api.w.org\/{rel}","templated":true}]}}