{"id":6608,"date":"2024-02-16T20:30:40","date_gmt":"2024-02-16T19:30:40","guid":{"rendered":"https:\/\/www.cdlpv.org\/fitxes\/?p=6608"},"modified":"2024-06-04T11:54:15","modified_gmt":"2024-06-04T09:54:15","slug":"provesso","status":"publish","type":"post","link":"https:\/\/www.cdlpv.org\/fitxes\/provesso\/","title":{"rendered":"provess\u00f3"},"content":{"rendered":"<p><a title=\"Fotografia de Vistabella del Maestrat i mostra d'\u00fas de la variant 'provess\u00f3'\" href=\"https:\/\/vistabellaarxiumunicipal.com\/tag\/provesso\/\" target=\"_blank\" rel=\"noopener\"><img loading=\"lazy\" decoding=\"async\" class=\"alignleft wp-image-6613 size-medium\" src=\"https:\/\/www.cdlpv.org\/fitxes\/wp-content\/uploads\/2024\/02\/provesso-300x258.png\" alt=\"\" width=\"300\" height=\"258\" srcset=\"https:\/\/www.cdlpv.org\/fitxes\/wp-content\/uploads\/2024\/02\/provesso-300x258.png 300w, https:\/\/www.cdlpv.org\/fitxes\/wp-content\/uploads\/2024\/02\/provesso-768x660.png 768w, https:\/\/www.cdlpv.org\/fitxes\/wp-content\/uploads\/2024\/02\/provesso.png 820w\" sizes=\"auto, (max-width: 300px) 100vw, 300px\" \/><\/a>La variant <em>provess\u00f3<\/em> &#8216;process\u00f3&#8217; \u00e9s la forma general des d&#8217;Ulldecona fins a Crevillent (segons l&#8217;<span class=\"versaleta\"><em>adlc<\/em><\/span>). <a href=\"https:\/\/aldc.espais.iec.cat\/files\/2013\/06\/Mapa-572.pdf\" target=\"_blank\" rel=\"noopener\"><i class=\"fas fa-file-pdf\"><\/i><\/a> Tamb\u00e9 \u00e9s la forma usual a Vilalba dels Arcs, la Fatarella<a title=\"Fogons i tradicions. Mem\u00f2ries culin\u00e0ries de la Maria Teresa de Ca Pellisa\" href=\"https:\/\/books.google.es\/books?id=yamlPaTSJUEC&amp;pg=PA156&amp;dq=provess%C3%B3+process%C3%B3&amp;hl=ca&amp;newbks=1&amp;newbks_redir=0&amp;sa=X&amp;ved=2ahUKEwiZ5viQ97aEAxW7RKQEHQPqC9wQ6AF6BAgIEAI#v=onepage&amp;q=provess%C3%B3&amp;f=false\" target=\"_blank\" rel=\"noopener\"><sup><i class=\"fab fa-google\"><\/i><\/sup><\/a> i Horta de Sant Joan (Terra Alta), a M\u00f3ra la Nova (Ribera d&#8217;Ebre) i a Roquetes (Baixe Ebre). \u00c9s la forma general al pa\u00eds Valenci\u00e0, tal com comenta Joan Coromines en el <abbr class=\"versaleta\" title=\"Diccionari etimol\u00f2gic i complementari de la llengua catalana\"><em>declc<\/em><\/abbr> (s. v.\u00a0<em>procedir<\/em>): <a href=\"https:\/\/decat.iec.cat\/veuredoc.asp?id=205783\" target=\"_blank\" rel=\"noopener\"><i class=\"fas fa-file-pdf\"><\/i><\/a><\/p>\n<blockquote><p><em>Provess\u00f3<\/em>, pr\u00f2pia del val. i algunes comarques del cat. occid.: l\u2019anoto en el Segre Mitj\u00e0 (Tiurana, 1936), i de Ponts, Oliana i Solsona la porta <em>AlcM<\/em>, aix\u00ed com de Gandesa; \u00e9s tamb\u00e9 la usada a la Baixa Ribagor\u00e7a (A\u00e7anui, full parroquial, n.\u00b0 113); en el P. Val. sembla ser general (Borr\u00e0s Jarque, <em>BSCC<\/em> <span class=\"versaleta\">xiv<\/span>, 90; MGadea, <em>T. del X\u00e8<\/em> <span class=\"versaleta\">i<\/span>, 6, 49); <em>probes\u00f3 de la prima<\/em> a Bel, <em>proves\u00f3<\/em> de la ermita de St. Jaume a CastPna., <em>porbes\u00f3<\/em> de la Creu al Pil\u00f3 d\u2019aquest nom, el 3 de maig; <em>porbes\u00f3 dels pelegrins<\/em> a St. Joan de Penyagolosa, Les Useres (de la qual em don\u00e0 mil detalls el devot metge d\u2019all\u00e0, 1961).<\/p><\/blockquote>\n<p>Vicent Beltran Calvo documenta m\u00e9s modernament l&#8217;\u00fas d&#8217;esta paraula en \u00abLes festes i la variaci\u00f3 dialectal al migjorn valenci\u00e0\u00bb (2014) <a href=\"https:\/\/www.avl.gva.es\/documents\/31987\/54305\/Actes_16\" target=\"_blank\" rel=\"noopener\"><i class=\"fas fa-file-pdf\"><\/i><\/a>:<\/p>\n<blockquote><p><span title=\"Atles ling\u00fc\u00edstic de la di\u00f2cesi de Tortosa\">Llu\u00eds Gimeno (1997)<\/span> <a title=\"Atles ling\u00fc\u00edstic de la di\u00f2cesi de Tortosa\" href=\"https:\/\/publicacions.iec.cat\/repository\/pdf\/00000337\/00000062.pdf\" target=\"_blank\" rel=\"noopener\"><i class=\"fas fa-file-pdf\"><\/i><\/a> arreplega generalment a les comarques septentrionals valencianes <em>provess\u00f3<\/em>, llevat de les localitats del Portell de Morella, Castell de Cabres i el Boixar <em>(profess\u00f3)<\/em> i Traiguera amb <em>process\u00f3<\/em>. Les meues dades constaten <em>profess\u00f3<\/em> al Pin\u00f3s i a l\u2019interior del terme de Mon\u00f2ver, la demarcaci\u00f3 murciana del Carxe i Barba-roja, pedania d\u2019Oriola. <span title=\"Estudi geoling\u00fc\u00edstic dels parlars de la Marina Baixa\">Beltran i Herrero (2013)<\/span> arrepleguen <em>profess\u00f3<\/em> a la zona costanera de la Marina Baixa (Benidorm, l\u2019Alf\u00e0s del Pi i Altea, a m\u00e9s de l\u2019illot interior de Bolulla), llevat de la Vila Joiosa <em>(process\u00f3);<\/em> a l\u2019interior sempre <em>provess\u00f3<\/em>, mentre que a la Marina Alta apareix majorit\u00e0riament <em>provessor<\/em> (forma \u00fanica a T\u00e0rbena), al costat de professor a Calp i a Pinos (Benissa), mentre que la forma etimol\u00f2gica sense <em>-r (provess\u00f3)<\/em> nom\u00e9s es mant\u00e9 a Castells, la Vall d\u2019Alcal\u00e0 i parcialment a la Vall de Gallinera. [&#8230;]\n<p>Documentem <em>provess\u00f3<\/em> a la segona meitat del segle <span class=\"versaleta\">xv<\/span> en catal\u00e0 oriental: \u00abUna creu de crestay de provess\u00f3, ab se doia de coura\u00bb (Inventaris del segle <span class=\"versaleta\">xv<\/span>, 5, p. 183, l\u00ednia 3); <em>profess\u00f3<\/em> es testimonia a bastament des del segle <span class=\"versaleta\">xiv<\/span> en tots els dialectes.<\/p><\/blockquote>\n<h3>Incorporaci\u00f3 de <em>provess\u00f3 <\/em>en el <em><span class=\"versaleta\">dnv<\/span><\/em><\/h3>\n<p>El <abbr class=\"abbrevk\" title=\"Diccionari normatiu valenci\u00e0\">dnv<\/abbr> no arreplegava la variant <em>provess\u00f3<\/em> (consulta: 16.02.2024), per\u00f2 l&#8217;ha incorporada posteriorment (consulta: 04.06.2024; informaci\u00f3 facilitada per Josep Lacreu), <a href=\"https:\/\/www.avl.gva.es\/lexicval\/?paraula=provess\u00f3\" target=\"_blank\" rel=\"noopener\"><i class=\"fas fa-external-link-alt\"><\/i><\/a> marcada com a pertanyent al registre co\u0140loquial. Tamb\u00e9 inclou la variant <em>profess\u00f3, <\/em><a href=\"https:\/\/www.avl.gva.es\/lexicval\/?paraula=profess\u00f3\" target=\"_blank\" rel=\"noopener\"><i class=\"fas fa-external-link-alt\"><\/i><\/a> general m\u00e9s al nord. Podem observar que <em>profess\u00f3<\/em> compartix amb <em>provess\u00f3 <\/em>l&#8217;etiqueta \u00abcol\u00b7loquial\u00bb.* Esta restricci\u00f3 a l&#8217;\u00e0mbit co\u0140loquialitat no pareix que siga adequada, vist que el <abbr class=\"abbrevk\" title=\"Diccionari de la llengua catalana\"><em>diec<\/em><\/abbr> <a href=\"https:\/\/dlc.iec.cat\/Results?IdE=0096311&amp;DecEntradaText=profess%C3%B3\" target=\"_blank\" rel=\"noopener\"><i class=\"fas fa-external-link-alt\"><\/i><\/a> considera\u00a0<em>profess\u00f3<\/em> forma secund\u00e0ria i no li adjudica cap marca valorativa.<\/p>\n<figure id=\"attachment_6878\" aria-describedby=\"caption-attachment-6878\" style=\"width: 224px\" class=\"wp-caption alignleft\"><a title=\"Enlla\u00e7 al v\u00eddeo\" href=\"https:\/\/mediateca.cortsvalencianes.es\/watch?id=ZmZmMWUwMTgtZDhjNi00NzQ3LThmNTgtMTBhODIxZjM5OTk0&amp;start=1492\"><img loading=\"lazy\" decoding=\"async\" class=\"wp-image-6878\" src=\"https:\/\/www.cdlpv.org\/fitxes\/wp-content\/uploads\/2024\/02\/Baldovi-Corts-277x300.png\" alt=\"Joan Baldov\u00ed Roda\" width=\"224\" height=\"243\" srcset=\"https:\/\/www.cdlpv.org\/fitxes\/wp-content\/uploads\/2024\/02\/Baldovi-Corts-277x300.png 277w, https:\/\/www.cdlpv.org\/fitxes\/wp-content\/uploads\/2024\/02\/Baldovi-Corts.png 332w\" sizes=\"auto, (max-width: 224px) 100vw, 224px\" \/><\/a><figcaption id=\"caption-attachment-6878\" class=\"wp-caption-text\"><span style=\"font-size: 10pt;\">El diputat Joan Baldovi Roda segons abans d&#8217;utilitzar la variant <em>provess\u00f3<\/em> des de la trona de les Corts (18.04.2024). \/ Mediateca de les Corts Valencianes.<\/span><\/figcaption><\/figure>\n<p>En eixe sentit, el fet que pugam documentar la variant <em>provess\u00f3<\/em> en l&#8217;\u00e0mbit parlamentari (veg. intervenci\u00f3 de Joan Baldov\u00ed Roda en les Corts Valencianes, 18.04.2024), <a title=\"Enlla\u00e7 al v\u00eddeo de Joan Baldov\u00ed Roda\" href=\"https:\/\/mediateca.cortsvalencianes.es\/watch?id=ZmZmMWUwMTgtZDhjNi00NzQ3LThmNTgtMTBhODIxZjM5OTk0&amp;start=1492\" target=\"_blank\" rel=\"noopener\"><i class=\"fas fa-file-video\"><\/i><\/a>\u00a0 pot fer entendre que la variant s&#8217;ha de considerar com a variant diat\u00f2pica i que ha traspassat les fronteres de la co\u0140loquialitat. Certament, es pot analitzar tamb\u00e9 com a un indicador de l&#8217;estil de les intervencions parlament\u00e0ries: l&#8217;\u00fas de les varietats, els registres i les variants en la cambra parlament\u00e0ria mereix una an\u00e0lisi detallada des del punt de vista socioling\u00fc\u00edstic. En tot cas, el fet que <em>provess\u00f3<\/em> \u2014i moltes altres variants marcades estil\u00edsticament<strong>\u2014 <\/strong>siga usada en les intervencions parlament\u00e0ries amplia el registre formal que es pressuposa per a estos discursos amb un element de variaci\u00f3 diat\u00f2pica, i li lleva a\u00a0<em>provess\u00f3<\/em> c\u00e0rrega de restricci\u00f3 als \u00e0mbits de la co\u0140loquialitat.<\/p>\n<div class=\"su-note small\"  style=\"border-color:#90bfa5;border-radius:3px;-moz-border-radius:3px;-webkit-border-radius:3px;\"><div class=\"su-note-inner su-u-clearfix su-u-trim\" style=\"background-color:#aad9bf;border-color:#ffffff;color:#333333;border-radius:3px;-moz-border-radius:3px;-webkit-border-radius:3px;\"> * El\u00a0<abbr class=\"versaleta\" title=\"Diccionari etimol\u00f2gic i complementari de la llengua catalana\"><em>declc<\/em><\/abbr> (s. v. <em>procedir<\/em>) indica que <em>profess\u00f3<\/em> \u00e9s \u00abpopular\u00bb: \u00abvariant popular de <em>process\u00f3<\/em>, alterada en part per dissimilaci\u00f3, i sobretot per una pseudo-etimologia mig-s\u00e0via que equiparava a <em>process\u00f3<\/em> santa amb <em>professi\u00f3 de fe<\/em>\u00bb. En un altra entrada comenta (s. v. <em>cedir<\/em>): \u00ab<em>profess\u00f3<\/em>\u00a0\u00e9s una forma alterada per etim. pop., influ\u00e8ncia de <em>professio, -onis<\/em>, \u2018acci\u00f3 de professar\u2019 (ajudant-hi potser la dissimilaci\u00f3 i el model del ll. cl\u00e0ssic <em>profectio<\/em> \u2018acci\u00f3 d\u2019anar-se\u2019n\u2019), per\u00f2 malgrat d\u2019aix\u00f2 fou d\u2019\u00fas si fa no fa constant des del S. <span class=\"versaleta\">xiii<\/span> fins a temps bastant recents\u00bb. <\/div><\/div>\n<p>La mancan\u00e7a de la variant\u00a0<em>provess\u00f3<\/em> en el diccionari provocava una percepci\u00f3 negativa: si <em>profess\u00f3<\/em> era col\u00b7loquial (fora del Pa\u00eds Valenci\u00e0), si <em>process\u00f3<\/em> es podia considerar formal (\u00e9s la forma principal en els diccionaris), la forma general al Pa\u00eds Valenci\u00e0, <em>provess\u00f3, <\/em>que no apareixia per escrit en el diccionari, \u00bfqu\u00e8 era: un error?&#8230; Per\u00f2, \u00bfun error del diccionari o un error dels valencians? L&#8217;abs\u00e8ncia en el diccionari de la variant <em>provess\u00f3 <\/em>era un error que el <abbr class=\"abbrevk\" title=\"Diccionari normatiu valenci\u00e0\">dnv<\/abbr> ha solucionat.<\/p>\n","protected":false},"excerpt":{"rendered":"<p>La variant provess\u00f3 &#8216;process\u00f3&#8217; \u00e9s la forma general des d&#8217;Ulldecona fins a Crevillent (segons l&#8217;adlc). Tamb\u00e9 \u00e9s la forma usual a Vilalba dels Arcs, la Fatarella i Horta de Sant Joan (Terra Alta), a M\u00f3ra la Nova (Ribera d&#8217;Ebre) i a Roquetes (Baixe Ebre). \u00c9s la forma general al pa\u00eds Valenci\u00e0, tal com comenta Joan [&hellip;]<\/p>\n","protected":false},"author":1,"featured_media":0,"comment_status":"open","ping_status":"open","sticky":false,"template":"","format":"standard","meta":{"footnotes":""},"categories":[50],"tags":[140,17,15,53,91],"class_list":["post-6608","post","type-post","status-publish","format-standard","hentry","category-lletra-p","tag-dialectes","tag-lexic","tag-registres","tag-revisions","tag-substantius"],"post_mailing_queue_ids":[],"_links":{"self":[{"href":"https:\/\/www.cdlpv.org\/fitxes\/wp-json\/wp\/v2\/posts\/6608","targetHints":{"allow":["GET"]}}],"collection":[{"href":"https:\/\/www.cdlpv.org\/fitxes\/wp-json\/wp\/v2\/posts"}],"about":[{"href":"https:\/\/www.cdlpv.org\/fitxes\/wp-json\/wp\/v2\/types\/post"}],"author":[{"embeddable":true,"href":"https:\/\/www.cdlpv.org\/fitxes\/wp-json\/wp\/v2\/users\/1"}],"replies":[{"embeddable":true,"href":"https:\/\/www.cdlpv.org\/fitxes\/wp-json\/wp\/v2\/comments?post=6608"}],"version-history":[{"count":28,"href":"https:\/\/www.cdlpv.org\/fitxes\/wp-json\/wp\/v2\/posts\/6608\/revisions"}],"predecessor-version":[{"id":6619,"href":"https:\/\/www.cdlpv.org\/fitxes\/wp-json\/wp\/v2\/posts\/6608\/revisions\/6619"}],"wp:attachment":[{"href":"https:\/\/www.cdlpv.org\/fitxes\/wp-json\/wp\/v2\/media?parent=6608"}],"wp:term":[{"taxonomy":"category","embeddable":true,"href":"https:\/\/www.cdlpv.org\/fitxes\/wp-json\/wp\/v2\/categories?post=6608"},{"taxonomy":"post_tag","embeddable":true,"href":"https:\/\/www.cdlpv.org\/fitxes\/wp-json\/wp\/v2\/tags?post=6608"}],"curies":[{"name":"wp","href":"https:\/\/api.w.org\/{rel}","templated":true}]}}