{"id":6559,"date":"2024-02-06T20:30:57","date_gmt":"2024-02-06T19:30:57","guid":{"rendered":"https:\/\/www.cdlpv.org\/fitxes\/?p=6559"},"modified":"2024-04-23T07:58:05","modified_gmt":"2024-04-23T06:58:05","slug":"aulor","status":"publish","type":"post","link":"https:\/\/www.cdlpv.org\/fitxes\/aulor\/","title":{"rendered":"aulor"},"content":{"rendered":"<p><a target=\"_blank\" href=\"https:\/\/www.cdlpv.org\/fitxes\/wp-content\/uploads\/2024\/02\/aulor.png\" rel=\"noopener\"><img loading=\"lazy\" decoding=\"async\" class=\" wp-image-6583 alignleft\" src=\"https:\/\/www.cdlpv.org\/fitxes\/wp-content\/uploads\/2024\/02\/aulor-300x152.png\" alt=\"Aulor\" width=\"300\" height=\"152\" srcset=\"https:\/\/www.cdlpv.org\/fitxes\/wp-content\/uploads\/2024\/02\/aulor-300x152.png 300w, https:\/\/www.cdlpv.org\/fitxes\/wp-content\/uploads\/2024\/02\/aulor-1024x521.png 1024w, https:\/\/www.cdlpv.org\/fitxes\/wp-content\/uploads\/2024\/02\/aulor-768x390.png 768w, https:\/\/www.cdlpv.org\/fitxes\/wp-content\/uploads\/2024\/02\/aulor-1536x781.png 1536w, https:\/\/www.cdlpv.org\/fitxes\/wp-content\/uploads\/2024\/02\/aulor.png 2048w\" sizes=\"auto, (max-width: 300px) 100vw, 300px\" \/><\/a>La variant\u00a0<em>aulor<\/em> (&#8216;olor&#8217;) \u00e9s la forma m\u00e9s usual i estesa. Badia i Margarit ho comentava l&#8217;any 1999: <a href=\"https:\/\/books.google.es\/books?id=9gudydViGtkC&amp;pg=PA125&amp;dq=badia+i+margarit+aulor&amp;hl=ca&amp;newbks=1&amp;newbks_redir=0&amp;sa=X&amp;ved=2ahUKEwi-8t3vqpaEAxWxg_0HHQd1C5UQ6AF6BAgLEAI#v=onepage&amp;q=aulor&amp;f=false\" target=\"_blank\" rel=\"noopener\"><i class=\"fas fa-external-link-alt\"><\/i><\/a><\/p>\n<blockquote><p>Avui [aulor] \u00e9s pr\u00e0cticament general en el llenguatge parlat de pertot, com es despr\u00e8n de les transcripcions fon\u00e8tiques que n&#8217;insereix el DCVB.<\/p><\/blockquote>\n<p>L&#8217;aparici\u00f3 de les formes orals en l&#8217;escriptura pot tardar un temps i sovint ha de superar resist\u00e8ncies diverses, per\u00f2 el mateix Badia i Margarit constata que ja en el segle <span class=\"versaleta\">xv<\/span> \u00abes feia sentir una tend\u00e8ncia popular a diftongar <em>o &gt; au<\/em>\u00bb en este context. En eixe sentit, el <abbr class=\"versaleta\" title=\"Diccionari catal\u00e0-valenci\u00e0-balear\"><em>dcvb<\/em><\/abbr> cont\u00e9 les variants <em>aulor<\/em> <a href=\"https:\/\/dcvb.iec.cat\/results.asp?Word=aulor&amp;Id=17854&amp;search=aulor\" target=\"_blank\" rel=\"noopener\"><i class=\"fas fa-external-link-alt\"><\/i><\/a> i <em>oulor <\/em><a href=\"https:\/\/dcvb.iec.cat\/results.asp?Word=oulor&amp;Id=103478&amp;search=oulor\" target=\"_blank\" rel=\"noopener\"><i class=\"fas fa-external-link-alt\"><\/i><\/a>, esta segona qualificada d&#8217;\u00abantiga i dialectal\u00bb.<\/p>\n<p>Actualment (consulta: 06.02.2024), podem trobar que la variant <em>aulor<\/em> t\u00e9 pres\u00e8ncia en la llengua liter\u00e0ria, probablement com a tret dialectal amb valor estil\u00edstic i de proximitat a l&#8217;\u00fas oral general; aix\u00f2 permet tamb\u00e9 ampliar les possibilitats dels registres literaris. Podem trobar la variant <em>aulor <\/em>en:<\/p>\n<ul>\n<li><em>El llibre de les abelles <\/em>(1996) de Manel Oll\u00e9 Albiol:<em>\u00a0<\/em><a href=\"https:\/\/books.google.es\/books?id=AM6jkjPbSrgC&amp;printsec=frontcover&amp;dq=llibre+de+les+abelles&amp;hl=ca&amp;newbks=1&amp;newbks_redir=0&amp;sa=X&amp;redir_esc=y#v=onepage&amp;q=aulor&amp;f=false\" target=\"_blank\" rel=\"noopener\"><i class=\"fab fa-google\"><\/i><\/a> \u00abelles se coneixen per l&#8217;aulor que fan\u00bb<\/li>\n<li><em>Gina <\/em>(2019) de Maria Climent: <a href=\"https:\/\/books.google.es\/books?id=DUBlEAAAQBAJ&amp;pg=PP1&amp;dq=Gina+maria+climent&amp;hl=ca&amp;newbks=1&amp;newbks_redir=0&amp;sa=X&amp;ved=2ahUKEwj_3K-0speEAxVw-AIHHUgiBVkQ6wF6BAgMEAE#v=onepage&amp;q=aulor&amp;f=false\" target=\"_blank\" rel=\"noopener\"><i class=\"fab fa-google\"><\/i><\/a> \u00abaulor de camp d&#8217;arr\u00f2s, que \u00e9s una aulor tan caracter\u00edstica\u00bb<\/li>\n<li><em>Les closques<\/em> (2021) de Laia Vi\u00f1as: <a href=\"https:\/\/books.google.es\/books?id=Q0BlEAAAQBAJ&amp;pg=PT32&amp;dq=aulor+les+closques&amp;hl=ca&amp;newbks=1&amp;newbks_redir=0&amp;sa=X&amp;ved=2ahUKEwjcu7qCspeEAxUE_bsIHf5xC-EQ6AF6BAgNEAI#v=onepage&amp;q=aulor&amp;f=false\" target=\"_blank\" rel=\"noopener\"><i class=\"fab fa-google\"><\/i><\/a>\u00a0\u00abque \u00e9s aulor d&#8217;aigua bruta i estancada\u00bb<\/li>\n<li><em>Lo mig del m\u00f3n<\/em> (2023) de Roser Vernet (2023): <a href=\"https:\/\/books.google.es\/books?id=TWPXEAAAQBAJ&amp;pg=PT105&amp;dq=lo+mig+del+m%C3%B3n&amp;hl=ca&amp;newbks=1&amp;newbks_redir=0&amp;sa=X&amp;ved=2ahUKEwiiq6-Vs5eEAxUozAIHHQKKA5oQ6AF6BAgNEAI#v=onepage&amp;q=aulor&amp;f=false\" target=\"_blank\" rel=\"noopener\"><i class=\"fab fa-google\"><\/i><\/a> \u00abaulor de cendra freda i cabr\u00f3 humit\u00bb<\/li>\n<\/ul>\n<p>Convindria que els diccionaris generals inclogueren esta variant.<\/p>\n","protected":false},"excerpt":{"rendered":"<p>La variant\u00a0aulor (&#8216;olor&#8217;) \u00e9s la forma m\u00e9s usual i estesa. Badia i Margarit ho comentava l&#8217;any 1999: Avui [aulor] \u00e9s pr\u00e0cticament general en el llenguatge parlat de pertot, com es despr\u00e8n de les transcripcions fon\u00e8tiques que n&#8217;insereix el DCVB. L&#8217;aparici\u00f3 de les formes orals en l&#8217;escriptura pot tardar un temps i sovint ha de superar [&hellip;]<\/p>\n","protected":false},"author":1,"featured_media":0,"comment_status":"open","ping_status":"open","sticky":false,"template":"","format":"standard","meta":{"footnotes":""},"categories":[18],"tags":[140,17,91],"class_list":["post-6559","post","type-post","status-publish","format-standard","hentry","category-lletra-a","tag-dialectes","tag-lexic","tag-substantius"],"post_mailing_queue_ids":[],"_links":{"self":[{"href":"https:\/\/www.cdlpv.org\/fitxes\/wp-json\/wp\/v2\/posts\/6559","targetHints":{"allow":["GET"]}}],"collection":[{"href":"https:\/\/www.cdlpv.org\/fitxes\/wp-json\/wp\/v2\/posts"}],"about":[{"href":"https:\/\/www.cdlpv.org\/fitxes\/wp-json\/wp\/v2\/types\/post"}],"author":[{"embeddable":true,"href":"https:\/\/www.cdlpv.org\/fitxes\/wp-json\/wp\/v2\/users\/1"}],"replies":[{"embeddable":true,"href":"https:\/\/www.cdlpv.org\/fitxes\/wp-json\/wp\/v2\/comments?post=6559"}],"version-history":[{"count":9,"href":"https:\/\/www.cdlpv.org\/fitxes\/wp-json\/wp\/v2\/posts\/6559\/revisions"}],"predecessor-version":[{"id":6790,"href":"https:\/\/www.cdlpv.org\/fitxes\/wp-json\/wp\/v2\/posts\/6559\/revisions\/6790"}],"wp:attachment":[{"href":"https:\/\/www.cdlpv.org\/fitxes\/wp-json\/wp\/v2\/media?parent=6559"}],"wp:term":[{"taxonomy":"category","embeddable":true,"href":"https:\/\/www.cdlpv.org\/fitxes\/wp-json\/wp\/v2\/categories?post=6559"},{"taxonomy":"post_tag","embeddable":true,"href":"https:\/\/www.cdlpv.org\/fitxes\/wp-json\/wp\/v2\/tags?post=6559"}],"curies":[{"name":"wp","href":"https:\/\/api.w.org\/{rel}","templated":true}]}}