{"id":6411,"date":"2024-01-02T20:30:55","date_gmt":"2024-01-02T18:30:55","guid":{"rendered":"https:\/\/www.cdlpv.org\/fitxes\/?p=6411"},"modified":"2024-04-23T07:58:52","modified_gmt":"2024-04-23T06:58:52","slug":"ningunejar","status":"publish","type":"post","link":"https:\/\/www.cdlpv.org\/fitxes\/ningunejar\/","title":{"rendered":"ningunejar"},"content":{"rendered":"<figure id=\"attachment_6498\" aria-describedby=\"caption-attachment-6498\" style=\"width: 143px\" class=\"wp-caption alignleft\"><a target=\"_blank\" href=\"https:\/\/www.dragonball-multiverse.com\/ct_CT\/page-923.html\" rel=\"noopener\"><img loading=\"lazy\" decoding=\"async\" class=\"wp-image-6498 size-medium\" src=\"https:\/\/www.cdlpv.org\/fitxes\/wp-content\/uploads\/2024\/01\/Quithascregut-143x300.png\" alt=\"\" width=\"143\" height=\"300\" srcset=\"https:\/\/www.cdlpv.org\/fitxes\/wp-content\/uploads\/2024\/01\/Quithascregut-143x300.png 143w, https:\/\/www.cdlpv.org\/fitxes\/wp-content\/uploads\/2024\/01\/Quithascregut.png 360w\" sizes=\"auto, (max-width: 143px) 100vw, 143px\" \/><\/a><figcaption id=\"caption-attachment-6498\" class=\"wp-caption-text\"><span style=\"font-size: 10pt;\">Exemple de ninguneig. Dibuix d&#8217;Arcady Picardi.<\/span><\/figcaption><\/figure>\n<p>El verb <em>ningunejar<\/em> i el substantiu <em>ninguneig<\/em> encara no apareixen en els diccionaris, per\u00f2 s\u00ed que els podem localitzar en el\u00a0<em>Diari de Sessions<\/em> de les Corts Valencianes des de fa unes d\u00e8cades:<\/p>\n<blockquote><p><strong>ningunejar: <\/strong>\u00abO siga, vost\u00e9 no pot dir el que ha dit ac\u00ed, o siga, amagar informaci\u00f3, ocultar informaci\u00f3, <strong>ningunejar<\/strong> les Corts Valencianes\u00bb (diputat Joan Antoni Oltra i Soler, 27.07.2004; <span class=\"versaleta\"><em>ds<\/em><\/span> 49) <a href=\"https:\/\/www.cortsvalencianes.es\/publicaciones-CV\/obtenerPdfDS?f_clave_dscv=VI%20%20000490\" target=\"_blank\" rel=\"noopener\"><i class=\"fas fa-file-pdf\"><\/i><\/a><br \/>\n<strong>ninguneig: <\/strong>\u00abNosaltres estimem que \u00e9s molt m\u00e9s important en compte del 10\u00a0% per a eixes dones que siguen c\u00e0rrecs pol\u00edtics i que n&#8217;hi haja un <strong>ninguneig<\/strong> i que mos sentim humiliades a tal efecte\u00bb (diputada Dolors P\u00e9rez i Mart\u00ed, 08.05.2002; <span class=\"versaleta\"><em>ds<\/em><\/span> 123) <a href=\"https:\/\/www.cortsvalencianes.es\/publicaciones-CV\/obtenerPdfDS?f_clave_dscv=V%20%20%20001230\" target=\"_blank\" rel=\"noopener\"><i class=\"fas fa-file-pdf\"><\/i><\/a><\/p><\/blockquote>\n<p>L&#8217;\u00fas d&#8217;este verb i d&#8217;este substantiu \u00e9s habitual en els mitjans publicats en la xarxa (m\u00e9s enll\u00e0 de les indicacions normatives de rebuig), tot i que no apareixen encara mostres d&#8217;\u00fas impr\u00e9s clares:<\/p>\n<ul>\n<li>Dolors Pla Brugat (2000), <em>Els exiliats catalans a M\u00e8xic:<\/em> \u00abD&#8217;aquest \u2018ninguneig\u2019 que suposo inconscient\u00bb <sup><a href=\"https:\/\/books.google.es\/books?id=bVoSAQAAIAAJ&amp;q=ninguneig&amp;dq=ninguneig&amp;hl=ca&amp;newbks=1&amp;newbks_redir=0&amp;sa=X&amp;ved=2ahUKEwj_kLiN3r6DAxW7UqQEHX6rCecQ6AF6BAgIEAI\" target=\"_blank\" rel=\"noopener\"><i class=\"fab fa-google\"><\/i><\/a><\/sup><\/li>\n<li>Andreu Gomila (2013), \u00abBrutus. Els Max\u00bb, <em>Timeout.cat:<\/em> \u00abEls gloriosos premis Max ens han tornat a <strong>ningunejar<\/strong> i no hi ha cap xou local que opti a millor espectacle\u00bb <a href=\"https:\/\/hemeroteca.cdmae.cat\/bitstream\/handle\/20.500.12268\/34092\/Article%20de%20diari.pdf?sequence=1&amp;isAllowed=y\" target=\"_blank\" rel=\"noopener\"><i class=\"fas fa-file-pdf\"><\/i><\/a><\/li>\n<\/ul>\n<p>Les definicions possibles concorden amb els sentits que tenen els equivalents castellans en el <em><span class=\"versaleta\">drae<\/span><\/em> (que \u00e9s la llengua on s&#8217;originen estos usos): <a href=\"https:\/\/dle.rae.es\/ningunear\" target=\"_blank\" rel=\"noopener\"><i class=\"fas fa-external-link-alt\"><\/i><\/a><\/p>\n<blockquote><p><strong>ninguneig<\/strong> <em>m.<\/em> Acci\u00f3 o efecte de ningunejar.<br \/>\n<strong>ningunejar<\/strong> <em>v. tr.<\/em> No tindre en compte o menysprear (alg\u00fa).<\/p><\/blockquote>\n","protected":false},"excerpt":{"rendered":"<p>El verb ningunejar i el substantiu ninguneig encara no apareixen en els diccionaris, per\u00f2 s\u00ed que els podem localitzar en el\u00a0Diari de Sessions de les Corts Valencianes des de fa unes d\u00e8cades: ningunejar: \u00abO siga, vost\u00e9 no pot dir el que ha dit ac\u00ed, o siga, amagar informaci\u00f3, ocultar informaci\u00f3, ningunejar les Corts Valencianes\u00bb (diputat [&hellip;]<\/p>\n","protected":false},"author":1,"featured_media":0,"comment_status":"open","ping_status":"open","sticky":false,"template":"","format":"standard","meta":{"footnotes":""},"categories":[115],"tags":[17,91,62],"class_list":["post-6411","post","type-post","status-publish","format-standard","hentry","category-lletra-n","tag-lexic","tag-substantius","tag-verbs"],"post_mailing_queue_ids":[],"_links":{"self":[{"href":"https:\/\/www.cdlpv.org\/fitxes\/wp-json\/wp\/v2\/posts\/6411","targetHints":{"allow":["GET"]}}],"collection":[{"href":"https:\/\/www.cdlpv.org\/fitxes\/wp-json\/wp\/v2\/posts"}],"about":[{"href":"https:\/\/www.cdlpv.org\/fitxes\/wp-json\/wp\/v2\/types\/post"}],"author":[{"embeddable":true,"href":"https:\/\/www.cdlpv.org\/fitxes\/wp-json\/wp\/v2\/users\/1"}],"replies":[{"embeddable":true,"href":"https:\/\/www.cdlpv.org\/fitxes\/wp-json\/wp\/v2\/comments?post=6411"}],"version-history":[{"count":10,"href":"https:\/\/www.cdlpv.org\/fitxes\/wp-json\/wp\/v2\/posts\/6411\/revisions"}],"predecessor-version":[{"id":6792,"href":"https:\/\/www.cdlpv.org\/fitxes\/wp-json\/wp\/v2\/posts\/6411\/revisions\/6792"}],"wp:attachment":[{"href":"https:\/\/www.cdlpv.org\/fitxes\/wp-json\/wp\/v2\/media?parent=6411"}],"wp:term":[{"taxonomy":"category","embeddable":true,"href":"https:\/\/www.cdlpv.org\/fitxes\/wp-json\/wp\/v2\/categories?post=6411"},{"taxonomy":"post_tag","embeddable":true,"href":"https:\/\/www.cdlpv.org\/fitxes\/wp-json\/wp\/v2\/tags?post=6411"}],"curies":[{"name":"wp","href":"https:\/\/api.w.org\/{rel}","templated":true}]}}