{"id":6398,"date":"2023-12-11T20:30:48","date_gmt":"2023-12-11T18:30:48","guid":{"rendered":"https:\/\/www.cdlpv.org\/fitxes\/?p=6398"},"modified":"2024-04-23T08:00:44","modified_gmt":"2024-04-23T07:00:44","slug":"feixisme-roig","status":"publish","type":"post","link":"https:\/\/www.cdlpv.org\/fitxes\/feixisme-roig\/","title":{"rendered":"feixisme roig"},"content":{"rendered":"<p><a target=\"_blank\" href=\"https:\/\/www.cdlpv.org\/fitxes\/wp-content\/uploads\/2023\/12\/20231124-Sense-saberho.png\" rel=\"noopener\"><img loading=\"lazy\" decoding=\"async\" class=\" wp-image-6479 alignleft\" src=\"https:\/\/www.cdlpv.org\/fitxes\/wp-content\/uploads\/2023\/12\/20231124-Sense-saberho-300x188.png\" alt=\"Roig-i-brunisme\" width=\"271\" height=\"170\" srcset=\"https:\/\/www.cdlpv.org\/fitxes\/wp-content\/uploads\/2023\/12\/20231124-Sense-saberho-300x188.png 300w, https:\/\/www.cdlpv.org\/fitxes\/wp-content\/uploads\/2023\/12\/20231124-Sense-saberho-1024x640.png 1024w, https:\/\/www.cdlpv.org\/fitxes\/wp-content\/uploads\/2023\/12\/20231124-Sense-saberho-768x480.png 768w, https:\/\/www.cdlpv.org\/fitxes\/wp-content\/uploads\/2023\/12\/20231124-Sense-saberho.png 1280w\" sizes=\"auto, (max-width: 271px) 100vw, 271px\" \/><\/a>El terme <em>feixisme roig<\/em> \u00e9s la forma preferent, segons indicaci\u00f3 del Termcat (04.12.2023), per a denominar un corrent ideol\u00f2gic que combina propostes pertanyents a posicions pol\u00edtiques oposades d&#8217;esquerres i de dretes:<\/p>\n<blockquote><p>Per al concepte que ens indiqueu considerem adequada la forma <em>feixisme roig<\/em>. Es tracta d&#8217;una denominaci\u00f3 sem\u00e0nticament transparent (parteix de la forma <em>feixisme<\/em>, ja present en la llengua catalana) i paral\u00b7lela a formes documentades en castell\u00e0 (<em>fascismo rojo<\/em>), franc\u00e8s (<em>fascisme rouge<\/em>) i portugu\u00e8s (<em>fascismo vermelho<\/em>).<\/p><\/blockquote>\n<p>Podem documentar que se&#8217;n diu tamb\u00e9 <em>feixisme d&#8217;esquerra;<\/em>\u00a0<a href=\"https:\/\/ca.wikipedia.org\/wiki\/Feixisme_d%27esquerra\" target=\"_blank\" rel=\"noopener\"><i class=\"fas fa-external-link-alt\"><\/i><\/a>\u00a0a m\u00e9s, tamb\u00e9 s&#8217;han creat formes derivades dels colors amb qu\u00e8 s&#8217;identifica metaf\u00f2ricament les ideologies pol\u00edtiques que entren en la combinaci\u00f3: <em>roig-i-bru, roig-i-brunisme<\/em>, que tamb\u00e9 apareixen en altres lleng\u00fces:<\/p>\n<ul>\n<li><em>en: <\/em>red-brown, red-brownism<\/li>\n<li><em>es:<\/em> rojipardo, rojipardismo<\/li>\n<li><em>fr:<\/em> rouge-brun, rougebrunisme<\/li>\n<li><em>it:<\/em> rosso-bruno, rossobrunismo<\/li>\n<\/ul>\n","protected":false},"excerpt":{"rendered":"<p>El terme feixisme roig \u00e9s la forma preferent, segons indicaci\u00f3 del Termcat (04.12.2023), per a denominar un corrent ideol\u00f2gic que combina propostes pertanyents a posicions pol\u00edtiques oposades d&#8217;esquerres i de dretes: Per al concepte que ens indiqueu considerem adequada la forma feixisme roig. Es tracta d&#8217;una denominaci\u00f3 sem\u00e0nticament transparent (parteix de la forma feixisme, ja [&hellip;]<\/p>\n","protected":false},"author":1,"featured_media":0,"comment_status":"open","ping_status":"open","sticky":false,"template":"","format":"standard","meta":{"footnotes":""},"categories":[44],"tags":[17,65,85],"class_list":["post-6398","post","type-post","status-publish","format-standard","hentry","category-lletra-r","tag-lexic","tag-politica","tag-sociologia"],"post_mailing_queue_ids":[],"_links":{"self":[{"href":"https:\/\/www.cdlpv.org\/fitxes\/wp-json\/wp\/v2\/posts\/6398","targetHints":{"allow":["GET"]}}],"collection":[{"href":"https:\/\/www.cdlpv.org\/fitxes\/wp-json\/wp\/v2\/posts"}],"about":[{"href":"https:\/\/www.cdlpv.org\/fitxes\/wp-json\/wp\/v2\/types\/post"}],"author":[{"embeddable":true,"href":"https:\/\/www.cdlpv.org\/fitxes\/wp-json\/wp\/v2\/users\/1"}],"replies":[{"embeddable":true,"href":"https:\/\/www.cdlpv.org\/fitxes\/wp-json\/wp\/v2\/comments?post=6398"}],"version-history":[{"count":8,"href":"https:\/\/www.cdlpv.org\/fitxes\/wp-json\/wp\/v2\/posts\/6398\/revisions"}],"predecessor-version":[{"id":6795,"href":"https:\/\/www.cdlpv.org\/fitxes\/wp-json\/wp\/v2\/posts\/6398\/revisions\/6795"}],"wp:attachment":[{"href":"https:\/\/www.cdlpv.org\/fitxes\/wp-json\/wp\/v2\/media?parent=6398"}],"wp:term":[{"taxonomy":"category","embeddable":true,"href":"https:\/\/www.cdlpv.org\/fitxes\/wp-json\/wp\/v2\/categories?post=6398"},{"taxonomy":"post_tag","embeddable":true,"href":"https:\/\/www.cdlpv.org\/fitxes\/wp-json\/wp\/v2\/tags?post=6398"}],"curies":[{"name":"wp","href":"https:\/\/api.w.org\/{rel}","templated":true}]}}