{"id":6338,"date":"2023-11-17T20:30:08","date_gmt":"2023-11-17T18:30:08","guid":{"rendered":"https:\/\/www.cdlpv.org\/fitxes\/?p=6338"},"modified":"2023-11-17T13:59:50","modified_gmt":"2023-11-17T11:59:50","slug":"txa-txa-txa","status":"publish","type":"post","link":"https:\/\/www.cdlpv.org\/fitxes\/txa-txa-txa\/","title":{"rendered":"txa-txa-txa"},"content":{"rendered":"<p><a href=\"https:\/\/www.cdlpv.org\/fitxes\/wp-content\/uploads\/2023\/11\/Notesmusicals.png\"><img loading=\"lazy\" decoding=\"async\" class=\"size-full wp-image-6348 alignleft\" src=\"https:\/\/www.cdlpv.org\/fitxes\/wp-content\/uploads\/2023\/11\/Notesmusicals.png\" alt=\"Notes musicals\" width=\"176\" height=\"169\" \/><\/a>Esta paraula no apareix encara en el <abbr class=\"versaleta\" title=\"Diccionari normatiu valenci\u00e0\"><em>dnv<\/em><\/abbr> (consulta: 15.11.2023), per\u00f2 s\u00ed que va entrar en el <em>Vocabulari de la m\u00fasica<\/em> (2013) de l&#8217;<abbr title=\"Acad\u00e8mia Valenciana de la Llengua\">avl<\/abbr>: <a href=\"https:\/\/www.avl.gva.es\/documents\/31987\/65425\/Vocabulari_m%C3%BAsica\" target=\"_blank\" rel=\"noopener\"><i class=\"fas fa-file-pdf\"><\/i><\/a><\/p>\n<blockquote><p><strong>txa-txa-txa<\/strong> <em>m.<\/em> M\u00fasica que acompanya el ball hom\u00f2nim, d\u2019origen cub\u00e0 i derivada de la rumba i del mambo.<\/p><\/blockquote>\n","protected":false},"excerpt":{"rendered":"<p>Esta paraula no apareix encara en el dnv (consulta: 15.11.2023), per\u00f2 s\u00ed que va entrar en el Vocabulari de la m\u00fasica (2013) de l&#8217;avl: txa-txa-txa m. M\u00fasica que acompanya el ball hom\u00f2nim, d\u2019origen cub\u00e0 i derivada de la rumba i del mambo.<\/p>\n","protected":false},"author":1,"featured_media":0,"comment_status":"open","ping_status":"open","sticky":false,"template":"","format":"standard","meta":{"footnotes":""},"categories":[39],"tags":[17,91],"class_list":["post-6338","post","type-post","status-publish","format-standard","hentry","category-lletra-t","tag-lexic","tag-substantius"],"post_mailing_queue_ids":[],"_links":{"self":[{"href":"https:\/\/www.cdlpv.org\/fitxes\/wp-json\/wp\/v2\/posts\/6338","targetHints":{"allow":["GET"]}}],"collection":[{"href":"https:\/\/www.cdlpv.org\/fitxes\/wp-json\/wp\/v2\/posts"}],"about":[{"href":"https:\/\/www.cdlpv.org\/fitxes\/wp-json\/wp\/v2\/types\/post"}],"author":[{"embeddable":true,"href":"https:\/\/www.cdlpv.org\/fitxes\/wp-json\/wp\/v2\/users\/1"}],"replies":[{"embeddable":true,"href":"https:\/\/www.cdlpv.org\/fitxes\/wp-json\/wp\/v2\/comments?post=6338"}],"version-history":[{"count":5,"href":"https:\/\/www.cdlpv.org\/fitxes\/wp-json\/wp\/v2\/posts\/6338\/revisions"}],"predecessor-version":[{"id":6350,"href":"https:\/\/www.cdlpv.org\/fitxes\/wp-json\/wp\/v2\/posts\/6338\/revisions\/6350"}],"wp:attachment":[{"href":"https:\/\/www.cdlpv.org\/fitxes\/wp-json\/wp\/v2\/media?parent=6338"}],"wp:term":[{"taxonomy":"category","embeddable":true,"href":"https:\/\/www.cdlpv.org\/fitxes\/wp-json\/wp\/v2\/categories?post=6338"},{"taxonomy":"post_tag","embeddable":true,"href":"https:\/\/www.cdlpv.org\/fitxes\/wp-json\/wp\/v2\/tags?post=6338"}],"curies":[{"name":"wp","href":"https:\/\/api.w.org\/{rel}","templated":true}]}}