{"id":6270,"date":"2023-10-31T20:30:27","date_gmt":"2023-10-31T18:30:27","guid":{"rendered":"https:\/\/www.cdlpv.org\/fitxes\/?p=6270"},"modified":"2024-02-02T12:02:48","modified_gmt":"2024-02-02T11:02:48","slug":"rabo","status":"publish","type":"post","link":"https:\/\/www.cdlpv.org\/fitxes\/rabo\/","title":{"rendered":"rabo"},"content":{"rendered":"<figure id=\"attachment_6285\" aria-describedby=\"caption-attachment-6285\" style=\"width: 300px\" class=\"wp-caption alignleft\"><a href=\"https:\/\/www.cdlpv.org\/fitxes\/wp-content\/uploads\/2023\/10\/Carxofes-amb-rabo-scaled.jpg\"><img loading=\"lazy\" decoding=\"async\" class=\"size-medium wp-image-6285\" src=\"https:\/\/www.cdlpv.org\/fitxes\/wp-content\/uploads\/2023\/10\/Carxofes-amb-rabo-300x225.jpg\" alt=\"Carxofes\" width=\"300\" height=\"225\" srcset=\"https:\/\/www.cdlpv.org\/fitxes\/wp-content\/uploads\/2023\/10\/Carxofes-amb-rabo-300x225.jpg 300w, https:\/\/www.cdlpv.org\/fitxes\/wp-content\/uploads\/2023\/10\/Carxofes-amb-rabo-1024x768.jpg 1024w, https:\/\/www.cdlpv.org\/fitxes\/wp-content\/uploads\/2023\/10\/Carxofes-amb-rabo-768x576.jpg 768w, https:\/\/www.cdlpv.org\/fitxes\/wp-content\/uploads\/2023\/10\/Carxofes-amb-rabo-1536x1152.jpg 1536w, https:\/\/www.cdlpv.org\/fitxes\/wp-content\/uploads\/2023\/10\/Carxofes-amb-rabo-2048x1536.jpg 2048w\" sizes=\"auto, (max-width: 300px) 100vw, 300px\" \/><\/a><figcaption id=\"caption-attachment-6285\" class=\"wp-caption-text\"><span style=\"font-size: 10pt;\">Unes carxofes amb el rabo per tallar (i una tomaca al centre) .<\/span><\/figcaption><\/figure>\n<p>La paraula <em>rabo<\/em> t\u00e9 entrada en el <abbr title=\"Diccionari normatiu valenci\u00e0\"><em>dnv <\/em><\/abbr>(consulta: 30.10.2023): <a href=\"https:\/\/www.avl.gva.es\/lexicval\/?paraula=rabo\" target=\"_blank\" rel=\"noopener\"><i class=\"fas fa-external-link-alt\"><\/i><\/a><\/p>\n<blockquote><p><strong>rabo<\/strong><br \/>\n<strong>1.<\/strong> <em>m. [col\u00b7loq.]<\/em> Cua dels animals terrestres.<br \/>\n<strong>2.<\/strong> <strong>fes-li un nuc al rabo<\/strong> V. nuc 16.<br \/>\n<strong>3.<\/strong> <strong>la pols ser\u00e0 si el rabo es trenca<\/strong> V. pols<sup>1<\/sup> 5.<br \/>\n<strong>4.<\/strong> <strong>no al\u00e7ar un gat del (o pel) rabo<\/strong> V. gat 32.<br \/>\n<strong>5.<\/strong> <strong>qu\u00e8 li fa el rabo per a c\u00f3rrer?<\/strong> <em>loc. orac.<\/em> S&#8217;usa per a indicar que una cosa no t\u00e9 res a veure amb una altra.<br \/>\n<strong>6.<\/strong> <strong>rabo de gat<\/strong> <em>m. BOT.<\/em> Rabet de gat.<\/p><\/blockquote>\n<p>Segons <abbr class=\"abbrevk\" title=\"Diccionari etimol\u00f2gic i complementari de la llengua catalana\"><em>dcorom<\/em><\/abbr> (s. v. <em>cua, <\/em><a href=\"https:\/\/decat.iec.cat\/veuredoc.asp?id=58776\" target=\"_blank\" rel=\"noopener\"><i class=\"fas fa-external-link-alt\"><\/i><\/a><em> rabassa,<\/em><a href=\"https:\/\/decat.iec.cat\/veuredoc.asp?id=211538\" target=\"_blank\" rel=\"noopener\"> <i class=\"fas fa-external-link-alt\"><\/i><\/a><em> rabosa<\/em>) <a href=\"https:\/\/decat.iec.cat\/veuredoc.asp?id=211843\" target=\"_blank\" rel=\"noopener\"><i class=\"fas fa-external-link-alt\"><\/i><\/a> el mot <em>rabo<\/em> (del llat\u00ed <em>rapum<\/em>, llat\u00ed vulgar <em>rapa<\/em> &#8216;nap rod\u00f3&#8217;) i que significaria &#8216;cua grossa o carbosa&#8217;, \u00e9s catal\u00e0 de Val\u00e8ncia, que proposa amb poc fonament que ha arribat a trav\u00e9s del \u00abmoss\u00e0rab\u00bb (veg. <a href=\"https:\/\/www.cdlpv.org\/fitxes\/mossarabisme\/\" target=\"_blank\" rel=\"noopener\"><em>mossarabisme<\/em><\/a>), per\u00f2 afig que amb una influ\u00e8ncia castellanoaragonesa, possibilitat m\u00e9s s\u00f2lida, tal com suggerix Emili Casanova (\u00abEl l\u00e8xic de la Decad\u00e8ncia en els estudis etimol\u00f2gics: el cas del <em><span class=\"versaleta\">decat<\/span><\/em> de Joan Coromines \u00bb). <a href=\"https:\/\/aillc.espais.iec.cat\/files\/2020\/10\/12_3_aillc_189_221.pdf\" target=\"_blank\" rel=\"noopener\"><i class=\"fas fa-file-pdf\"><\/i><\/a> El <abbr title=\"Diccionari catal\u00e0-valenci\u00e0-balear\"><em>dcvb<\/em><\/abbr> no considerava adequat l&#8217;\u00fas d&#8217;esta paraula:<\/p>\n<blockquote><p><em>(<span class=\"versaleta\"><abbr title=\"Diccionari catal\u00e0-valenci\u00e0-balear\">dcvb<\/abbr><\/span>)<\/em> <strong>rabo<\/strong> <em>m. <\/em>(castellanisme inadmissible. per\u00f2 molt usat en el Pa\u00eds Valenci\u00e0, amb totes les accepcions de <em>coa <\/em>o <em>cua<\/em>). Encara queda el rabo per desollar, Rond. de R. Val. 59. <strong>a)<\/strong> Rabo de gat: planta de diferents esp\u00e8cies <em>(Stachys hirta, Sideritis hirsuta, Lithospermum fruticosum, Equisetum arvense), <\/em>segons Flora Val. 153.<\/p><\/blockquote>\n<h3>Per extensi\u00f3, rabo<\/h3>\n<p>Tamb\u00e9 \u00e9s usual denominar <em>rabo<\/em> l&#8217;extrem de la tija d&#8217;alguns fruits i hortalisses, com ara els rabos de panses \u2014que es diu que s\u00f3n bons per a la mem\u00f2ria\u2014 o els rabos de les carxofes o cebes tendres:<\/p>\n<ul>\n<li>Llu\u00eds Fullana Mira (<em>Refraner valenci\u00e0<\/em>, 1928): \u00abSi no tens mem\u00f2ria, menja rabos de panses [&#8230;]\u00bb. <a title=\"Google Llibres\" href=\"https:\/\/books.google.es\/books?id=SrQ-AAAAIAAJ&amp;q=rabos+de+panses&amp;dq=rabos+de+panses&amp;hl=ca&amp;newbks=1&amp;newbks_redir=0&amp;sa=X&amp;ved=2ahUKEwjP5LCi9J-CAxWVRaQEHYsZAR4Q6AF6BAgFEAI\" target=\"_blank\" rel=\"noopener\"><i class=\"fab fa-google\"><\/i><\/a><\/li>\n<li>Neus Rossell\u00f3 Sempere (\u00abMem\u00f2ria de l\u2019estada pr\u00e0ctica a la finca experimental de cultiu ecol\u00f2gic de la Marjal dels Moros\u00bb, 2011): \u00abQuan es tallen els rabos de les cebes i es deixen per curar-se al camp, cal tindre en consideraci\u00f3 els possibles robatoris\u00bb. <a href=\"https:\/\/www.ub.edu\/masterae\/wp-content\/uploads\/2016\/02\/E27-Neus-Rosell%C3%B3.pdf\" target=\"_blank\" rel=\"noopener\"><i class=\"fas fa-file-pdf\"><\/i><\/a><\/li>\n<\/ul>\n<h3>Car\u00e0cter rabi\u00fct<\/h3>\n<p>L&#8217;escriptora Encarna Sant-Celoni i Verger en <em>Al cor la quimereta <\/em>(2002) documenta un sentit que no apareix en el <em><span class=\"versaleta\">dnv<\/span><\/em>:<\/p>\n<blockquote><p>(<abbr title=\"Al cor la quimereta\">quimereta<\/abbr>) <em><strong>rabo<\/strong><\/em> (<em>potser de<\/em> rabior): car\u00e0cter rabi\u00fct, esquerp, irascible, tend\u00e8ncia a enrabiar-se, a irritar-se, f\u00e0cilment. <a title=\"Mot no recollit en DVAL, DCVB o FPASTOR, o recollit amb un altre sentit\">[NR]<\/a>\u00bb; p\u00e0gina 70: \u00abCallar\u00e9 ja, si no, resultar\u00e0 que Manel t\u00e9 ra\u00f3 i que \u00e9s de veres que tinc un poquet del <em>rabo<\/em> i de l&#8217;orgull de fam\u00edlia que em tira cada vegada que \u2014sense cap fonament, al meu parer\u2014 discutix amb algun dels meus germans \u2014perqu\u00e8 mira que li encanta estralejar, a este home meu, i estar a punt de brega a cada moment\u2014 [&#8230;]<\/blockquote>\n<p>L&#8217;escriptor Josep Lozano Lerma (agost del 2004) comenta que a Alginet hi ha l&#8217;expressi\u00f3 referida a una persona esquerpa: \u00abAix\u00f2 \u00e9s un rabo d&#8217;aire\u00bb.<\/p>\n<h3>El parent <em>rabut<\/em><\/h3>\n<p>L&#8217;adjectiu <em>rabut -uda<\/em> significa &#8216;geni\u00fct, de mal car\u00e0cter&#8217; (veg. <abbr title=\"El valenci\u00e0 de la Marina Baixa\"><em>colomina<\/em><\/abbr>, s. v. <em>rabut;<\/em> apareix en el <abbr title=\"Diccionari normatiu valenci\u00e0\"><em>dnv<\/em><\/abbr>, <a href=\"https:\/\/www.avl.gva.es\/lexicval\/?paraula=rabut\" target=\"_blank\" rel=\"noopener\"><i class=\"fas fa-external-link-alt\"><\/i><\/a><em>\u00a0 per\u00f2 <\/em>no el <abbr title=\"Gran diccionari de la llengua catalana\"><em>gdlc<\/em><\/abbr> o el <abbr title=\"Diccionari de l'Institut d'Estudis Catalans\"><em>diec<\/em><\/abbr>). Colomina el considera derivat de <em>r\u00e0bia, rabi\u00fct<\/em> redu\u00eft a <em>rabut<\/em>, encara que Coromines el fa derivar de <em>rabo<\/em>. El <em><span class=\"versaleta\">dcvb<\/span><\/em> diu que significa &#8216;que t\u00e9 la coa grossa&#8217;, encara que l&#8217;exemple que utilitza no \u00e9s concloent pel que fa al significat:<\/p>\n<blockquote><p><em>(<span class=\"versaleta\">dcvb<\/span>)<\/em> En Onda la claven fonda, | en Assuera els peluts, | en Eslida s\u00f3n culecos | i en Artana s\u00f3n rabuts.<\/p><\/blockquote>\n","protected":false},"excerpt":{"rendered":"<p>La paraula rabo t\u00e9 entrada en el dnv (consulta: 30.10.2023): rabo 1. m. [col\u00b7loq.] Cua dels animals terrestres. 2. fes-li un nuc al rabo V. nuc 16. 3. la pols ser\u00e0 si el rabo es trenca V. pols1 5. 4. no al\u00e7ar un gat del (o pel) rabo V. gat 32. 5. qu\u00e8 li fa [&hellip;]<\/p>\n","protected":false},"author":1,"featured_media":0,"comment_status":"open","ping_status":"open","sticky":false,"template":"","format":"standard","meta":{"footnotes":""},"categories":[44],"tags":[23,140,17,53],"class_list":["post-6270","post","type-post","status-publish","format-standard","hentry","category-lletra-r","tag-accepcions","tag-dialectes","tag-lexic","tag-revisions"],"post_mailing_queue_ids":[],"_links":{"self":[{"href":"https:\/\/www.cdlpv.org\/fitxes\/wp-json\/wp\/v2\/posts\/6270","targetHints":{"allow":["GET"]}}],"collection":[{"href":"https:\/\/www.cdlpv.org\/fitxes\/wp-json\/wp\/v2\/posts"}],"about":[{"href":"https:\/\/www.cdlpv.org\/fitxes\/wp-json\/wp\/v2\/types\/post"}],"author":[{"embeddable":true,"href":"https:\/\/www.cdlpv.org\/fitxes\/wp-json\/wp\/v2\/users\/1"}],"replies":[{"embeddable":true,"href":"https:\/\/www.cdlpv.org\/fitxes\/wp-json\/wp\/v2\/comments?post=6270"}],"version-history":[{"count":22,"href":"https:\/\/www.cdlpv.org\/fitxes\/wp-json\/wp\/v2\/posts\/6270\/revisions"}],"predecessor-version":[{"id":6558,"href":"https:\/\/www.cdlpv.org\/fitxes\/wp-json\/wp\/v2\/posts\/6270\/revisions\/6558"}],"wp:attachment":[{"href":"https:\/\/www.cdlpv.org\/fitxes\/wp-json\/wp\/v2\/media?parent=6270"}],"wp:term":[{"taxonomy":"category","embeddable":true,"href":"https:\/\/www.cdlpv.org\/fitxes\/wp-json\/wp\/v2\/categories?post=6270"},{"taxonomy":"post_tag","embeddable":true,"href":"https:\/\/www.cdlpv.org\/fitxes\/wp-json\/wp\/v2\/tags?post=6270"}],"curies":[{"name":"wp","href":"https:\/\/api.w.org\/{rel}","templated":true}]}}