{"id":6154,"date":"2023-10-10T20:30:16","date_gmt":"2023-10-10T18:30:16","guid":{"rendered":"https:\/\/www.cdlpv.org\/fitxes\/?p=6154"},"modified":"2023-10-16T09:01:52","modified_gmt":"2023-10-16T07:01:52","slug":"papadiners","status":"publish","type":"post","link":"https:\/\/www.cdlpv.org\/fitxes\/papadiners\/","title":{"rendered":"papadiners"},"content":{"rendered":"<p>A pesar de la definici\u00f3 que compartixen el <span class=\"versaleta\"><em>dnv<\/em><\/span> (&#8216;pretext per a fer diners&#8217;) i el <em><span class=\"versaleta\">diec<\/span><\/em> (&#8216;pretext de fer diners&#8217;), el significat de la paraula <em>papadiners<\/em> s&#8217;ajusta m\u00e9s a la definici\u00f3 del <em><span class=\"versaleta\">dcvb<\/span><\/em>:<\/p>\n<blockquote><p><strong>papadiners<\/strong> <em>m.<\/em> Pretext per a fer despendre diners; persona que en fa \u00fas, que procura fer gastar in\u00fatilment; cast. <em>papadineros.<\/em> Ay, Senyor! Despr\u00e9s de la desgr\u00e0cia, tot s\u00f3n papa-diners, V\u00edct. Cat., Cayres 66.<\/p><\/blockquote>\n<p>\u00c9s una paraula amb una documentaci\u00f3 d&#8217;\u00fas escassa, per\u00f2 podem trobar uns quants usos escrits que mostren el sentit de la paraula. Per exemple, en la pe\u00e7a teatral <em>Al vapor<\/em> de Josep Carner (1901; firmada amb el pseud\u00f2nim \u00abPere de Maldar\u00bb) podem llegir: <a href=\"https:\/\/upload.wikimedia.org\/wikipedia\/commons\/e\/ea\/Al_vapor_-_joguina_en_un_acte_y_en_prosa_%28IA_alvaporjoguinaen3285mald%29.pdf\" target=\"_blank\" rel=\"noopener\"><i class=\"fas fa-file-pdf\"><\/i><\/a><\/p>\n<blockquote><p>Si seny\u00f3: aqu\u00ed y \u00e0 totas parts que no hi ha tal aca ni tal barraca, qu&#8217; aix\u00f3 es un <strong>papa-dineros<\/strong> in- ventat per alg\u00fan italianot fart de macarrons. \u00bfComprens?<\/p><\/blockquote>\n<p>En la premsa podem localitzar en <em>Igualada <\/em>(29.05.1982) la not\u00edcia seg\u00fcent: <a href=\"https:\/\/www.google.com\/url?sa=i&amp;url=https%3A%2F%2Ftrencadis.diba.cat%2Fca%2Fdoc%2Fdocument%2Fdownloads%2F214298&amp;psig=AOvVaw0xXo-YpBGQj2smHpETnoaN&amp;ust=1697006577187000&amp;source=images&amp;cd=vfe&amp;opi=89978449&amp;ved=2ahUKEwiAs_6i8OqBAxU7rycCHQ6oA9EQr4kDegQIARA0\" target=\"_blank\" rel=\"noopener\"><i class=\"fas fa-file-pdf\"><\/i><\/a><\/p>\n<blockquote>\n<h3>Les m\u00e0quines papadiners tenen els dies comptats<\/h3>\n<p>Les m\u00e0quines <strong>papadiners<\/strong> han comptat des del primer moment amb una gran acceptaci\u00f3 entre el p\u00fablic. El seu atractiu \u00e9s sens dubte el donar els premis en efectiu.<\/p><\/blockquote>\n<p>En la novel\u00b7la <em>La llei dels justos<\/em> de Chufo Llorens (2015): <a href=\"https:\/\/books.google.es\/books?id=fgZxBgAAQBAJ&amp;pg=PT156&amp;dq=els+papadiners&amp;hl=ca&amp;newbks=1&amp;newbks_redir=0&amp;sa=X&amp;ved=2ahUKEwjthIerkNyBAxXoV6QEHSu0C2wQ6AF6BAgMEAI#v=onepage&amp;q=els%20papadiners&amp;f=false\" target=\"_blank\" rel=\"noopener\"><i class=\"fas fa-external-link-alt\"><\/i><\/a><\/p>\n<blockquote><p>Tots plegats s\u00f3n uns <strong>papadiners<\/strong> de beates.<\/p><\/blockquote>\n<p>En la not\u00edcia \u00abUna cer\u00e0mica del <span class=\"versaleta\">xix<\/span> rememora la figura del \u2018tocacranis\u2019 Mari\u00e0 Cub\u00ed\u00bb\u00a0 de Manu Mitru (<em>El Peri\u00f3dico,<\/em> 04.01.2023): <a href=\"https:\/\/www.elperiodico.cat\/ca\/eixample\/20230104\/ceramica-xix-rememora-figura-sobacraneos-80680068\" target=\"_blank\" rel=\"noopener\"><i class=\"fas fa-external-link-alt\"><\/i><\/a><\/p>\n<blockquote><p>El 1907, impermeable com sempre a la pluja del sentit com\u00fa, Barcelona va decidir dedicar un carrer a alg\u00fa a qui en vida la premsa, i amb ra\u00f3, va titllar de \u00abxarlat\u00e0\u00bb, \u00abfarsant\u00bb i, en catal\u00e0, <strong>\u00abpapadiners\u00bb<\/strong>, paraula en des\u00fas, per\u00f2 que al segle <span class=\"versaleta\">xix<\/span> era tot un insult.<\/p><\/blockquote>\n<p>Finalment, ja fa uns quants anys, Albert Pla Nualart va comentar al final del seu article \u00ab\u00bfDescerebrats i papanates o eixelebrats i babaus?\u00bb (<em>Ara<\/em>, 06.12.2014) la necessitat de millorar la definici\u00f3: <a href=\"https:\/\/llegim.ara.cat\/llegim\/descerebrats-papanates-eixelebrats-babaus_1_1979100.html\" target=\"_blank\" rel=\"noopener\"><i class=\"fas fa-external-link-alt\"><\/i><\/a><\/p>\n<blockquote><p>Per cert, diria que el <span class=\"versaleta\">diec2<\/span> ha de revisar l\u2019entrada <em>papadiners.<\/em> No \u00e9s, com diu, un pretext de fer diners sin\u00f3, com diu el <span class=\"versaleta\">gdlc<\/span>, <a href=\"https:\/\/www.diccionari.cat\/GDLC\/papadiners#\" target=\"_blank\" rel=\"noopener\"><i class=\"fas fa-external-link-alt\"><\/i><\/a> un pretext per fer gastar diners in\u00fatilment, cosa bastant diferent.<\/p><\/blockquote>\n","protected":false},"excerpt":{"rendered":"<p>A pesar de la definici\u00f3 que compartixen el dnv (&#8216;pretext per a fer diners&#8217;) i el diec (&#8216;pretext de fer diners&#8217;), el significat de la paraula papadiners s&#8217;ajusta m\u00e9s a la definici\u00f3 del dcvb: papadiners m. Pretext per a fer despendre diners; persona que en fa \u00fas, que procura fer gastar in\u00fatilment; cast. papadineros. Ay, [&hellip;]<\/p>\n","protected":false},"author":1,"featured_media":0,"comment_status":"open","ping_status":"open","sticky":false,"template":"","format":"standard","meta":{"footnotes":""},"categories":[50],"tags":[72,17,91],"class_list":["post-6154","post","type-post","status-publish","format-standard","hentry","category-lletra-p","tag-diccionaris","tag-lexic","tag-substantius"],"post_mailing_queue_ids":[],"_links":{"self":[{"href":"https:\/\/www.cdlpv.org\/fitxes\/wp-json\/wp\/v2\/posts\/6154","targetHints":{"allow":["GET"]}}],"collection":[{"href":"https:\/\/www.cdlpv.org\/fitxes\/wp-json\/wp\/v2\/posts"}],"about":[{"href":"https:\/\/www.cdlpv.org\/fitxes\/wp-json\/wp\/v2\/types\/post"}],"author":[{"embeddable":true,"href":"https:\/\/www.cdlpv.org\/fitxes\/wp-json\/wp\/v2\/users\/1"}],"replies":[{"embeddable":true,"href":"https:\/\/www.cdlpv.org\/fitxes\/wp-json\/wp\/v2\/comments?post=6154"}],"version-history":[{"count":12,"href":"https:\/\/www.cdlpv.org\/fitxes\/wp-json\/wp\/v2\/posts\/6154\/revisions"}],"predecessor-version":[{"id":6168,"href":"https:\/\/www.cdlpv.org\/fitxes\/wp-json\/wp\/v2\/posts\/6154\/revisions\/6168"}],"wp:attachment":[{"href":"https:\/\/www.cdlpv.org\/fitxes\/wp-json\/wp\/v2\/media?parent=6154"}],"wp:term":[{"taxonomy":"category","embeddable":true,"href":"https:\/\/www.cdlpv.org\/fitxes\/wp-json\/wp\/v2\/categories?post=6154"},{"taxonomy":"post_tag","embeddable":true,"href":"https:\/\/www.cdlpv.org\/fitxes\/wp-json\/wp\/v2\/tags?post=6154"}],"curies":[{"name":"wp","href":"https:\/\/api.w.org\/{rel}","templated":true}]}}