{"id":606,"date":"2016-08-08T10:14:32","date_gmt":"2016-08-08T08:14:32","guid":{"rendered":"http:\/\/www.cdlpv.org\/fitxes\/?p=606"},"modified":"2016-08-08T10:16:27","modified_gmt":"2016-08-08T08:16:27","slug":"frontisme","status":"publish","type":"post","link":"https:\/\/www.cdlpv.org\/fitxes\/frontisme\/","title":{"rendered":"frontisme"},"content":{"rendered":"<ol>\n<li>Terme de pol\u00edtica que s&#8217;utilitza actualment (any 2001) per a referir-se a la situaci\u00f3 cap a la qu\u00e8 poden derivar les aliances pol\u00edtiques en el Pa\u00eds Basc, amb l&#8217;establiment de (dos) fronts pol\u00edtics oposats.El <span class=\"versaleta\"><em>ctilc<\/em><\/span>\u00a0 el documenta una vegada (Isidre Molas, <em>La ciutat llunyana<\/em>, 1981) com a manlleu adaptat provinent de l&#8217;itali\u00e0 (l&#8217;escriu, per\u00f2, entre cometes), referit tamb\u00e9 a la situaci\u00f3 pol\u00edtica d&#8217;aquell pa\u00eds amb l&#8217;alian\u00e7a entre socialistes i comunistes als anys posteriors a la segona guerra mundial. No apareix en els diccionaris habituals ni en la <span class=\"versaleta\"><em>gec<\/em><\/span> (2009), per\u00f2 s\u00ed que l&#8217;incorpora el <span class=\"versaleta\"><em>gd62<\/em><\/span> (i tamb\u00e9 <em>frontista<\/em>):<br \/>\n<blockquote><p><b>frontisme<\/b> <em>m<\/em> Pr\u00e0ctica pol\u00edtica de coalitzar-se dos o m\u00e9s partits d&#8217;ideologia af\u00ed, especialment per a contrarestar o neutralitzar la influ\u00e8ncia dels partits d&#8217;ideologia oposada.<\/p><\/blockquote>\n<p>Posteriorment comprovem que apareix recollit en el <span class=\"versaleta\"><em>dnv<\/em><\/span> (consulta: 08.08.2016), amb la definici\u00f3 seg\u00fcent:<\/p>\n<blockquote><p><strong>frontisme<\/strong> <em>m. POL\u00cdT.<\/em> Tend\u00e8ncia de dos o m\u00e9s partits pol\u00edtics a formar un front com\u00fa.<\/p><\/blockquote>\n<\/li>\n<li>En castell\u00e0, el <span class=\"versaleta\"><em>dea<\/em><\/span> inclou la paraula (i tamb\u00e9 <em>frentista<\/em>):<br \/>\n<blockquote><p><strong>frentismo<\/strong> <em>m (Pol)<\/em> Tendencia de dos o m\u00e1s partidos a formar un frente com\u00fan. | <em>Ya<\/em> 28.1.91, 13: <span class=\"exemple\">J\u00e1uregui alerta sobre el \u00abfrentismo\u00bb en Euskadi. <\/span><\/p><\/blockquote>\n<p>En itali\u00e0, el <em>De Mauro<\/em> l&#8217;inclou amb una definici\u00f3 molt determinada:<\/p>\n<blockquote><p>s. m. polit., tendenza a formare alleanze politiche tra partiti di sinistra.<\/p><\/blockquote>\n<p>En franc\u00e9s, l&#8217;<a href=\"http:\/\/atilf.atilf.fr\/dendien\/scripts\/tlfiv5\/advanced.exe?8;s=1905169260;\" target=\"_blank\"><span class=\"versaleta\"><em><span style=\"color: #000080;\">atilf<\/span><\/em><\/span><\/a> tamb\u00e9 li d\u00f3na un car\u00e0cter general (tot i que amb uns or\u00edgens tamb\u00e9 determinats):<\/p>\n<blockquote><p><em>Au fig. <\/em>En m\u00eame temps. <em>Mener de front (deux entreprises) Mais c&#8217;est une terrible oeuvre que celle o\u00f9 il faut faire marcher de front l&#8217;int\u00e9r\u00eat dramatique, les caract\u00e8res, les passions et le style.<\/em> (CHATEAUBR., <em>Corresp., <\/em>t. 2, 1789-1824, p. 358). <strong>REM. Frontisme, <\/strong>subst. masc. Doctrine du Parti du Front constitu\u00e9 en France \u00e0 la veille de la Seconde Guerre mondiale. <em>La vive personnalit\u00e9 du d\u00e9put\u00e9 Gaston Bergery anime la <\/em>Fl\u00e8che, <em>organe du frontisme<\/em> (<em>Civilis. \u00e9cr., <\/em>1939, p. 36-12).<\/p><\/blockquote>\n<\/li>\n<\/ol>\n","protected":false},"excerpt":{"rendered":"<p>Terme de pol\u00edtica que s&#8217;utilitza actualment (any 2001) per a referir-se a la situaci\u00f3 cap a la qu\u00e8 poden derivar les aliances pol\u00edtiques en el Pa\u00eds Basc, amb l&#8217;establiment de (dos) fronts pol\u00edtics oposats.El ctilc\u00a0 el documenta una vegada (Isidre Molas, La ciutat llunyana, 1981) com a manlleu adaptat provinent de l&#8217;itali\u00e0 (l&#8217;escriu, per\u00f2, entre [&hellip;]<\/p>\n","protected":false},"author":1,"featured_media":0,"comment_status":"open","ping_status":"open","sticky":false,"template":"","format":"standard","meta":{"footnotes":""},"categories":[24],"tags":[17,13,65,21],"class_list":["post-606","post","type-post","status-publish","format-standard","hentry","category-lletra-f","tag-lexic","tag-neologia","tag-politica","tag-revisions-2001"],"post_mailing_queue_ids":[],"_links":{"self":[{"href":"https:\/\/www.cdlpv.org\/fitxes\/wp-json\/wp\/v2\/posts\/606","targetHints":{"allow":["GET"]}}],"collection":[{"href":"https:\/\/www.cdlpv.org\/fitxes\/wp-json\/wp\/v2\/posts"}],"about":[{"href":"https:\/\/www.cdlpv.org\/fitxes\/wp-json\/wp\/v2\/types\/post"}],"author":[{"embeddable":true,"href":"https:\/\/www.cdlpv.org\/fitxes\/wp-json\/wp\/v2\/users\/1"}],"replies":[{"embeddable":true,"href":"https:\/\/www.cdlpv.org\/fitxes\/wp-json\/wp\/v2\/comments?post=606"}],"version-history":[{"count":2,"href":"https:\/\/www.cdlpv.org\/fitxes\/wp-json\/wp\/v2\/posts\/606\/revisions"}],"predecessor-version":[{"id":608,"href":"https:\/\/www.cdlpv.org\/fitxes\/wp-json\/wp\/v2\/posts\/606\/revisions\/608"}],"wp:attachment":[{"href":"https:\/\/www.cdlpv.org\/fitxes\/wp-json\/wp\/v2\/media?parent=606"}],"wp:term":[{"taxonomy":"category","embeddable":true,"href":"https:\/\/www.cdlpv.org\/fitxes\/wp-json\/wp\/v2\/categories?post=606"},{"taxonomy":"post_tag","embeddable":true,"href":"https:\/\/www.cdlpv.org\/fitxes\/wp-json\/wp\/v2\/tags?post=606"}],"curies":[{"name":"wp","href":"https:\/\/api.w.org\/{rel}","templated":true}]}}