{"id":6042,"date":"2023-07-26T20:30:20","date_gmt":"2023-07-26T18:30:20","guid":{"rendered":"https:\/\/www.cdlpv.org\/fitxes\/?p=6042"},"modified":"2023-08-10T10:27:35","modified_gmt":"2023-08-10T08:27:35","slug":"valdre-la-pena","status":"publish","type":"post","link":"https:\/\/www.cdlpv.org\/fitxes\/valdre-la-pena\/","title":{"rendered":"valdre la pena"},"content":{"rendered":"<p><a title=\"Fragment de l'apunt d'Anna Muri\u00e0\" href=\"https:\/\/www.cdlpv.org\/fitxes\/wp-content\/uploads\/2023\/07\/Val-la-pena-Muria.png\"><img loading=\"lazy\" decoding=\"async\" class=\"size-medium wp-image-6067 alignleft\" src=\"https:\/\/www.cdlpv.org\/fitxes\/wp-content\/uploads\/2023\/07\/Val-la-pena-Muria-300x268.png\" alt=\"Val la pena\" width=\"300\" height=\"268\" srcset=\"https:\/\/www.cdlpv.org\/fitxes\/wp-content\/uploads\/2023\/07\/Val-la-pena-Muria-300x268.png 300w, https:\/\/www.cdlpv.org\/fitxes\/wp-content\/uploads\/2023\/07\/Val-la-pena-Muria.png 340w\" sizes=\"auto, (max-width: 300px) 100vw, 300px\" \/><\/a>El <span class=\"versaleta\"><em><abbr title=\"Diccionari normatiu valenci\u00e0\">dnv<\/abbr><\/em><\/span> (consulta: 26.07.2023) incorpora com a variant principal d&#8217;esta locuci\u00f3 esta formulaci\u00f3 amb el verb <em>valdre:<\/em> <a href=\"https:\/\/www.avl.gva.es\/lexicval\/?paraula=pena\" target=\"_blank\" rel=\"noopener\"><i class=\"fas fa-external-link-alt\"><\/i><\/a><\/p>\n<blockquote>\n<div class=\"descripcio\"><strong><span class=\"locucio negrita\">valdre la pena<\/span><\/strong> <em><span class=\"catgramatical cursiva\">loc. verb.<\/span><\/em> <span class=\"definicio\">Compensar l&#8217;esfor\u00e7.<\/span><\/div>\n<\/blockquote>\n<p>Sobre l&#8217;increment d&#8217;\u00fas de la variant <em>pagar la pena<\/em>, que pareix que amaga un rebuig o menyspreu respecte a la versi\u00f3 general <em>valdre la pena,<\/em> podem llegir uns fragments de l&#8217;apunt \u00abVal la pena\u00bb\u00a0 (07.06.1999) <a href=\"https:\/\/books.google.es\/books?id=yTJxsK_RKekC&amp;pg=PA448&amp;dq=%22paga+la+pena%22&amp;hl=ca&amp;newbks=1&amp;newbks_redir=0&amp;sa=X&amp;ved=2ahUKEwjsgNbVyJqAAxV1hv0HHe69Bh4Q6AF6BAgMEAI#v=onepage&amp;q=%22paga%20la%20pena%22&amp;f=false\" target=\"_blank\" rel=\"noopener\"><i class=\"fas fa-external-link-alt\"><\/i><\/a> del llibre <em>Reflexions de la vellesa<\/em> d&#8217;Anna Muri\u00e0 i Roman\u00ed:<\/p>\n<blockquote><p>M&#8217;han vingut aquestes ocurr\u00e8ncies fixant-me en algunes locucions i frases fetes que em s\u00f3n de bon pronunciar. N&#8217;hi &lt;ha&gt;* una, molt popular, que la dic molt, que tots la diem i \u00e9s la que he posat per t\u00edtol d&#8217;aquest escrit: \u00abval la pena\u00bb. La forma escrita de les paraules tamb\u00e9 pot o no semblar amable, per exemple: <em>val<\/em> s&#8217;al\u00e7a com un raig de llum, <em>pena<\/em> sembla tenir humitat de ll\u00e0grima. Nosaltres, la gent que tenim el vici d&#8217;escriure, ho veiem. [&#8230;]\n<p>Tota la vida, he dit i he sentit a dir, per exemple: \u00abfem aix\u00f2, val la pena\u00bb, quan donem gran valor al resultat d&#8217;all\u00f2 que proposem de fer. Per\u00f2 ara hi ha molta gent amb tend\u00e8ncia a dir i escriure, en lloc de \u00ab<em>val<\/em> la pena\u00bb, \u00ab<em>paga<\/em> la pena\u00bb. I aix\u00f2 no m&#8217;agrada pel significat avarici\u00f3s que t\u00e9. [&#8230;]\n<p>Val la pena, no ho creieu? De fixar-se en el so, la forma i el sentit dels mots. Ens donar\u00e0 satisfacci\u00f3.<\/p>\n<p>Val la pena i no cal que ens la paguin.<\/p>\n<div class=\"su-note small\"  style=\"border-color:#90bfa5;border-radius:3px;-moz-border-radius:3px;-webkit-border-radius:3px;\"><div class=\"su-note-inner su-u-clearfix su-u-trim\" style=\"background-color:#aad9bf;border-color:#ffffff;color:#333333;border-radius:3px;-moz-border-radius:3px;-webkit-border-radius:3px;\"> <strong>* Nota <em><span class=\"versaleta\">fdt<\/span><\/em>. <\/strong>Afigc entre antilambdes la forma verbal que falta en el text d&#8217;esta edici\u00f3.<\/div><\/div><\/blockquote>\n","protected":false},"excerpt":{"rendered":"<p>El dnv (consulta: 26.07.2023) incorpora com a variant principal d&#8217;esta locuci\u00f3 esta formulaci\u00f3 amb el verb valdre: valdre la pena loc. verb. Compensar l&#8217;esfor\u00e7. Sobre l&#8217;increment d&#8217;\u00fas de la variant pagar la pena, que pareix que amaga un rebuig o menyspreu respecte a la versi\u00f3 general valdre la pena, podem llegir uns fragments de l&#8217;apunt [&hellip;]<\/p>\n","protected":false},"author":1,"featured_media":0,"comment_status":"open","ping_status":"open","sticky":false,"template":"","format":"standard","meta":{"footnotes":""},"categories":[84],"tags":[17,66],"class_list":["post-6042","post","type-post","status-publish","format-standard","hentry","category-lletra-v","tag-lexic","tag-locucions"],"post_mailing_queue_ids":[],"_links":{"self":[{"href":"https:\/\/www.cdlpv.org\/fitxes\/wp-json\/wp\/v2\/posts\/6042","targetHints":{"allow":["GET"]}}],"collection":[{"href":"https:\/\/www.cdlpv.org\/fitxes\/wp-json\/wp\/v2\/posts"}],"about":[{"href":"https:\/\/www.cdlpv.org\/fitxes\/wp-json\/wp\/v2\/types\/post"}],"author":[{"embeddable":true,"href":"https:\/\/www.cdlpv.org\/fitxes\/wp-json\/wp\/v2\/users\/1"}],"replies":[{"embeddable":true,"href":"https:\/\/www.cdlpv.org\/fitxes\/wp-json\/wp\/v2\/comments?post=6042"}],"version-history":[{"count":11,"href":"https:\/\/www.cdlpv.org\/fitxes\/wp-json\/wp\/v2\/posts\/6042\/revisions"}],"predecessor-version":[{"id":6084,"href":"https:\/\/www.cdlpv.org\/fitxes\/wp-json\/wp\/v2\/posts\/6042\/revisions\/6084"}],"wp:attachment":[{"href":"https:\/\/www.cdlpv.org\/fitxes\/wp-json\/wp\/v2\/media?parent=6042"}],"wp:term":[{"taxonomy":"category","embeddable":true,"href":"https:\/\/www.cdlpv.org\/fitxes\/wp-json\/wp\/v2\/categories?post=6042"},{"taxonomy":"post_tag","embeddable":true,"href":"https:\/\/www.cdlpv.org\/fitxes\/wp-json\/wp\/v2\/tags?post=6042"}],"curies":[{"name":"wp","href":"https:\/\/api.w.org\/{rel}","templated":true}]}}