{"id":5990,"date":"2023-07-06T20:30:38","date_gmt":"2023-07-06T18:30:38","guid":{"rendered":"https:\/\/www.cdlpv.org\/fitxes\/?p=5990"},"modified":"2023-07-06T12:41:39","modified_gmt":"2023-07-06T10:41:39","slug":"negro-tossal","status":"publish","type":"post","link":"https:\/\/www.cdlpv.org\/fitxes\/negro-tossal\/","title":{"rendered":"Negro, tossal"},"content":{"rendered":"<p>El tossal Negro \u00e9s un top\u00f2nim d&#8217;Alpont (i la rodalia) i tamb\u00e9 reapareix un poc m\u00e9s cap al sud en l&#8217;\u00e0rea central del Pa\u00eds Valenci\u00e0. <a href=\"https:\/\/www.google.es\/maps\/dir\/Adem%C3%BAs,+46140,+Val%C3%A8ncia\/La+Pobla+de+Sant+Miquel\/Toixa\/Xulella,+46160,+Val%C3%A8ncia\/Alpont,+46178,+Val%C3%A8ncia\/El+Toro,+Comunitat+Valenciana\/Benafer,+12449,+Castell%C3%B3\/Viver\/Tous\/Quesa\/@39.5807668,-1.5042012,8.71z\/data=!4m62!4m61!1m5!1m1!1s0xd5dfc06c1d6e80d:0x2d207cc58b89fa3!2m2!1d-1.2870052!2d40.0613379!1m5!1m1!1s0xd5e015b2823371f:0xfbcfea3ac6cebc06!2m2!1d-1.1445982!2d40.045182!1m5!1m1!1s0xd60ba60a56c7297:0x19317db902ed7604!2m2!1d-1.0412584!2d39.7663977!1m5!1m1!1s0xd60954f26d2c5a9:0xd97e95994d194ef1!2m2!1d-0.8919484!2d39.6555013!1m5!1m1!1s0xd60a436f9a887e3:0x580c1951414409a2!2m2!1d-1.0137828!2d39.8757866!1m5!1m1!1s0xd5e280176b7e1d7:0x620a2c6dcc21e150!2m2!1d-0.7491223!2d39.9820316!1m5!1m1!1s0xd607e4c654b1b5f:0x3b7fad086efe1e30!2m2!1d-0.5772118!2d39.9355133!1m5!1m1!1s0xd607e2130884de1:0x63c5c8a97d21526c!2m2!1d-0.5979205!2d39.9219229!1m5!1m1!1s0xd61a7eed2e621cf:0x90e09f85de0e8e81!2m2!1d-0.5860856!2d39.138592!1m5!1m1!1s0xd610fcf2c2e370d:0x3ac25ff0f79c9236!2m2!1d-0.7393214!2d39.1178831!3e0?entry=ttu\"><i class=\"fas fa-map-marked-alt\" aria-label=\"Google Maps\"><\/i><\/a> La denominaci\u00f3 usual en castell\u00e0 \u00e9s: <em>cerro Negro<\/em>.<\/p>\n<p>Segons la base de dades de l&#8217;<span class=\"versaleta\">avl<\/span> (consulta: 2015) i el Nomencl\u00e0tor Topon\u00edmic Valenci\u00e0 (consulta: 06.07.20223) el conjunt topon\u00edmic gen\u00e8ric +\u00a0<em>Negro<\/em> apareix associat a diferents elements orogr\u00e0fics en uns quants municipis de predomini ling\u00fc\u00edstic castell\u00e0. El gen\u00e8ric que utilitzen \u00e9s <em>cerro<\/em>, que en valenci\u00e0 t\u00e9 diversos equivalents (utilitzarem el gen\u00e8ric <em>tossal<\/em>):<\/p>\n<ul>\n<li>Adem\u00fas: El Cerro Negro <a href=\"https:\/\/www.google.es\/maps\/search\/el+cerro+negro,+Alpuente\/@39.9132481,-1.0503067,538a,35y,335.59h,62.98t\/data=!3m1!1e3?entry=ttu\"><i class=\"fas fa-map-marked-alt\" aria-label=\"Google Maps\"><\/i><\/a><\/li>\n<li>Alpuente: cam\u00ed del Cerro Negro, tossal Negro, coll del Cerro Negro,* solana del Cerro Negro<br \/>\n<div class=\"su-note small\"  style=\"border-color:#90bfa5;border-radius:3px;-moz-border-radius:3px;-webkit-border-radius:3px;\"><div class=\"su-note-inner su-u-clearfix su-u-trim\" style=\"background-color:#aad9bf;border-color:#ffffff;color:#333333;border-radius:3px;-moz-border-radius:3px;-webkit-border-radius:3px;\"> <strong>* Nota <span class=\"versaleta\"><em>fdt<\/em><\/span>.<\/strong> En este cas el gen\u00e8ric usual en castell\u00e0 \u00e9s <em>collado<\/em>.<\/div><\/div><\/li>\n<li>Benafer: tossal Negro<\/li>\n<li>Xulella: tossal Negro, corral del Cerro Negro, font del Cerro Negro<\/li>\n<li>la Pobla de Sant Miquel: tossal Negro<\/li>\n<li>Quesa: tossal Negro<\/li>\n<li>el Toro: tossal Negro<\/li>\n<li>Toixa: tossal Negro<\/li>\n<li>Tous: cases del Cerro Negro<\/li>\n<li>Viver: cam\u00ed del Cerro Negro, El Cerro Negro, corral del Cerro Negro<\/li>\n<\/ul>\n<p>&nbsp;<\/p>\n","protected":false},"excerpt":{"rendered":"<p>El tossal Negro \u00e9s un top\u00f2nim d&#8217;Alpont (i la rodalia) i tamb\u00e9 reapareix un poc m\u00e9s cap al sud en l&#8217;\u00e0rea central del Pa\u00eds Valenci\u00e0. La denominaci\u00f3 usual en castell\u00e0 \u00e9s: cerro Negro. Segons la base de dades de l&#8217;avl (consulta: 2015) i el Nomencl\u00e0tor Topon\u00edmic Valenci\u00e0 (consulta: 06.07.20223) el conjunt topon\u00edmic gen\u00e8ric +\u00a0Negro apareix [&hellip;]<\/p>\n","protected":false},"author":1,"featured_media":0,"comment_status":"open","ping_status":"open","sticky":false,"template":"","format":"standard","meta":{"footnotes":""},"categories":[115],"tags":[57],"class_list":["post-5990","post","type-post","status-publish","format-standard","hentry","category-lletra-n","tag-toponimia"],"post_mailing_queue_ids":[],"_links":{"self":[{"href":"https:\/\/www.cdlpv.org\/fitxes\/wp-json\/wp\/v2\/posts\/5990","targetHints":{"allow":["GET"]}}],"collection":[{"href":"https:\/\/www.cdlpv.org\/fitxes\/wp-json\/wp\/v2\/posts"}],"about":[{"href":"https:\/\/www.cdlpv.org\/fitxes\/wp-json\/wp\/v2\/types\/post"}],"author":[{"embeddable":true,"href":"https:\/\/www.cdlpv.org\/fitxes\/wp-json\/wp\/v2\/users\/1"}],"replies":[{"embeddable":true,"href":"https:\/\/www.cdlpv.org\/fitxes\/wp-json\/wp\/v2\/comments?post=5990"}],"version-history":[{"count":6,"href":"https:\/\/www.cdlpv.org\/fitxes\/wp-json\/wp\/v2\/posts\/5990\/revisions"}],"predecessor-version":[{"id":5997,"href":"https:\/\/www.cdlpv.org\/fitxes\/wp-json\/wp\/v2\/posts\/5990\/revisions\/5997"}],"wp:attachment":[{"href":"https:\/\/www.cdlpv.org\/fitxes\/wp-json\/wp\/v2\/media?parent=5990"}],"wp:term":[{"taxonomy":"category","embeddable":true,"href":"https:\/\/www.cdlpv.org\/fitxes\/wp-json\/wp\/v2\/categories?post=5990"},{"taxonomy":"post_tag","embeddable":true,"href":"https:\/\/www.cdlpv.org\/fitxes\/wp-json\/wp\/v2\/tags?post=5990"}],"curies":[{"name":"wp","href":"https:\/\/api.w.org\/{rel}","templated":true}]}}