{"id":5982,"date":"2023-07-06T20:30:45","date_gmt":"2023-07-06T18:30:45","guid":{"rendered":"https:\/\/www.cdlpv.org\/fitxes\/?p=5982"},"modified":"2023-07-20T09:38:47","modified_gmt":"2023-07-20T07:38:47","slug":"normar","status":"publish","type":"post","link":"https:\/\/www.cdlpv.org\/fitxes\/normar\/","title":{"rendered":"normar"},"content":{"rendered":"<p>El <abbr title=\"Gran diccionari de la llengua catalana\"><span class=\"versaleta\"><em>gdlc<\/em><\/span><\/abbr> del 1993 inclo\u00efa nom\u00e9s el verb per a les matem\u00e0tiques, per\u00f2 actualment (consulta: 01.03.2009, 06.07.2023) li afig una accepci\u00f3 per al dret: <a href=\"https:\/\/www.diccionari.cat\/GDLC\/normar#\" target=\"_blank\" rel=\"noopener\"><i class=\"fas fa-external-link-alt\" aria-label=\"GDLC\"><\/i><\/a><\/p>\n<blockquote><p><strong>normar<br \/>\n<\/strong><em>v<\/em> <b>1<\/b> <em>tr<\/em> <span class=\"versaleta\">mat<\/span> Establir una norma.<br \/>\n<b>2<\/b> <em>intr<\/em> <span class=\"versaleta\">dr<\/span> Establir normes jur\u00eddiques.<\/p><\/blockquote>\n<p>El <abbr title=\"Diccionari normatiu valenci\u00e0\"><em><span class=\"versaleta\">dnv<\/span><\/em><\/abbr> inclou el verb amb eixes mateixes accepcions, per\u00f2 el <span class=\"versaleta\"><em>diec<\/em><\/span> no inclou encara el verb, encara que s\u00ed que cont\u00e9 (tamb\u00e9 els altres diccionaris) l&#8217;adjectiu <em>normat -ada<\/em>:<\/p>\n<blockquote><p><strong>normat -ada<\/strong><br \/>\n<em>adj.<\/em> <abbr title=\"Matem\u00e0tiques\"><span class=\"versaleta\">[mt]<\/span><\/abbr> Que t\u00e9 definida una norma.<\/p>\n<div class=\"su-note small\"  style=\"border-color:#90bfa5;border-radius:3px;-moz-border-radius:3px;-webkit-border-radius:3px;\"><div class=\"su-note-inner su-u-clearfix su-u-trim\" style=\"background-color:#aad9bf;border-color:#ffffff;color:#333333;border-radius:3px;-moz-border-radius:3px;-webkit-border-radius:3px;\"><strong>Nota <span class=\"versaleta\"><em>fdt<\/em><\/span>.<\/strong> El <em><span class=\"versaleta\">gdlc<\/span> <\/em>i el <em><span class=\"versaleta\">diec<\/span> <\/em>indiquen que \u00e9s un adjectiu del camp de les matem\u00e0tiques \u00fanicament, mentres que el <em><span class=\"versaleta\">dnv<\/span> <\/em>no restringix cap camp d&#8217;\u00fas. <a href=\"https:\/\/www.avl.gva.es\/lexicval\/?paraula=normat\" target=\"_blank\" rel=\"noopener\"><i class=\"fas fa-external-link-alt\" aria-label=\"DNV\"><\/i><\/a> <\/div><\/div><\/blockquote>\n<p>El verb\u00a0<em>normar<\/em> mos va apar\u00e9ixer en la versi\u00f3 en castell\u00e0 d&#8217;un document que va arribar al <abbr title=\"Diari Oficial de la Generalitat Valenciana\"><em><span class=\"versaleta\">dogv<\/span><\/em><\/abbr> (Maribel, 20.10.1997): \u00abque normaba la base quinta\u00bb. Com que no apareixia en el <abbr title=\"Diccionario de la lengua espa\u00f1ola\"><span class=\"versaleta\"><em>drae<\/em><\/span><\/abbr> ni en el <abbr title=\"Diccionario de uso del espa\u00f1ol\"><span class=\"versaleta\"><em>Moliner<\/em><\/span><\/abbr>, supos\u00e0rem que era una creaci\u00f3 esp\u00faria en compte de <em>regulaba, establec\u00eda, determinaba,<\/em> etc. En la versi\u00f3 en valenci\u00e0 el document dia: \u00abdeterminats per la base&#8230;\u00bb.<\/p>\n<p>Posteriorment, el <span class=\"versaleta\"><em>drae01<\/em><\/span> va incloure el verb amb dos accepcions:<\/p>\n<blockquote><p><b>1.<\/b> tr. Dictar normas.<br \/>\n<b>2.<\/b> Cuba y M\u00e9x. Sujetar a normas.<\/p><\/blockquote>\n<p>Per\u00f2 en edicions seg\u00fcents del <span class=\"versaleta\"><em>drae<\/em><\/span> (consulta: 12.07.2023) es va quedar nom\u00e9s amb una de les accepcions: <a href=\"https:\/\/www.avl.gva.es\/lexicval\/?paraula=normat\" target=\"_blank\" rel=\"noopener\"><i class=\"fas fa-external-link-alt\" aria-label=\"DRAE\"><\/i><\/a><\/p>\n<blockquote><p><span class=\"n_acep\">1. <\/span><abbr class=\"d\" title=\"verbo transitivo\">tr.<\/abbr> <span data-id=\"Yg6WBSz\">Sujetar<\/span> <span data-id=\"002rZ9U|003Ov93\">a<\/span> <span data-id=\"QcFNGvF|Qcbr2iI\">normas<\/span> <span data-id=\"1nUry2t\">algo<\/span>.<\/p><\/blockquote>\n","protected":false},"excerpt":{"rendered":"<p>El gdlc del 1993 inclo\u00efa nom\u00e9s el verb per a les matem\u00e0tiques, per\u00f2 actualment (consulta: 01.03.2009, 06.07.2023) li afig una accepci\u00f3 per al dret: normar v 1 tr mat Establir una norma. 2 intr dr Establir normes jur\u00eddiques. El dnv inclou el verb amb eixes mateixes accepcions, per\u00f2 el diec no inclou encara el verb, [&hellip;]<\/p>\n","protected":false},"author":1,"featured_media":0,"comment_status":"open","ping_status":"open","sticky":false,"template":"","format":"standard","meta":{"footnotes":""},"categories":[115],"tags":[162,17,90,53,62],"class_list":["post-5982","post","type-post","status-publish","format-standard","hentry","category-lletra-n","tag-dret","tag-lexic","tag-matematiques","tag-revisions","tag-verbs"],"post_mailing_queue_ids":[],"_links":{"self":[{"href":"https:\/\/www.cdlpv.org\/fitxes\/wp-json\/wp\/v2\/posts\/5982","targetHints":{"allow":["GET"]}}],"collection":[{"href":"https:\/\/www.cdlpv.org\/fitxes\/wp-json\/wp\/v2\/posts"}],"about":[{"href":"https:\/\/www.cdlpv.org\/fitxes\/wp-json\/wp\/v2\/types\/post"}],"author":[{"embeddable":true,"href":"https:\/\/www.cdlpv.org\/fitxes\/wp-json\/wp\/v2\/users\/1"}],"replies":[{"embeddable":true,"href":"https:\/\/www.cdlpv.org\/fitxes\/wp-json\/wp\/v2\/comments?post=5982"}],"version-history":[{"count":10,"href":"https:\/\/www.cdlpv.org\/fitxes\/wp-json\/wp\/v2\/posts\/5982\/revisions"}],"predecessor-version":[{"id":6055,"href":"https:\/\/www.cdlpv.org\/fitxes\/wp-json\/wp\/v2\/posts\/5982\/revisions\/6055"}],"wp:attachment":[{"href":"https:\/\/www.cdlpv.org\/fitxes\/wp-json\/wp\/v2\/media?parent=5982"}],"wp:term":[{"taxonomy":"category","embeddable":true,"href":"https:\/\/www.cdlpv.org\/fitxes\/wp-json\/wp\/v2\/categories?post=5982"},{"taxonomy":"post_tag","embeddable":true,"href":"https:\/\/www.cdlpv.org\/fitxes\/wp-json\/wp\/v2\/tags?post=5982"}],"curies":[{"name":"wp","href":"https:\/\/api.w.org\/{rel}","templated":true}]}}