{"id":597,"date":"2016-07-14T19:47:29","date_gmt":"2016-07-14T17:47:29","guid":{"rendered":"http:\/\/www.cdlpv.org\/fitxes\/?p=597"},"modified":"2016-07-17T19:46:36","modified_gmt":"2016-07-17T17:46:36","slug":"arguir","status":"publish","type":"post","link":"https:\/\/www.cdlpv.org\/fitxes\/arguir\/","title":{"rendered":"arg\u00fcir"},"content":{"rendered":"<ol>\n<li>En el verb <em>arg\u00fcir<\/em>, \u00bfporten doble di\u00e8resi la primera persona (<em>arg\u00fc\u00efxc<\/em>) i la resta de les formes?:\n<ul>\n<li>Segons el <em>Diccionari valenci\u00e0<\/em> (2.\u00aa ed.) i Ruaix (El catal\u00e0\/1, p\u00e0g. 65), no en duen, perqu\u00e8 \u00e9s una excepci\u00f3 (\u00abarg\u00fcisc\u00bb).<\/li>\n<li>Segons Enric Valor (<em>La flexi\u00f3 verbal<\/em>), el <em>Diccionari valenci\u00e0<\/em> (1.\u00aa ed.) de la Generalitat Valenciana, s\u00ed que en porten (\u00abarg\u00fc\u00efsc\u00bb).<\/li>\n<li>Segons <em>Els verbs valencians. Manual pr\u00e0ctic<\/em> de Josep Lacreu (ed. Bromera) i el Salt 3.0, hi ha di\u00e8resi \u00fanicament sobre la <em>u<\/em>: \u00abarg\u00fcisc\u00bb.<\/li>\n<\/ul>\n<\/li>\n<li>Segon la fitxa d&#8217;assessorament ling\u00fc\u00edstic de la Generalitat de Catalunya (i l&#8217;<a href=\"http:\/\/tinyurl.com\/yc6ovsm\" target=\"_blank\"><span style=\"color: #000080;\">Optimot<\/span><\/a>, consulta: 03.12.2009):<br \/>\n<blockquote><p>La Secci\u00f3 Filol\u00f2gica de l&#8217;Institut d&#8217;Estudis Catalans ha acordat\u00a0<a href=\"http:\/\/www.einesdellengua.com\/Fitxes\/Textos\/Arxius\/arguir.htm\" target=\"_blank\">(veg.)<\/a> que en cas de concurr\u00e8ncia de di\u00e8resis en una mateixa forma verbal, s&#8217;escrigui tan sols la de la <em>i<\/em> (aix\u00ed <em>argu\u00efm<\/em>, com <em>condu\u00efm<\/em> o <em>tradu\u00efm<\/em>). Si la <em>i<\/em> no pot dur di\u00e8resi, per\u00f2, es mant\u00e9 la de la <em>u<\/em> (com en <em>arg\u00fc\u00edrem<\/em> o en <em>arg\u00fcir<\/em>). Per tant, s&#8217;escriuen amb di\u00e8resi a la <em>i<\/em> les formes seg\u00fcents del verb <em>arg\u00fcir<\/em>:<br \/>\n\u00b7 Present d&#8217;indicatiu: argu\u00efm, argu\u00efu<br \/>\n\u00b7 Present de subjuntiu: argu\u00efm, argu\u00efu<br \/>\n\u00b7 Imperatiu: argu\u00efm, argu\u00efu<br \/>\n\u00b7 Pret\u00e8rit imperfet d&#8217;indicatiu: argu\u00efa, argu\u00efes, argu\u00efa, argu\u00efen<br \/>\n\u00b7 Pret\u00e8rit imperfet de subjuntiu: argu\u00efssis, argu\u00efssin<br \/>\n\u00b7 Pret\u00e8rit perfet d&#8217;indicatiu: argu\u00efres, argu\u00efren<br \/>\n\u00b7 Participi: argu\u00eft, argu\u00efda, argu\u00efts, argu\u00efdes.<\/p><\/blockquote>\n<\/li>\n<li>La <a href=\"http:\/\/www.avl.gva.es\/lexicval\/?paraula=arg\u00fcir\" target=\"_blank\"><span style=\"color: #000080;\">conjugaci\u00f3<\/span><\/a>\u00a0del DNV de l&#8217;AVL (consulta: 14.07.2016)\u00a0compartix el mateix criteri. Per tant: <em><span class=\"forma\">argu\u00efsc\/argu\u00efxc\/argu\u00efxo, <\/span><span class=\"forma\">argu\u00efxes\/arg\u00fceixes, <\/span><span class=\"forma\">argu\u00efx\/arg\u00fceix&#8230;<\/span><\/em><\/li>\n<li>(IEC) <a href=\"http:\/\/www.einesdellengua.com\/Fitxes\/Textos\/Arxius\/arguir.htm\" target=\"_blank\"><span style=\"color: #000080;\">Veg.<\/span><\/a> el paradigma d&#8217;<em>arg\u00fcir<\/em>.<\/li>\n<li>(IEC) <a href=\"http:\/\/www.einesdellengua.com\/Fitxes\/Textos\/D\/dieresi.htm\" target=\"_blank\"><span style=\"color: #000080;\">Veg.<\/span><\/a> la normativa sobre la di\u00e8resi.<\/li>\n<\/ol>\n","protected":false},"excerpt":{"rendered":"<p>En el verb arg\u00fcir, \u00bfporten doble di\u00e8resi la primera persona (arg\u00fc\u00efxc) i la resta de les formes?: Segons el Diccionari valenci\u00e0 (2.\u00aa ed.) i Ruaix (El catal\u00e0\/1, p\u00e0g. 65), no en duen, perqu\u00e8 \u00e9s una excepci\u00f3 (\u00abarg\u00fcisc\u00bb). Segons Enric Valor (La flexi\u00f3 verbal), el Diccionari valenci\u00e0 (1.\u00aa ed.) de la Generalitat Valenciana, s\u00ed que en [&hellip;]<\/p>\n","protected":false},"author":1,"featured_media":0,"comment_status":"open","ping_status":"open","sticky":false,"template":"","format":"standard","meta":{"footnotes":""},"categories":[18],"tags":[61,53,62],"class_list":["post-597","post","type-post","status-publish","format-standard","hentry","category-lletra-a","tag-ortografia","tag-revisions","tag-verbs"],"post_mailing_queue_ids":[],"_links":{"self":[{"href":"https:\/\/www.cdlpv.org\/fitxes\/wp-json\/wp\/v2\/posts\/597","targetHints":{"allow":["GET"]}}],"collection":[{"href":"https:\/\/www.cdlpv.org\/fitxes\/wp-json\/wp\/v2\/posts"}],"about":[{"href":"https:\/\/www.cdlpv.org\/fitxes\/wp-json\/wp\/v2\/types\/post"}],"author":[{"embeddable":true,"href":"https:\/\/www.cdlpv.org\/fitxes\/wp-json\/wp\/v2\/users\/1"}],"replies":[{"embeddable":true,"href":"https:\/\/www.cdlpv.org\/fitxes\/wp-json\/wp\/v2\/comments?post=597"}],"version-history":[{"count":2,"href":"https:\/\/www.cdlpv.org\/fitxes\/wp-json\/wp\/v2\/posts\/597\/revisions"}],"predecessor-version":[{"id":599,"href":"https:\/\/www.cdlpv.org\/fitxes\/wp-json\/wp\/v2\/posts\/597\/revisions\/599"}],"wp:attachment":[{"href":"https:\/\/www.cdlpv.org\/fitxes\/wp-json\/wp\/v2\/media?parent=597"}],"wp:term":[{"taxonomy":"category","embeddable":true,"href":"https:\/\/www.cdlpv.org\/fitxes\/wp-json\/wp\/v2\/categories?post=597"},{"taxonomy":"post_tag","embeddable":true,"href":"https:\/\/www.cdlpv.org\/fitxes\/wp-json\/wp\/v2\/tags?post=597"}],"curies":[{"name":"wp","href":"https:\/\/api.w.org\/{rel}","templated":true}]}}