{"id":5871,"date":"2023-06-19T20:30:12","date_gmt":"2023-06-19T18:30:12","guid":{"rendered":"https:\/\/www.cdlpv.org\/fitxes\/?p=5871"},"modified":"2023-06-19T11:41:10","modified_gmt":"2023-06-19T09:41:10","slug":"identitari-taria","status":"publish","type":"post","link":"https:\/\/www.cdlpv.org\/fitxes\/identitari-taria\/","title":{"rendered":"identitari -t\u00e0ria"},"content":{"rendered":"<p>Este adjectiu (derivat d&#8217;<em>identitat<\/em>) no apareixia en els diccionaris habituals (consulta: 13.11.2012). Li podr\u00edem donar la definici\u00f3 &#8216;relatiu o pertanyent a la identitat&#8217;. <span class=\"versaleta\"><em>rull2004<\/em><\/span> comenta:<\/p>\n<blockquote><p>L&#8217;adjectiu <em>identitari<\/em> no pot ser condemnat de cap de les maneres.<\/p><\/blockquote>\n<p>Podem comen\u00e7ar a documentar-ne l&#8217;\u00fas en catal\u00e0 cap als anys huitanta en obres de tem\u00e0tica pol\u00edtica, sociol\u00f2gica i socioling\u00fc\u00edstica. El <span class=\"versaleta\"><em>dnv<\/em><\/span> (consulta: 16.03.2023) l&#8217;ha incl\u00f2s:<\/p>\n<blockquote><p><strong>identitari -\u00e0ria <\/strong><a href=\"https:\/\/www.avl.gva.es\/lexicval\/?paraula=identitari\" target=\"_blank\" rel=\"noopener\"><i class=\"fas fa-external-link-alt\" aria-label=\"DNV\"><\/i><\/a><br \/>\n<em>adj.<\/em> De la identitat o que hi t\u00e9 relaci\u00f3.<\/p><\/blockquote>\n<p>En altre lleng\u00fces rom\u00e0niques (consulta: 13.11.2012):<\/p>\n<blockquote><p><em>es<\/em> identitario (Fund\u00e9u)<br \/>\n<em>fr<\/em> identitaire (<a title=\"Office Qu\u00e9b\u00e9cois de la Langue Fran\u00e7aise\"><span class=\"versaleta\">oqlf<\/span><\/a>)<br \/>\n<em>it<\/em> identitario (Aldo Gabrielli)<br \/>\n<em>pt<\/em> identit\u00e1rio (Priberam)<\/p><\/blockquote>\n","protected":false},"excerpt":{"rendered":"<p>Este adjectiu (derivat d&#8217;identitat) no apareixia en els diccionaris habituals (consulta: 13.11.2012). Li podr\u00edem donar la definici\u00f3 &#8216;relatiu o pertanyent a la identitat&#8217;. rull2004 comenta: L&#8217;adjectiu identitari no pot ser condemnat de cap de les maneres. Podem comen\u00e7ar a documentar-ne l&#8217;\u00fas en catal\u00e0 cap als anys huitanta en obres de tem\u00e0tica pol\u00edtica, sociol\u00f2gica i socioling\u00fc\u00edstica. [&hellip;]<\/p>\n","protected":false},"author":1,"featured_media":0,"comment_status":"open","ping_status":"open","sticky":false,"template":"","format":"standard","meta":{"footnotes":""},"categories":[73],"tags":[49,17,53],"class_list":["post-5871","post","type-post","status-publish","format-standard","hentry","category-lletra-i","tag-adjectius","tag-lexic","tag-revisions"],"post_mailing_queue_ids":[],"_links":{"self":[{"href":"https:\/\/www.cdlpv.org\/fitxes\/wp-json\/wp\/v2\/posts\/5871","targetHints":{"allow":["GET"]}}],"collection":[{"href":"https:\/\/www.cdlpv.org\/fitxes\/wp-json\/wp\/v2\/posts"}],"about":[{"href":"https:\/\/www.cdlpv.org\/fitxes\/wp-json\/wp\/v2\/types\/post"}],"author":[{"embeddable":true,"href":"https:\/\/www.cdlpv.org\/fitxes\/wp-json\/wp\/v2\/users\/1"}],"replies":[{"embeddable":true,"href":"https:\/\/www.cdlpv.org\/fitxes\/wp-json\/wp\/v2\/comments?post=5871"}],"version-history":[{"count":1,"href":"https:\/\/www.cdlpv.org\/fitxes\/wp-json\/wp\/v2\/posts\/5871\/revisions"}],"predecessor-version":[{"id":5872,"href":"https:\/\/www.cdlpv.org\/fitxes\/wp-json\/wp\/v2\/posts\/5871\/revisions\/5872"}],"wp:attachment":[{"href":"https:\/\/www.cdlpv.org\/fitxes\/wp-json\/wp\/v2\/media?parent=5871"}],"wp:term":[{"taxonomy":"category","embeddable":true,"href":"https:\/\/www.cdlpv.org\/fitxes\/wp-json\/wp\/v2\/categories?post=5871"},{"taxonomy":"post_tag","embeddable":true,"href":"https:\/\/www.cdlpv.org\/fitxes\/wp-json\/wp\/v2\/tags?post=5871"}],"curies":[{"name":"wp","href":"https:\/\/api.w.org\/{rel}","templated":true}]}}