{"id":5845,"date":"2024-01-25T20:30:17","date_gmt":"2024-01-25T19:30:17","guid":{"rendered":"https:\/\/www.cdlpv.org\/fitxes\/?p=5845"},"modified":"2024-04-23T07:58:27","modified_gmt":"2024-04-23T06:58:27","slug":"perilla","status":"publish","type":"post","link":"https:\/\/www.cdlpv.org\/fitxes\/perilla\/","title":{"rendered":"perilla"},"content":{"rendered":"<figure id=\"attachment_6521\" aria-describedby=\"caption-attachment-6521\" style=\"width: 246px\" class=\"wp-caption alignleft\"><a target=\"_blank\" href=\"https:\/\/www.museoreinasofia.es\/coleccion\/obra\/guernica\" rel=\"noopener\"><img loading=\"lazy\" decoding=\"async\" class=\"wp-image-6521 size-full\" src=\"https:\/\/www.cdlpv.org\/fitxes\/wp-content\/uploads\/2023\/06\/perilla-picasso-e1706171560882.png\" alt=\"Perilla-Picasso\" width=\"246\" height=\"102\" \/><\/a><figcaption id=\"caption-attachment-6521\" class=\"wp-caption-text\"><span style=\"font-size: 10pt;\">La perilla del <em>Guernica<\/em> de Picasso.\/ Museu Reina Sof\u00eda.<\/span><\/figcaption><\/figure>\n<p>La paraula <em>perilla<\/em> s&#8217;usa habitualment a la Safor per a designar el &#8216;globus de vidre o de material transl\u00facid que transforma en llum el corrent el\u00e8ctric que li arriba a trav\u00e9s del suport on s&#8217;encaixa o s&#8217;enrosca&#8217;. A la Plana Baixa (Z\u00e8fir, 06.11.2002) en diuen <i>bombeta.<\/i> La forma <em>perilla<\/em> no apareix encara en els diccionaris generals, a pesar que continua usant-se quotidianament (fet que comentava fa uns anys l&#8217;autor del bloc <em>Saps qu\u00e8 vull dir-te?<\/em> en l&#8217;apunt \u00abJocs de taula i llengua\u00bb del 03.01.2010). <a href=\"http:\/\/sapsquevulldirte.blogspot.com\/2010_01_03_archive.html\" target=\"_blank\" rel=\"noopener\"><i class=\"fas fa-external-link-alt\" aria-label=\"Jocs de taula i llengua\"><\/i><\/a> Emili Llorca documenta este \u00fas co\u0140loquial en el bloc <em>La Parla d&#8217;Oliva<\/em> (30.05.2011). <a href=\"http:\/\/parladoliva.blogspot.com\/2011\/05\/perilla.html\" target=\"_blank\" rel=\"noopener\"><i class=\"fas fa-external-link-alt\"><\/i><\/a><\/p>\n<p>En el llibre <em>La llengua als mitjans de comunicaci\u00f3\u00a0<\/em>(1990), Emili Casanova recomanava la incorporaci\u00f3 d&#8217;esta paraula en els mitjans valencians. Tamb\u00e9 recomanava estendre-la a \u00abaltres terres de parla catalana\u00bb. <a href=\"https:\/\/books.google.es\/books?id=01AS3rrRLFoC&amp;pg=PA135&amp;dq=perilla+bombeta&amp;hl=ca&amp;newbks=1&amp;newbks_redir=0&amp;sa=X&amp;ved=2ahUKEwj3hYGPncD_AhVrXqQEHaKkDd8Q6AF6BAgKEAI#v=onepage&amp;q=perilla%20bombeta&amp;f=false\" target=\"_blank\" rel=\"noopener\"><i class=\"fas fa-external-link-alt\" aria-label=\"Llibre\"><\/i><\/a> En certa manera, aix\u00f2 s&#8217;ha produ\u00eft, ja que podem trobar que l&#8217;\u00c9sadir (consulta: 24.01.204) ha acceptat l&#8217;\u00fas d&#8217;esta paraula en una altra de les accepcions m\u00e9s comunes: <a href=\"https:\/\/esadir.cat\/entrades\/fitxa\/node\/perilla\" target=\"_blank\" rel=\"noopener\"><i class=\"fas fa-external-link-alt\"><\/i><\/a><\/p>\n<blockquote><p>Recollit, entre altres obres, al DCVB i al DDLC.<br \/>\nMota de p\u00e8l enmig del ment\u00f3.<br \/>\nDerivat de <strong>pera<\/strong> (recollit al diccionari normatiu amb aquest significat).<\/p>\n<p><strong>Tocar-se la perilla<\/strong><br \/>\n<strong>Afaitar-se la perilla<\/strong><\/p>\n<p>Sin\u00f2nims: <strong>masclet, barbeta<\/strong> (en alguns contextos).<\/p><\/blockquote>\n<p>Trobem m\u00e9s documentaci\u00f3 en el <span class=\"versaleta\">ctilc<\/span>, <a href=\"https:\/\/ctilc.iec.cat\/scripts\/CTILCQConc_Lemes2.asp?cadlema=perilla&amp;cadlemacond=0&amp;seccio=CTILC1\" target=\"_blank\" rel=\"noopener\"><i class=\"fas fa-external-link-alt\"><\/i><\/a> o en el <span class=\"versaleta\">cival,<\/span> <a href=\"http:\/\/cival.avl.gva.es\/cival\/buscador.jsp?paraula=perilles\" target=\"_blank\" rel=\"noopener\"><i class=\"fas fa-external-link-alt\"><\/i><\/a> on la podem trobar en un vers de Vicent Andr\u00e9s Estell\u00e9s <em>(Llibre de meravelles)<\/em> \u2014per si cal afegir-li pedigr\u00ed literari\u2014: <a href=\"https:\/\/books.google.es\/books?id=VGJ5BJZS16oC&amp;pg=PA41&amp;dq=%22rebentar+les+perilles%22&amp;hl=ca&amp;newbks=1&amp;newbks_redir=0&amp;sa=X&amp;ved=2ahUKEwjn4-6akfiDAxXp_7sIHd7KCPoQ6AF6BAgGEAI#v=onepage&amp;q=%22rebentar%20les%20perilles%22&amp;f=false\" target=\"_blank\" rel=\"noopener\"><i class=\"fas fa-external-link-alt\"><\/i><\/a><\/p>\n<blockquote>[&#8230;] aquell amor capa\u00e7 de fondre tots els ploms,<br \/>\nrebentar les <strong>perilles<\/strong>, deixar el m\u00f3n a fosques.<\/p><\/blockquote>\n<p>Conv\u00e9 considerar, per tant, que l&#8217;entrada del <span class=\"versaleta\"><em>ddlc<\/em><\/span> pot servir de model a la introducci\u00f3 de la paraula amb eixes dos primeres accepcions generals: <a href=\"https:\/\/dcc.iec.cat\/ddlci\/scripts\/article.asp?id=@P33879\" target=\"_blank\" rel=\"noopener\"><i class=\"fas fa-external-link-alt\"><\/i><\/a><\/p>\n<blockquote><p><strong>perilla<\/strong> <em>f.<\/em> (perilles)<\/p>\n<p>1. [Ncompt] Pera<sup>4<\/sup>. <em>El general Tristany era un home greu i seri\u00f3s, amb un gran bigoti caigut i una llarga perilla bufada<\/em> [&#8230;]. [Pla (1951): N, p. 37]<sup>i<\/sup>.<br \/>\n2. [Ncompt] Bombeta<sup>1<\/sup>. <em>S\u00f3n m\u00e9s nombrosos els treballadors que fabriquen perilles o ampolles el\u00e8ctriques [&#8230;], que no els que ocupava la fabricaci\u00f3 de ciris i espelmes.<\/em> [Granell (1973): 33, p. 22]<sup>i<\/sup>.<br \/>\n<span class=\"versaleta\">Locucions<\/span><br \/>\n<strong>de perilla<\/strong> <em>loc. adv.<\/em> 1. [V1 LOC] (V1[venir, eixir-se&#8217;n]) De primera1 (loc.). <em>\u00bfNo veus que li haur\u00e0 vingut de perilla poguernos acompanyar?<\/em> [Roure (1897): T, p. 21]<sup>i<\/sup>. Var.: \u2022<strong>de perilles<\/strong>.<br \/>\nCompl.: Anella de ferro de la part superior del bast, per on passa la garrotera en lligar la c\u00e0rrega [DCVB]; Borla ornamental [DCVB]; Pe\u00e7a de l&#8217;extrem de l&#8217;arbre d&#8217;una embarcaci\u00f3 [DCVB, DLCL].<\/p><\/blockquote>\n","protected":false},"excerpt":{"rendered":"<p>La paraula perilla s&#8217;usa habitualment a la Safor per a designar el &#8216;globus de vidre o de material transl\u00facid que transforma en llum el corrent el\u00e8ctric que li arriba a trav\u00e9s del suport on s&#8217;encaixa o s&#8217;enrosca&#8217;. A la Plana Baixa (Z\u00e8fir, 06.11.2002) en diuen bombeta. La forma perilla no apareix encara en els diccionaris [&hellip;]<\/p>\n","protected":false},"author":1,"featured_media":0,"comment_status":"open","ping_status":"open","sticky":false,"template":"","format":"standard","meta":{"footnotes":""},"categories":[50],"tags":[17,53,91],"class_list":["post-5845","post","type-post","status-publish","format-standard","hentry","category-lletra-p","tag-lexic","tag-revisions","tag-substantius"],"post_mailing_queue_ids":[],"_links":{"self":[{"href":"https:\/\/www.cdlpv.org\/fitxes\/wp-json\/wp\/v2\/posts\/5845","targetHints":{"allow":["GET"]}}],"collection":[{"href":"https:\/\/www.cdlpv.org\/fitxes\/wp-json\/wp\/v2\/posts"}],"about":[{"href":"https:\/\/www.cdlpv.org\/fitxes\/wp-json\/wp\/v2\/types\/post"}],"author":[{"embeddable":true,"href":"https:\/\/www.cdlpv.org\/fitxes\/wp-json\/wp\/v2\/users\/1"}],"replies":[{"embeddable":true,"href":"https:\/\/www.cdlpv.org\/fitxes\/wp-json\/wp\/v2\/comments?post=5845"}],"version-history":[{"count":26,"href":"https:\/\/www.cdlpv.org\/fitxes\/wp-json\/wp\/v2\/posts\/5845\/revisions"}],"predecessor-version":[{"id":6791,"href":"https:\/\/www.cdlpv.org\/fitxes\/wp-json\/wp\/v2\/posts\/5845\/revisions\/6791"}],"wp:attachment":[{"href":"https:\/\/www.cdlpv.org\/fitxes\/wp-json\/wp\/v2\/media?parent=5845"}],"wp:term":[{"taxonomy":"category","embeddable":true,"href":"https:\/\/www.cdlpv.org\/fitxes\/wp-json\/wp\/v2\/categories?post=5845"},{"taxonomy":"post_tag","embeddable":true,"href":"https:\/\/www.cdlpv.org\/fitxes\/wp-json\/wp\/v2\/tags?post=5845"}],"curies":[{"name":"wp","href":"https:\/\/api.w.org\/{rel}","templated":true}]}}