{"id":574,"date":"2016-06-30T18:44:24","date_gmt":"2016-06-30T16:44:24","guid":{"rendered":"http:\/\/www.cdlpv.org\/fitxes\/?p=574"},"modified":"2016-06-30T18:51:18","modified_gmt":"2016-06-30T16:51:18","slug":"minutatge","status":"publish","type":"post","link":"https:\/\/www.cdlpv.org\/fitxes\/minutatge\/","title":{"rendered":"minutatge"},"content":{"rendered":"<p>Tot i que \u00e9s un terme ben com\u00fa actualment, m\u00e9s encara en per\u00edodes electorals, on es controlen els temps de debat o d&#8217;emissi\u00f3 d&#8217;espais publicitaris \u2014\u00e9s a dir, el minutatge\u2014, no hem trobat este substantiu en els diccionaris habituals. Feta la consulta, el servei de consultes del Termcat ha enviat\u00a0la consideraci\u00f3 seg\u00fcent (20.06.2016):<\/p>\n<blockquote><p>Considerem adequat el terme <em>minutatge <\/em>en l&#8217;\u00e0mbit dels audiovisuals, especialment en r\u00e0dio i televisi\u00f3, per a designar la determinaci\u00f3 dels minuts que ha de durar un programa, una actuaci\u00f3, una emissi\u00f3, etc.<\/p><\/blockquote>\n<p>Per tant, en este camp dels mitjans audiovisuals, <em>minutar<\/em>\u00a0\u00e9s (segons el <a href=\"http:\/\/www.avl.gva.es\/lexicval\/?paraula=minutar\">DNV<\/a>):<\/p>\n<blockquote><p><strong>1. <\/strong>v. tr. Fer el c\u00f2mput dels minuts i segons que dura (alguna cosa).<\/p>\n<p><strong>2. <\/strong>v. tr. Distribuir el temps corresponent a una activitat determinada, com ara programes de televisi\u00f3 o actes p\u00fablics.<\/p><\/blockquote>\n<p>I el <em>minutatge<\/em> seria l&#8217;acci\u00f3 o l&#8217;efecte de minutar.<\/p>\n","protected":false},"excerpt":{"rendered":"<p>Tot i que \u00e9s un terme ben com\u00fa actualment, m\u00e9s encara en per\u00edodes electorals, on es controlen els temps de debat o d&#8217;emissi\u00f3 d&#8217;espais publicitaris \u2014\u00e9s a dir, el minutatge\u2014, no hem trobat este substantiu en els diccionaris habituals. Feta la consulta, el servei de consultes del Termcat ha enviat\u00a0la consideraci\u00f3 seg\u00fcent (20.06.2016): Considerem adequat [&hellip;]<\/p>\n","protected":false},"author":1,"featured_media":0,"comment_status":"open","ping_status":"open","sticky":false,"template":"","format":"standard","meta":{"footnotes":""},"categories":[11],"tags":[60,17],"class_list":["post-574","post","type-post","status-publish","format-standard","hentry","category-lletra-m","tag-audiovisuals","tag-lexic"],"post_mailing_queue_ids":[],"_links":{"self":[{"href":"https:\/\/www.cdlpv.org\/fitxes\/wp-json\/wp\/v2\/posts\/574","targetHints":{"allow":["GET"]}}],"collection":[{"href":"https:\/\/www.cdlpv.org\/fitxes\/wp-json\/wp\/v2\/posts"}],"about":[{"href":"https:\/\/www.cdlpv.org\/fitxes\/wp-json\/wp\/v2\/types\/post"}],"author":[{"embeddable":true,"href":"https:\/\/www.cdlpv.org\/fitxes\/wp-json\/wp\/v2\/users\/1"}],"replies":[{"embeddable":true,"href":"https:\/\/www.cdlpv.org\/fitxes\/wp-json\/wp\/v2\/comments?post=574"}],"version-history":[{"count":4,"href":"https:\/\/www.cdlpv.org\/fitxes\/wp-json\/wp\/v2\/posts\/574\/revisions"}],"predecessor-version":[{"id":578,"href":"https:\/\/www.cdlpv.org\/fitxes\/wp-json\/wp\/v2\/posts\/574\/revisions\/578"}],"wp:attachment":[{"href":"https:\/\/www.cdlpv.org\/fitxes\/wp-json\/wp\/v2\/media?parent=574"}],"wp:term":[{"taxonomy":"category","embeddable":true,"href":"https:\/\/www.cdlpv.org\/fitxes\/wp-json\/wp\/v2\/categories?post=574"},{"taxonomy":"post_tag","embeddable":true,"href":"https:\/\/www.cdlpv.org\/fitxes\/wp-json\/wp\/v2\/tags?post=574"}],"curies":[{"name":"wp","href":"https:\/\/api.w.org\/{rel}","templated":true}]}}