{"id":5695,"date":"2023-05-04T20:30:12","date_gmt":"2023-05-04T19:30:12","guid":{"rendered":"https:\/\/www.cdlpv.org\/fitxes\/?p=5695"},"modified":"2023-06-14T09:25:41","modified_gmt":"2023-06-14T07:25:41","slug":"truna","status":"publish","type":"post","link":"https:\/\/www.cdlpv.org\/fitxes\/truna\/","title":{"rendered":"truna"},"content":{"rendered":"<p>Segons mos i\u0140lustrava el company Aureli Querol (C\u00e0lig) a finals dels anys noranta del segle <span class=\"versaleta\">xx<\/span>, la truna \u00e9s un lloc per a guardar o emmagatzemar les garrofes a casa. El <span class=\"versaleta\"><em>dcvb<\/em> <\/span>tamb\u00e9 li donava eixa accepci\u00f3:\u00a0 <a href=\"https:\/\/dcvb.iec.cat\/results.asp?Word=truna&amp;Id=143167&amp;search=truna\" target=\"_blank\" rel=\"noopener\"><i class=\"fas fa-external-link-alt\" aria-label=\"Enlla\u00e7 al diccionari\"><\/i><\/a><\/p>\n<blockquote><p><strong>2.<\/strong> Sostre de posts, en una pallissa, per a sostenir palla, herba, garrofes, etc. (Baix Maestrat).<br \/>\n<span class=\"versaleta\">etim.:<\/span> del llat\u00ed <b>trib\u0169na.<\/b><\/p><\/blockquote>\n<p>Quant a l&#8217;\u00fas, podem documentar una dita de C\u00e0lig (Centre de Cultura Pere Balaguer, 2004): \u00abD&#8217;una en una s&#8217;ompli la truna.\u00bb <a href=\"https:\/\/www.oocities.org\/vpomada\/dites.htm\" target=\"_blank\" rel=\"noopener\"><i class=\"fas fa-external-link-alt\" aria-label=\"Dites populars de C\u00e0lig\"><\/i><\/a><\/p>\n<p>En aquell moment, el <span class=\"versaleta\"><em>dval<\/em><\/span> no contenia eixa paraula, per\u00f2 ara (04.05.2023) s\u00ed que apareix en el <span class=\"versaleta\"><em>dnv<\/em><\/span> (el <span class=\"versaleta\"><em>diec<\/em><\/span> encara no l&#8217;ha incorporada): <a href=\"https:\/\/www.avl.gva.es\/lexicval\/?paraula=truna\" target=\"_blank\" rel=\"noopener\"><i class=\"fas fa-external-link-alt\" aria-label=\"Enlla\u00e7 al diccionari\"><\/i><\/a><\/p>\n<blockquote><p><strong>truna<\/strong><br \/>\n<em>f. AGR.<\/em> Sostre de posts, en una pallissa, per a tindre palla, herba o garrofes.<\/p><\/blockquote>\n<p>Pel que sembla, l&#8217;\u00fas de <em>truna<\/em> (o <em>trona<\/em>) apareix tamb\u00e9 en el capcin\u00e8s <a href=\"https:\/\/ca.wikipedia.org\/wiki\/Llista_de_vocabulari_capcin%C3%A8s#cite_note-6\" target=\"_blank\" rel=\"noopener\"><i class=\"fas fa-external-link-alt\" aria-label=\"Enlla\u00e7 a la Viquip\u00e8dia\"><\/i><\/a>. L&#8217;<em><span class=\"versaleta\">aldc<\/span><\/em> confirma eixa dada (documentada a Formiguera), <a href=\"https:\/\/ca.wikipedia.org\/wiki\/Formiguera\" target=\"_blank\" rel=\"noopener\"><i class=\"fas fa-external-link-alt\" aria-label=\"Enlla\u00e7 a la Viquip\u00e8dia\"><\/i><\/a> per\u00f2 indica que \u00e9s un pr\u00e9stec de l&#8217;occit\u00e0. <a href=\"https:\/\/aldc.espais.iec.cat\/files\/2013\/10\/172-Les-golfes.pdf\" target=\"_blank\" rel=\"noopener\"><i class=\"fas fa-file-pdf\" aria-label=\"Enlla\u00e7 a l\\'atles\"><\/i><\/a><\/p>\n<p>M\u00e9s enll\u00e0 de les refer\u00e8ncies que en donen els diccionaris i les obres de dialectologia, no he documentat cap \u00fas d&#8217;esta paraula en la xarxa.<\/p>\n","protected":false},"excerpt":{"rendered":"<p>Segons mos i\u0140lustrava el company Aureli Querol (C\u00e0lig) a finals dels anys noranta del segle xx, la truna \u00e9s un lloc per a guardar o emmagatzemar les garrofes a casa. El dcvb tamb\u00e9 li donava eixa accepci\u00f3:\u00a0 2. Sostre de posts, en una pallissa, per a sostenir palla, herba, garrofes, etc. (Baix Maestrat). etim.: del [&hellip;]<\/p>\n","protected":false},"author":1,"featured_media":0,"comment_status":"open","ping_status":"open","sticky":false,"template":"","format":"standard","meta":{"footnotes":""},"categories":[39],"tags":[140,17,53,91],"class_list":["post-5695","post","type-post","status-publish","format-standard","hentry","category-lletra-t","tag-dialectes","tag-lexic","tag-revisions","tag-substantius"],"post_mailing_queue_ids":[],"_links":{"self":[{"href":"https:\/\/www.cdlpv.org\/fitxes\/wp-json\/wp\/v2\/posts\/5695","targetHints":{"allow":["GET"]}}],"collection":[{"href":"https:\/\/www.cdlpv.org\/fitxes\/wp-json\/wp\/v2\/posts"}],"about":[{"href":"https:\/\/www.cdlpv.org\/fitxes\/wp-json\/wp\/v2\/types\/post"}],"author":[{"embeddable":true,"href":"https:\/\/www.cdlpv.org\/fitxes\/wp-json\/wp\/v2\/users\/1"}],"replies":[{"embeddable":true,"href":"https:\/\/www.cdlpv.org\/fitxes\/wp-json\/wp\/v2\/comments?post=5695"}],"version-history":[{"count":5,"href":"https:\/\/www.cdlpv.org\/fitxes\/wp-json\/wp\/v2\/posts\/5695\/revisions"}],"predecessor-version":[{"id":5855,"href":"https:\/\/www.cdlpv.org\/fitxes\/wp-json\/wp\/v2\/posts\/5695\/revisions\/5855"}],"wp:attachment":[{"href":"https:\/\/www.cdlpv.org\/fitxes\/wp-json\/wp\/v2\/media?parent=5695"}],"wp:term":[{"taxonomy":"category","embeddable":true,"href":"https:\/\/www.cdlpv.org\/fitxes\/wp-json\/wp\/v2\/categories?post=5695"},{"taxonomy":"post_tag","embeddable":true,"href":"https:\/\/www.cdlpv.org\/fitxes\/wp-json\/wp\/v2\/tags?post=5695"}],"curies":[{"name":"wp","href":"https:\/\/api.w.org\/{rel}","templated":true}]}}