{"id":5682,"date":"2023-05-04T20:30:36","date_gmt":"2023-05-04T19:30:36","guid":{"rendered":"https:\/\/www.cdlpv.org\/fitxes\/?p=5682"},"modified":"2023-05-04T09:14:15","modified_gmt":"2023-05-04T08:14:15","slug":"oir-not","status":"publish","type":"post","link":"https:\/\/www.cdlpv.org\/fitxes\/oir-not\/","title":{"rendered":"OIR NOT."},"content":{"rendered":"<p>Esta abreviaci\u00f3 era utilitzada a la Sala Contenciosa Administrativa, Secci\u00f3 Segona, del Tribunal Superior de Just\u00edcia de la Comunitat Valenciana (abans del 1998):<\/p>\n<blockquote><p>\u00abQue Luc\u00eda Herv\u00e1s Asins (OIR NOT.: Mar\u00eda Jos\u00e9 Masip Suey) ha interposat&#8230;\u00bb.<\/p><\/blockquote>\n<p>Per tel\u00e8fon diuen que \u00e9s una refer\u00e8ncia interna del tribunal que haurien d\u2019haver llevat del document que ha arribat per a publicar al diari oficial. Llevem tant l\u2019abreviaci\u00f3 com tot el contingut entre par\u00e8ntesis. Altres voltes l\u2019abreviaci\u00f3 \u00e9s <em> N.<\/em><\/p>\n","protected":false},"excerpt":{"rendered":"<p>Esta abreviaci\u00f3 era utilitzada a la Sala Contenciosa Administrativa, Secci\u00f3 Segona, del Tribunal Superior de Just\u00edcia de la Comunitat Valenciana (abans del 1998): \u00abQue Luc\u00eda Herv\u00e1s Asins (OIR NOT.: Mar\u00eda Jos\u00e9 Masip Suey) ha interposat&#8230;\u00bb. Per tel\u00e8fon diuen que \u00e9s una refer\u00e8ncia interna del tribunal que haurien d\u2019haver llevat del document que ha arribat per [&hellip;]<\/p>\n","protected":false},"author":1,"featured_media":0,"comment_status":"open","ping_status":"open","sticky":false,"template":"","format":"standard","meta":{"footnotes":""},"categories":[5],"tags":[136,20,53],"class_list":["post-5682","post","type-post","status-publish","format-standard","hentry","category-lletra-o","tag-abreviacions","tag-juridicoadministratiu","tag-revisions"],"post_mailing_queue_ids":[],"_links":{"self":[{"href":"https:\/\/www.cdlpv.org\/fitxes\/wp-json\/wp\/v2\/posts\/5682","targetHints":{"allow":["GET"]}}],"collection":[{"href":"https:\/\/www.cdlpv.org\/fitxes\/wp-json\/wp\/v2\/posts"}],"about":[{"href":"https:\/\/www.cdlpv.org\/fitxes\/wp-json\/wp\/v2\/types\/post"}],"author":[{"embeddable":true,"href":"https:\/\/www.cdlpv.org\/fitxes\/wp-json\/wp\/v2\/users\/1"}],"replies":[{"embeddable":true,"href":"https:\/\/www.cdlpv.org\/fitxes\/wp-json\/wp\/v2\/comments?post=5682"}],"version-history":[{"count":1,"href":"https:\/\/www.cdlpv.org\/fitxes\/wp-json\/wp\/v2\/posts\/5682\/revisions"}],"predecessor-version":[{"id":5684,"href":"https:\/\/www.cdlpv.org\/fitxes\/wp-json\/wp\/v2\/posts\/5682\/revisions\/5684"}],"wp:attachment":[{"href":"https:\/\/www.cdlpv.org\/fitxes\/wp-json\/wp\/v2\/media?parent=5682"}],"wp:term":[{"taxonomy":"category","embeddable":true,"href":"https:\/\/www.cdlpv.org\/fitxes\/wp-json\/wp\/v2\/categories?post=5682"},{"taxonomy":"post_tag","embeddable":true,"href":"https:\/\/www.cdlpv.org\/fitxes\/wp-json\/wp\/v2\/tags?post=5682"}],"curies":[{"name":"wp","href":"https:\/\/api.w.org\/{rel}","templated":true}]}}