{"id":5632,"date":"2023-04-18T20:30:14","date_gmt":"2023-04-18T19:30:14","guid":{"rendered":"https:\/\/www.cdlpv.org\/fitxes\/?p=5632"},"modified":"2023-04-17T20:57:38","modified_gmt":"2023-04-17T19:57:38","slug":"protagonic-ca","status":"publish","type":"post","link":"https:\/\/www.cdlpv.org\/fitxes\/protagonic-ca\/","title":{"rendered":"protag\u00f2nic -ca"},"content":{"rendered":"<p>L&#8217;Observatori de Neologia de la Universitat Pompeu Fabra (ara en l&#8217;<span class=\"versaleta\">iec<\/span>; consulta: <a href=\"https:\/\/taller.iec.cat\/neologismes\/categoria.asp?categoria=adj&amp;offset=5940\" target=\"_blank\" rel=\"noopener\">13.04.2023<\/a>) documenta l&#8217;\u00fas d&#8217;este adjectiu que encara no apareix en els diccionaris generals:<\/p>\n<blockquote><p><strong>protag\u00f2nic -a<\/strong> <em>adj.<\/em><\/p>\n<p>El sistema pol\u00edtic libi es basa en un r\u00e8gim conegut com (Yamahiriyya, Estat de les masses) que pret\u00e9n ser un sistema de Govern directe on el poble exerceix el poder mitjan\u00e7ant la participaci\u00f3 directa i <em>protag\u00f2nica<\/em>\u00a0en les preses de decisions a trav\u00e9s de&#8230;<br \/>\n<em>El Peri\u00f3dico<\/em> (catal\u00e0) &#8211; 23\/2\/2011<\/p><\/blockquote>\n<p>L&#8217;adjectiu deu vindre del castell\u00e0\u00a0<em>protag\u00f3nico -ca<\/em> que s\u00ed que apareix en el <span class=\"versaleta\"><em>drae<\/em><\/span> (consulta: <a href=\"https:\/\/dle.rae.es\/protag%C3%B3nico\" target=\"_blank\" rel=\"noopener\">17.03.2023<\/a>). L&#8217;adjectiu tamb\u00e9 ha arribat al franc\u00e9s, on no l&#8217;han incl\u00f2s encara en els diccionaris generals, tot i que hi ha qui explica la creaci\u00f3 i l&#8217;\u00fas del neologisme (<em>L&#8217;interpellation pl\u00e9b\u00e9ienne en Am\u00e9rique latine<\/em>, 2012). <a href=\"https:\/\/www.google.es\/books\/edition\/L_interpellation_pl%C3%A9b%C3%A9ienne_en_Am%C3%A9riq\/RgTrh6uvBwAC?hl=ca&amp;gbpv=1&amp;dq=fran%C3%A7ais+protagonique+adjectif&amp;pg=PA95&amp;printsec=frontcover\" target=\"_blank\" rel=\"noopener\"><i class=\"fas fa-external-link-alt\" aria-label=\"Enlla\u00e7 al llibre\"><\/i><\/a><\/p>\n","protected":false},"excerpt":{"rendered":"<p>L&#8217;Observatori de Neologia de la Universitat Pompeu Fabra (ara en l&#8217;iec; consulta: 13.04.2023) documenta l&#8217;\u00fas d&#8217;este adjectiu que encara no apareix en els diccionaris generals: protag\u00f2nic -a adj. El sistema pol\u00edtic libi es basa en un r\u00e8gim conegut com (Yamahiriyya, Estat de les masses) que pret\u00e9n ser un sistema de Govern directe on el poble [&hellip;]<\/p>\n","protected":false},"author":1,"featured_media":0,"comment_status":"open","ping_status":"open","sticky":false,"template":"","format":"standard","meta":{"footnotes":""},"categories":[50],"tags":[49,17,13],"class_list":["post-5632","post","type-post","status-publish","format-standard","hentry","category-lletra-p","tag-adjectius","tag-lexic","tag-neologia"],"post_mailing_queue_ids":[],"_links":{"self":[{"href":"https:\/\/www.cdlpv.org\/fitxes\/wp-json\/wp\/v2\/posts\/5632","targetHints":{"allow":["GET"]}}],"collection":[{"href":"https:\/\/www.cdlpv.org\/fitxes\/wp-json\/wp\/v2\/posts"}],"about":[{"href":"https:\/\/www.cdlpv.org\/fitxes\/wp-json\/wp\/v2\/types\/post"}],"author":[{"embeddable":true,"href":"https:\/\/www.cdlpv.org\/fitxes\/wp-json\/wp\/v2\/users\/1"}],"replies":[{"embeddable":true,"href":"https:\/\/www.cdlpv.org\/fitxes\/wp-json\/wp\/v2\/comments?post=5632"}],"version-history":[{"count":3,"href":"https:\/\/www.cdlpv.org\/fitxes\/wp-json\/wp\/v2\/posts\/5632\/revisions"}],"predecessor-version":[{"id":5637,"href":"https:\/\/www.cdlpv.org\/fitxes\/wp-json\/wp\/v2\/posts\/5632\/revisions\/5637"}],"wp:attachment":[{"href":"https:\/\/www.cdlpv.org\/fitxes\/wp-json\/wp\/v2\/media?parent=5632"}],"wp:term":[{"taxonomy":"category","embeddable":true,"href":"https:\/\/www.cdlpv.org\/fitxes\/wp-json\/wp\/v2\/categories?post=5632"},{"taxonomy":"post_tag","embeddable":true,"href":"https:\/\/www.cdlpv.org\/fitxes\/wp-json\/wp\/v2\/tags?post=5632"}],"curies":[{"name":"wp","href":"https:\/\/api.w.org\/{rel}","templated":true}]}}