{"id":5564,"date":"2023-03-29T20:30:42","date_gmt":"2023-03-29T19:30:42","guid":{"rendered":"https:\/\/www.cdlpv.org\/fitxes\/?p=5564"},"modified":"2023-05-07T12:21:47","modified_gmt":"2023-05-07T11:21:47","slug":"eixumorar","status":"publish","type":"post","link":"https:\/\/www.cdlpv.org\/fitxes\/eixumorar\/","title":{"rendered":"eixumorar"},"content":{"rendered":"<p>Este verb apareix en els diccionaris amb la forma <em>eixamorar<\/em>, <a href=\"https:\/\/www.avl.gva.es\/lexicval\/?paraula=eixamorar\" target=\"_blank\" rel=\"noopener\"><i class=\"fas fa-external-link-alt\" aria-label=\"Enlla\u00e7 al DNV\"><\/i><\/a> per\u00f2 el cas \u00e9s que la forma <em>eixumorar <\/em>\u00e9s una variant existent a Catalunya (com ara a Font-rub\u00ed), <a href=\"https:\/\/www.montonec.cat\/documents\/conversa-vocabulari-penedesenc-i-font-rubinenc-pdf\" target=\"_blank\" rel=\"noopener\"><i class=\"fas fa-file-pdf\" aria-label=\"Enlla\u00e7 als premis Mont\u00f2nec 2019\"><\/i><\/a>\u00a0a les Illes Balears i al Pa\u00eds Valenci\u00e0. La companya Rosanna Pasqual Vall\u00e9s (l&#8217;Alc\u00fadia, 1966), es va sorprendre (27.03.2023) al no trobar-la en el diccionari, tot i que s\u00ed que apareix en el <abbr title=\"Diccionari catal\u00e0-valenci\u00e0-balear\"><span class=\"versaleta\"><em>dcvb<\/em><\/span><\/abbr> <a href=\"https:\/\/dcvb.iec.cat\/results.asp?Word=eixumorar&amp;Id=52558&amp;search=eixumorar\" target=\"_blank\" rel=\"noopener\"><i class=\"fas fa-external-link-alt\" aria-label=\"Enlla\u00e7 al DCVB\"><\/i><\/a> i el <abbr title=\"Tresor ling\u00fc\u00edstic del valenci\u00e0 meridional\"><em><span class=\"versaleta\">tresor2011<\/span><\/em><\/abbr> <a href=\"https:\/\/www.cervantesvirtual.com\/descargaPdf\/tresor-del-valencia-meridional-diccionari-tematic-i-fraseologic-969664\/\" target=\"_blank\" rel=\"noopener\"><i class=\"fas fa-file-pdf\" aria-label=\"Enlla\u00e7 al Tresor2011 en PDF\"><\/i><\/a> i \u00e9s la forma m\u00e9s acostada a l&#8217;origen llat\u00ed, tal com indica el <abbr title=\"Diccionari etimol\u00f2gic i complementari de la llengua catalana\"><em><span class=\"versaleta\">dcorom<\/span><\/em><\/abbr>:<\/p>\n<blockquote><p>EIXAMORAR, primitivament <em>eixumorar<\/em>, del ll. <span class=\"versaleta\">exh\u016bm\u014drare <\/span>&#8216;treure humitats, treure humors&#8217;, que va passar al catal\u00e0 amb el mat\u00eds de &#8216;rebaixar la humitat, eixugar considerablement&#8217;, sovint &#8216;no del tot&#8217;.<\/p><\/blockquote>\n<div class=\"su-note small\"  style=\"border-color:#90bfa5;border-radius:3px;-moz-border-radius:3px;-webkit-border-radius:3px;\"><div class=\"su-note-inner su-u-clearfix su-u-trim\" style=\"background-color:#aad9bf;border-color:#ffffff;color:#333333;border-radius:3px;-moz-border-radius:3px;-webkit-border-radius:3px;\"> <strong>Nota <em><span class=\"versaleta\">fdt<\/span><\/em>.<\/strong> Dos informants (Elisa, 87 anys, i Jos\u00e9, 91 anys; 01.03.2023) van confirmar l&#8217;\u00fas de la variant \u00abaixumorar\u00bb a Sollana (amb aparici\u00f3 ocasional d&#8217;\u00abaixamorar\u00bb). Un mes m\u00e9s tard (05.05.2023), informants de Carcaixent al voltant de la setantena (de la meua fam\u00edlia) utilitzen \u00abeixamorar\u00bb. Sobre alguns usos d&#8217;este verb, podeu consultar el bloc <em>Mot a Mot<\/em> (15.07.209) <a href=\"https:\/\/mingoforever.wordpress.com\/tag\/eixumorar\/\" target=\"_blank\" rel=\"noopener\"><i class=\"fas fa-external-link-alt\" aria-label=\"Enlla\u00e7 a Mot a Mot\"><\/i><\/a>, o la p\u00e0gina de Facebook de l&#8217;<span class=\"versaleta\">avl<\/span> (11.09.2019) <a href=\"https:\/\/www.facebook.com\/academiavalencianadelallengua\/posts\/2070953586344155\/\" target=\"_blank\" rel=\"noopener\"><i class=\"fas fa-external-link-alt\" aria-label=\"Enlla\u00e7a a Facebook\"><\/i><\/a> <\/div><\/div>\n<p>Fa uns anys la documentaven a Oliva, tal com podem llegir en <em>La Parla d&#8217;Oliva<\/em>: <a href=\"https:\/\/parladoliva.blogspot.com\/2011\/11\/eixumorar.html\" target=\"_blank\" rel=\"noopener\"><i class=\"fas fa-external-link-alt\" aria-label=\"Enlla\u00e7 al bloc\"><\/i><\/a><\/p>\n<blockquote>\n<div>[<span class=\"Apple-style-span\">a\u0283umo\u027e\u00e1\u027e] o [a\u0283amo\u027e\u00e1\u027e] [&#8230;]<\/span><\/div>\n<div><span class=\"Apple-style-span\">[Di\u00e0leg dels informants]<\/span><\/div>\n<div><span class=\"Apple-style-span\">\u2013La roba encara no est\u00e0 seca, est\u00e0 <i>eixumor\u00e0(da)<\/i> Vol dir que hem posat roba estesa per a qu\u00e8 s&#8217;eixugue per\u00f2 continua tenint humitat, encara que li manca un poc per estar eixuta.\u00a0<\/span><\/div>\n<div><span class=\"Apple-style-span\">\u2013Ma mare deia <i>eixamorar<\/i> la roba<\/span><\/div>\n<\/blockquote>\n<div><\/div>\n<div><div class=\"su-note small\"  style=\"border-color:#90bfa5;border-radius:3px;-moz-border-radius:3px;-webkit-border-radius:3px;\"><div class=\"su-note-inner su-u-clearfix su-u-trim\" style=\"background-color:#aad9bf;border-color:#ffffff;color:#333333;border-radius:3px;-moz-border-radius:3px;-webkit-border-radius:3px;\"> <strong>Nota <em><span class=\"versaleta\">fdt<\/span><\/em>.<\/strong> La companya Violant Gosp Herraiz (03.04.2023) coneix la variant \u00abaixemorar\u00bb per la seua iaia d&#8217;Oliva (Safor). <\/div><\/div><\/div>\n<p>Tamb\u00e9 consignava la forma <em>eixumorar<\/em> Joaquim Gonz\u00e1lez i Caturla (<em>Un estiu amb Flora<\/em>, 1989) i Encarna Sant-Celoni (<em>Al cor la quimereta<\/em>, 2002). A m\u00e9s d&#8217;eixes refer\u00e8ncies, encara que no ha tingut molt d&#8217;\u00fas escrit fins ara, podem localitzar usades liter\u00e0riament les variants <em>axumorar <\/em>en Salvador Galm\u00e9s (1911) i <em>eixumorar<\/em> en Josep Maria Llompart (1974) (<span class=\"versaleta\">ctilc<\/span>, consulta: <a href=\"https:\/\/ctilc.iec.cat\/scripts\/CTILCQConc_Lemes2.asp\" target=\"_blank\" rel=\"noopener\">28.03.2023<\/a>):<\/p>\n<blockquote><p>El die queya esllangait, <strong>axumorat<\/strong> de quietesa, y la quietesa <strong>axumorada<\/strong> de tonalitats esborradisses. <a href=\"https:\/\/ctilc.iec.cat\/scripts\/CTILCQFitxaLocalitzacio.asp?id=57803270&amp;tok=no&amp;seccio=CTILC1&amp;obra=2971\" target=\"_blank\" rel=\"noopener\"><i class=\"fas fa-external-link-alt\" aria-label=\"Enlla\u00e7 al fragment en el CTLC\"><\/i><\/a><br \/>\n[&#8230;] ja desistit de tot, ja humiliat com l&#8217;infant mort que el riu <strong>eixumorava<\/strong>? <a href=\"https:\/\/ctilc.iec.cat\/scripts\/CTILCQFitxaLocalitzacio.asp?id=49654739&amp;tok=no&amp;seccio=CTILC1&amp;obra=2608\" target=\"_blank\" rel=\"noopener\"><i class=\"fas fa-external-link-alt\" aria-label=\"Enlla\u00e7 al fragment en el CTILC\"><\/i><\/a><\/p><\/blockquote>\n","protected":false},"excerpt":{"rendered":"<p>Este verb apareix en els diccionaris amb la forma eixamorar, per\u00f2 el cas \u00e9s que la forma eixumorar \u00e9s una variant existent a Catalunya (com ara a Font-rub\u00ed), \u00a0a les Illes Balears i al Pa\u00eds Valenci\u00e0. La companya Rosanna Pasqual Vall\u00e9s (l&#8217;Alc\u00fadia, 1966), es va sorprendre (27.03.2023) al no trobar-la en el diccionari, tot i [&hellip;]<\/p>\n","protected":false},"author":1,"featured_media":0,"comment_status":"open","ping_status":"open","sticky":false,"template":"","format":"standard","meta":{"footnotes":""},"categories":[30],"tags":[140,72,143,17,62],"class_list":["post-5564","post","type-post","status-publish","format-standard","hentry","category-lletra-e","tag-dialectes","tag-diccionaris","tag-etimologies","tag-lexic","tag-verbs"],"post_mailing_queue_ids":[],"_links":{"self":[{"href":"https:\/\/www.cdlpv.org\/fitxes\/wp-json\/wp\/v2\/posts\/5564","targetHints":{"allow":["GET"]}}],"collection":[{"href":"https:\/\/www.cdlpv.org\/fitxes\/wp-json\/wp\/v2\/posts"}],"about":[{"href":"https:\/\/www.cdlpv.org\/fitxes\/wp-json\/wp\/v2\/types\/post"}],"author":[{"embeddable":true,"href":"https:\/\/www.cdlpv.org\/fitxes\/wp-json\/wp\/v2\/users\/1"}],"replies":[{"embeddable":true,"href":"https:\/\/www.cdlpv.org\/fitxes\/wp-json\/wp\/v2\/comments?post=5564"}],"version-history":[{"count":20,"href":"https:\/\/www.cdlpv.org\/fitxes\/wp-json\/wp\/v2\/posts\/5564\/revisions"}],"predecessor-version":[{"id":5714,"href":"https:\/\/www.cdlpv.org\/fitxes\/wp-json\/wp\/v2\/posts\/5564\/revisions\/5714"}],"wp:attachment":[{"href":"https:\/\/www.cdlpv.org\/fitxes\/wp-json\/wp\/v2\/media?parent=5564"}],"wp:term":[{"taxonomy":"category","embeddable":true,"href":"https:\/\/www.cdlpv.org\/fitxes\/wp-json\/wp\/v2\/categories?post=5564"},{"taxonomy":"post_tag","embeddable":true,"href":"https:\/\/www.cdlpv.org\/fitxes\/wp-json\/wp\/v2\/tags?post=5564"}],"curies":[{"name":"wp","href":"https:\/\/api.w.org\/{rel}","templated":true}]}}