{"id":5515,"date":"2023-03-23T20:30:56","date_gmt":"2023-03-23T19:30:56","guid":{"rendered":"https:\/\/www.cdlpv.org\/fitxes\/?p=5515"},"modified":"2023-03-25T22:02:53","modified_gmt":"2023-03-25T21:02:53","slug":"instrumentar","status":"publish","type":"post","link":"https:\/\/www.cdlpv.org\/fitxes\/instrumentar\/","title":{"rendered":"instrumentar"},"content":{"rendered":"<p>En valenci\u00e0, els diccionaris recullen per a este verb dos accepcions (<span class=\"versaleta\"><em>dnv<\/em><\/span><em>;<\/em> consulta: 23.03.2023): <a href=\"https:\/\/www.avl.gva.es\/lexicval\/?paraula=instrumentar\" target=\"_blank\" rel=\"noopener\"><i class=\"fas fa-external-link-alt\" aria-label=\"Enlla\u00e7 a l\\'entrada\"><\/i><\/a><\/p>\n<blockquote><p><strong>1.<\/strong> <em>v. tr. M\u00daS.<\/em> Preparar les partitures (d&#8217;una composici\u00f3 musical) per a cadascun dels instruments que l&#8217;han d&#8217;executar.<br \/>\n<strong>2.<\/strong> <em>v. tr. DRET<\/em> Escripturar.<\/p><\/blockquote>\n<p>No arrepleguen encara uns usos comuns actualment (sin\u00f2nims del verb <em>instrumentalitzar<\/em>)\u00a0<a href=\"http:\/\/www.avl.gva.es\/lexicval\/?paraula=instrumentalitzar\" target=\"_blank\" rel=\"noopener\"><i class=\"fas fa-external-link-alt\" aria-label=\"Enlla\u00e7 al DNV\"><\/i><\/a> que estenen el significat &#8216;preparar&#8217; de l&#8217;accepci\u00f3 musical a altres \u00e0mbits, o que els amplien amb el sentit &#8216;utilitzar, manipular&#8217;. Podem documentar eixa accepci\u00f3 (<abbr title=\"Corpus Textual Informatitzat de la Llengua Catalana\">ctilc,<\/abbr> consulta: 23.03.2023; Google Llibres, consulta: 23.03.2023) a mitan segle passat:<\/p>\n<blockquote><p>La conquesta pel m\u00f3n animal de l&#8217;autonomia dels grans aparells fisiol\u00f2gics, cosa que permet a l&#8217;individu de regular la seva nutrici\u00f3, el seu calor, el seu moviment i els seus intercanvis, no \u00e9s encara la llibertat, per\u00f2 prepara l&#8217;autonomia corporal que <strong>instrumenta<\/strong> l&#8217;autonomia espiritual de la llibertat.<\/p>\n<div align=\"right\"><em>Les estructures de l&#8217;univers personal<\/em> de Josep Maria Palacios i Mart\u00ednez (1964) <a href=\"https:\/\/ctilc.iec.cat\/scripts\/CTILCQFitxaLocalitzacio.asp?id=20180068&amp;tok=no&amp;seccio=CTILC1&amp;obra=642\" target=\"_blank\" rel=\"noopener\"><i class=\"fas fa-external-link-alt\" aria-label=\"Enlla\u00e7 a la citaci\u00f3\"><\/i><\/a><\/div>\n<p>El seu a\u00efllament \u00e9s paral\u00b7lel al frac\u00e0s a qu\u00e8 desemboca tot intent d&#8217;<strong>instrumentar<\/strong> pol\u00edticament l&#8217;opci\u00f3 esquerrana del catalanisme.<\/p>\n<div align=\"right\"><em>Jaume Bofill i Mates (1878-1933). L&#8217;adscripci\u00f3 social i l&#8217;evoluci\u00f3 pol\u00edtica<\/em> de Jordi Casassas i Ymbert (1980) <a href=\"https:\/\/www.google.es\/books\/edition\/Jaume_Bofill_i_Mates_1878_1933\/aBdLAAAAMAAJ?hl=ca&amp;gbpv=1&amp;bsq=%22va%20instrumentar%22\" target=\"_blank\" rel=\"noopener\"><i class=\"fas fa-external-link-alt\" aria-label=\"Enlla\u00e7 a la citaci\u00f3\"><\/i><\/a><\/div>\n<\/blockquote>\n<p>A pesar que la normativa encara no ha adm\u00e9s estos usos, el <span class=\"versaleta\"><em><abbr title=\"Diccionari descriptiu de la llengua catalana\">ddlc<\/abbr><\/em><\/span> de l&#8217;<span class=\"versaleta\">iec<\/span> els ha documentat i marcat (amb un \u2022) com a accepcions no normatives: <a href=\"http:\/\/dcc.iec.cat\/ddlci\/scripts\/article.asp?id=res@P26930\" target=\"_blank\" rel=\"noopener\"><i class=\"fas fa-external-link-alt\" aria-label=\"Enlla\u00e7 a l\\'entrada\"><\/i><\/a><\/p>\n<blockquote>\n<div class=\"par\">\n<p>\u2022<b>2<\/b>.\u00a0[N<sub>1<\/sub> <b>V<\/b> N<sub>2<\/sub>] <span class=\"restriccio\">(N<sub>1<\/sub>[hum\u00e0, col\u00b7lectiu]; N<sub>2<\/sub>[acte, fet])<\/span> [Alg\u00fa, un col\u00b7lectiu]<sub>1<\/sub> fer les accions necess\u00e0ries per a portar a terme de manera organitzada [un acte, un fet]<sub>2<\/sub>. <i>En aquest sentit, l&#8217;Educaci\u00f3 Especial ha de permetre aconseguir aquests objectius per a cada infant, i instrumentar totes aquelles ajudes que calgui donar-li, tant si \u00e9s temporalment com de manera permanent [&#8230;].<\/i> [<i>L&#8217;educaci\u00f3<\/i> (1986): 37, p. 5].<\/p>\n<div class=\"brr\"><img decoding=\"async\" src=\"http:\/\/dcc.iec.cat\/ddlci\/img\/conver.gif\" \/>\u00a0<i>adj.<\/i> <i>En l&#8217;actualitat, el finan\u00e7ament ordinari dels diferents nivells de govern pot respondre a tres sistemes b\u00e0sics. Primer, el de sobirania fiscal \u00fanica del govern central, amb subvencions \u2014instrumentades d&#8217;una o altra forma\u2014 als governs territorials i locals.<\/i> [Bricall (1984): 33, p. 25].<\/div>\n<\/div>\n<div class=\"par\">\u2022<b>3<\/b>.\u00a0[N<sub>1<\/sub> <b>V<\/b> N<sub>2<\/sub>] <span class=\"restriccio\">(N<sub>1<\/sub>[hum\u00e0]; N<sub>2<\/sub>[hum\u00e0, cosa])<\/span> Instrumentalitzar. <i>Vist des de dintre, el feminisme t\u00e9, efectivament, defectes i defici\u00e8ncies [&#8230;]. El perill de polititzaci\u00f3 li ve de fora, de la tend\u00e8ncia dels partits pol\u00edtics a instrumentar-lo, manifassejar-lo, especialment en per\u00edodes electorals.<\/i> [P\u00e0mies (1987): A, p. 55].<\/div>\n<\/blockquote>\n<hr \/>\n<p>En castell\u00e0, el diccionari <em>Clave<\/em> recull una accepci\u00f3 (que no apareixia en el <em><span class=\"versaleta\">drae01<\/span><\/em>):<\/p>\n<blockquote><p><strong>[2<\/strong> Referido esp. a un plan o a una soluci\u00f3n, disponerlos y poner los medios para su ejecuci\u00f3n: <em>El Gobierno &#8216;instrumentar\u00e1&#8217; medidas para combatir el paro<\/em>.<\/p><\/blockquote>\n<p>El <em><span class=\"versaleta\">drae<\/span><\/em> en l\u00ednia (consultes: 27.04.2006; 23.03.2023) inclou unes accepcions 2 i 3 que atenen eixos usos: <a href=\"https:\/\/dle.rae.es\/instrumentar\" target=\"_blank\" rel=\"noopener\"><i class=\"fas fa-external-link-alt\"><\/i><\/a><\/p>\n<blockquote><p><strong>1.<\/strong> tr. Preparar las partituras de una composici\u00f3n musical para cada uno de los instrumentos que la ejecutan.<br \/>\n<strong>2.<\/strong> tr. Crear, constituir, organizar.<br \/>\n<strong>3.<\/strong> tr.<em> Med.<\/em> Disponer o preparar el instrumental.<br \/>\n<strong>4.<\/strong> tr.<em> Taurom.<\/em> Ejecutar las diversas suertes de la lidia.<\/p><\/blockquote>\n","protected":false},"excerpt":{"rendered":"<p>En valenci\u00e0, els diccionaris recullen per a este verb dos accepcions (dnv; consulta: 23.03.2023): 1. v. tr. M\u00daS. Preparar les partitures (d&#8217;una composici\u00f3 musical) per a cadascun dels instruments que l&#8217;han d&#8217;executar. 2. v. tr. DRET Escripturar. No arrepleguen encara uns usos comuns actualment (sin\u00f2nims del verb instrumentalitzar)\u00a0 que estenen el significat &#8216;preparar&#8217; de l&#8217;accepci\u00f3 [&hellip;]<\/p>\n","protected":false},"author":1,"featured_media":0,"comment_status":"open","ping_status":"open","sticky":false,"template":"","format":"standard","meta":{"footnotes":""},"categories":[73],"tags":[17,53,62],"class_list":["post-5515","post","type-post","status-publish","format-standard","hentry","category-lletra-i","tag-lexic","tag-revisions","tag-verbs"],"post_mailing_queue_ids":[],"_links":{"self":[{"href":"https:\/\/www.cdlpv.org\/fitxes\/wp-json\/wp\/v2\/posts\/5515","targetHints":{"allow":["GET"]}}],"collection":[{"href":"https:\/\/www.cdlpv.org\/fitxes\/wp-json\/wp\/v2\/posts"}],"about":[{"href":"https:\/\/www.cdlpv.org\/fitxes\/wp-json\/wp\/v2\/types\/post"}],"author":[{"embeddable":true,"href":"https:\/\/www.cdlpv.org\/fitxes\/wp-json\/wp\/v2\/users\/1"}],"replies":[{"embeddable":true,"href":"https:\/\/www.cdlpv.org\/fitxes\/wp-json\/wp\/v2\/comments?post=5515"}],"version-history":[{"count":11,"href":"https:\/\/www.cdlpv.org\/fitxes\/wp-json\/wp\/v2\/posts\/5515\/revisions"}],"predecessor-version":[{"id":5534,"href":"https:\/\/www.cdlpv.org\/fitxes\/wp-json\/wp\/v2\/posts\/5515\/revisions\/5534"}],"wp:attachment":[{"href":"https:\/\/www.cdlpv.org\/fitxes\/wp-json\/wp\/v2\/media?parent=5515"}],"wp:term":[{"taxonomy":"category","embeddable":true,"href":"https:\/\/www.cdlpv.org\/fitxes\/wp-json\/wp\/v2\/categories?post=5515"},{"taxonomy":"post_tag","embeddable":true,"href":"https:\/\/www.cdlpv.org\/fitxes\/wp-json\/wp\/v2\/tags?post=5515"}],"curies":[{"name":"wp","href":"https:\/\/api.w.org\/{rel}","templated":true}]}}