{"id":5502,"date":"2023-03-10T20:30:17","date_gmt":"2023-03-10T19:30:17","guid":{"rendered":"https:\/\/www.cdlpv.org\/fitxes\/?p=5502"},"modified":"2023-04-07T10:32:11","modified_gmt":"2023-04-07T09:32:11","slug":"maranya","status":"publish","type":"post","link":"https:\/\/www.cdlpv.org\/fitxes\/maranya\/","title":{"rendered":"maranya*"},"content":{"rendered":"<p>Segons indica el <span class=\"versaleta\"><em>dcvb<\/em><\/span> (consulta: <a href=\"https:\/\/dcvb.iec.cat\/results.asp?Word=maranya&amp;Id=92035&amp;search=maranya\" target=\"_blank\" rel=\"noopener\">10.03.2023<\/a>):<\/p>\n<blockquote><p><strong>maranya<\/strong> <em>f.<\/em><br \/>\n\u2551 <strong>1.<\/strong> Embolic desordenat; embull; cast. <em>mara\u00f1a.<\/em><br \/>\n\u2551 <strong>2.<\/strong> Brega, conflicte; baralla; cast. <em>ri\u00f1a.<\/em><\/p><\/blockquote>\n<p>Fea servir esta paraula el diputat Morera Catal\u00e0 en l&#8217;hemicicle valenci\u00e0 (2010), per\u00f2 tamb\u00e9 la podem localitzar utilitzada per altres parlamentaris:<\/p>\n<ul>\n<li>15.11.2000. \u00c0ngel Ros Piles: \u00abo siga, podr\u00e0 tornar a fer tot un entramat, tota una <strong>maranya<\/strong> d&#8217;empreses al voltant d&#8217;esta llei que el que perseguix \u00e9s simplement coordinar el transport metropolit\u00e0\u00bb. <a href=\"https:\/\/www.cortsvalencianes.es\/publicaciones-CV\/obtenerPdfDS?f_clave_dscv=V%20%20%20000560\" target=\"_blank\" rel=\"noopener\"><i class=\"fas fa-file-pdf\" aria-label=\"Obri el PDF\"><\/i><\/a><\/li>\n<li>12.02.2003. Dolors P\u00e9rez i Mart\u00ed: \u00abcom han de quedar b\u00e9 amb un sector, doncs, han muntat tota la <strong>maranya<\/strong> que han muntat\u00bb. <a href=\"https:\/\/www.cortsvalencianes.es\/publicaciones-CV\/obtenerPdfDS?f_clave_dscv=V%20%20%20001650\" target=\"_blank\" rel=\"noopener\"><i class=\"fas fa-file-pdf\" aria-label=\"Obri el PDF\"><\/i><\/a><\/li>\n<li>21.02.2013. Enric Xavier Morera Catal\u00e0: \u00abNo sabem la relaci\u00f3 de llocs de treball en tota eixa <strong>maranya<\/strong> de fundacions, societats, empreses&#8230;\u00bb. <a href=\"https:\/\/www.cortsvalencianes.es\/publicaciones-CV\/obtenerPdfDS?f_clave_dscv=VIII000730\" target=\"_blank\" rel=\"noopener\"><i class=\"fas fa-file-pdf\" aria-label=\"Obri el PDF\"><\/i><\/a><\/li>\n<li>12.11.2015. Clara Tirado Museros: \u00abcaiguen en una <strong>maranya<\/strong> d&#8217;incompatibilitats que els condemne amb l&#8217;atur\u00bb. <a href=\"https:\/\/www.cortsvalencianes.es\/publicaciones-CV\/obtenerPdfDS?f_clave_dscv=IX%20%20000200\" target=\"_blank\" rel=\"noopener\"><i class=\"fas fa-file-pdf\" aria-label=\"Obri el PDF\"><\/i><\/a><\/li>\n<li>19.10.2016. Cara Tirado Museros: \u00abperqu\u00e8 el desenvolupament d&#8217;eixa tasca p\u00fablica supose una <strong>maranya<\/strong> d&#8217;incompatibilitats impossible de resoldre\u00bb. <a href=\"https:\/\/www.cortsvalencianes.es\/publicaciones-CV\/obtenerPdfDS?f_clave_dscv=IX%20%20000630\" target=\"_blank\" rel=\"noopener\"><i class=\"fas fa-file-pdf\" aria-label=\"Obri el PDF\"><\/i><\/a><\/li>\n<li>28.10.2021. M\u00f2nica Oltra Jarque: \u00abSenyora diputada, mire, vost\u00e9 sap perfectament que la gesti\u00f3 dels punts de trobada familiar en el passat implicaven una <strong>maranya<\/strong> de punts fragmentats\u00bb. <a href=\"https:\/\/www.cortsvalencianes.es\/publicaciones-CV\/obtenerPdfDS?f_clave_dscv=X%20%20%20000870\" target=\"_blank\" rel=\"noopener\"><i class=\"fas fa-file-pdf\" aria-label=\"Obri el PDF\"><\/i><\/a><\/li>\n<\/ul>\n<p>No apareix en els diccionaris habituals, per\u00f2 s\u00ed que el documentem en diverses obres filol\u00f2giques (Griera, Aguil\u00f3, Gimeno&#8230;; consulta en Google Llibres: <a href=\"http:\/\/www.google.com\/search?hl=ca&amp;tbs=bks:1&amp;tbo=p&amp;q=maranya&amp;num=10&amp;lr=lang_ca&amp;safe=active\" target=\"dades\" rel=\"noopener\">26.12.2010<\/a>) i d&#8217;altres \u00e0mbits.<\/p>\n","protected":false},"excerpt":{"rendered":"<p>Segons indica el dcvb (consulta: 10.03.2023): maranya f. \u2551 1. Embolic desordenat; embull; cast. mara\u00f1a. \u2551 2. Brega, conflicte; baralla; cast. ri\u00f1a. Fea servir esta paraula el diputat Morera Catal\u00e0 en l&#8217;hemicicle valenci\u00e0 (2010), per\u00f2 tamb\u00e9 la podem localitzar utilitzada per altres parlamentaris: 15.11.2000. \u00c0ngel Ros Piles: \u00abo siga, podr\u00e0 tornar a fer tot un [&hellip;]<\/p>\n","protected":false},"author":1,"featured_media":0,"comment_status":"open","ping_status":"open","sticky":false,"template":"","format":"standard","meta":{"footnotes":""},"categories":[11],"tags":[17,53,91],"class_list":["post-5502","post","type-post","status-publish","format-standard","hentry","category-lletra-m","tag-lexic","tag-revisions","tag-substantius"],"post_mailing_queue_ids":[],"_links":{"self":[{"href":"https:\/\/www.cdlpv.org\/fitxes\/wp-json\/wp\/v2\/posts\/5502","targetHints":{"allow":["GET"]}}],"collection":[{"href":"https:\/\/www.cdlpv.org\/fitxes\/wp-json\/wp\/v2\/posts"}],"about":[{"href":"https:\/\/www.cdlpv.org\/fitxes\/wp-json\/wp\/v2\/types\/post"}],"author":[{"embeddable":true,"href":"https:\/\/www.cdlpv.org\/fitxes\/wp-json\/wp\/v2\/users\/1"}],"replies":[{"embeddable":true,"href":"https:\/\/www.cdlpv.org\/fitxes\/wp-json\/wp\/v2\/comments?post=5502"}],"version-history":[{"count":2,"href":"https:\/\/www.cdlpv.org\/fitxes\/wp-json\/wp\/v2\/posts\/5502\/revisions"}],"predecessor-version":[{"id":5504,"href":"https:\/\/www.cdlpv.org\/fitxes\/wp-json\/wp\/v2\/posts\/5502\/revisions\/5504"}],"wp:attachment":[{"href":"https:\/\/www.cdlpv.org\/fitxes\/wp-json\/wp\/v2\/media?parent=5502"}],"wp:term":[{"taxonomy":"category","embeddable":true,"href":"https:\/\/www.cdlpv.org\/fitxes\/wp-json\/wp\/v2\/categories?post=5502"},{"taxonomy":"post_tag","embeddable":true,"href":"https:\/\/www.cdlpv.org\/fitxes\/wp-json\/wp\/v2\/tags?post=5502"}],"curies":[{"name":"wp","href":"https:\/\/api.w.org\/{rel}","templated":true}]}}