{"id":548,"date":"2016-05-20T08:30:02","date_gmt":"2016-05-20T06:30:02","guid":{"rendered":"http:\/\/www.cdlpv.org\/fitxes\/?p=548"},"modified":"2016-05-19T19:02:53","modified_gmt":"2016-05-19T17:02:53","slug":"amb-avaricia","status":"publish","type":"post","link":"https:\/\/www.cdlpv.org\/fitxes\/amb-avaricia\/","title":{"rendered":"amb avar\u00edcia"},"content":{"rendered":"<p>Expressi\u00f3\u00a0de valor intensiu que no apareix recollida en els diccionaris habituals. No t\u00e9 un grau d&#8217;\u00fas massa elevat, per\u00f2 podem documentar, tant <em>amb avar\u00edcia<\/em> com la versi\u00f3 que confon la preposici\u00f3 <em>en avar\u00edcia<\/em> (t\u00edpica a la Valldigna) de nord a sud:<\/p>\n<blockquote>\n<ul>\n<li>Ha de ser molt i molt dolent, dolent amb avar\u00edcia [&#8230;] (Manuel Cuy\u00e0s, <em>El Punt Avui, <\/em><a href=\"http:\/\/www.elpuntavui.cat\/ma\/article\/7-vista\/8-articles\/570933-banc-dolent.html\" target=\"_blank\">26.08.2012<\/a>)<\/li>\n<li>T&#8217;he de dir que ets lleig amb avar\u00edcia [&#8230;] (Enric Vilalta Pons, <em><a href=\"https:\/\/books.google.es\/books?id=m-ZYojkDXcgC&amp;pg=PA19&amp;dq=%22lleig+amb+avar%C3%ADcia%22&amp;hl=ca&amp;sa=X&amp;ved=0ahUKEwjEsOOPyObMAhWBtBoKHcHSDZ4Q6AEIGzAA#v=onepage&amp;q=%22lleig%20amb%20avar%C3%ADcia%22&amp;f=false\" target=\"_blank\">El mort i qui el vetlla i altres contes<\/a>,<\/em> 2002)<\/li>\n<li>El xic, s\u00ed, \u00e9s lleig en avar\u00edcia!!!! (comentari en <a href=\"https:\/\/gintonight.wordpress.com\/2007\/02\/28\/aigueta\/\" target=\"_blank\">Un altre Gin xiques?<\/a>, bloc valenci\u00e0)<\/li>\n<li>La casa de les pintades en q\u00fcesti\u00f3 \u00e9s una que encara est\u00e0 en obres. \u00c9s lletja amb avar\u00edcia. (comentari en <a href=\"https:\/\/eivissaconfidencial.wordpress.com\/2006\/04\/11\/a-exposicio-publica-les-nnss-de-sant-joan\/\" target=\"_blank\">Eivissa Confidencial<\/a>, bloc eivissenc)<\/li>\n<\/ul>\n<\/blockquote>\n<p>Com es pot vore en els exemples, sol anar associada als adjectius <em>lleig<\/em> i <em>dolent<\/em> (o <em>ro\u00edn<\/em>).<\/p>\n","protected":false},"excerpt":{"rendered":"<p>Expressi\u00f3\u00a0de valor intensiu que no apareix recollida en els diccionaris habituals. No t\u00e9 un grau d&#8217;\u00fas massa elevat, per\u00f2 podem documentar, tant amb avar\u00edcia com la versi\u00f3 que confon la preposici\u00f3 en avar\u00edcia (t\u00edpica a la Valldigna) de nord a sud: Ha de ser molt i molt dolent, dolent amb avar\u00edcia [&#8230;] (Manuel Cuy\u00e0s, El [&hellip;]<\/p>\n","protected":false},"author":1,"featured_media":0,"comment_status":"open","ping_status":"open","sticky":false,"template":"","format":"standard","meta":{"footnotes":""},"categories":[18],"tags":[26,17],"class_list":["post-548","post","type-post","status-publish","format-standard","hentry","category-lletra-a","tag-expressions","tag-lexic"],"post_mailing_queue_ids":[],"_links":{"self":[{"href":"https:\/\/www.cdlpv.org\/fitxes\/wp-json\/wp\/v2\/posts\/548","targetHints":{"allow":["GET"]}}],"collection":[{"href":"https:\/\/www.cdlpv.org\/fitxes\/wp-json\/wp\/v2\/posts"}],"about":[{"href":"https:\/\/www.cdlpv.org\/fitxes\/wp-json\/wp\/v2\/types\/post"}],"author":[{"embeddable":true,"href":"https:\/\/www.cdlpv.org\/fitxes\/wp-json\/wp\/v2\/users\/1"}],"replies":[{"embeddable":true,"href":"https:\/\/www.cdlpv.org\/fitxes\/wp-json\/wp\/v2\/comments?post=548"}],"version-history":[{"count":2,"href":"https:\/\/www.cdlpv.org\/fitxes\/wp-json\/wp\/v2\/posts\/548\/revisions"}],"predecessor-version":[{"id":550,"href":"https:\/\/www.cdlpv.org\/fitxes\/wp-json\/wp\/v2\/posts\/548\/revisions\/550"}],"wp:attachment":[{"href":"https:\/\/www.cdlpv.org\/fitxes\/wp-json\/wp\/v2\/media?parent=548"}],"wp:term":[{"taxonomy":"category","embeddable":true,"href":"https:\/\/www.cdlpv.org\/fitxes\/wp-json\/wp\/v2\/categories?post=548"},{"taxonomy":"post_tag","embeddable":true,"href":"https:\/\/www.cdlpv.org\/fitxes\/wp-json\/wp\/v2\/tags?post=548"}],"curies":[{"name":"wp","href":"https:\/\/api.w.org\/{rel}","templated":true}]}}