{"id":5456,"date":"2023-03-08T20:30:52","date_gmt":"2023-03-08T19:30:52","guid":{"rendered":"https:\/\/www.cdlpv.org\/fitxes\/?p=5456"},"modified":"2025-12-01T13:28:41","modified_gmt":"2025-12-01T11:28:41","slug":"neandertal","status":"publish","type":"post","link":"https:\/\/www.cdlpv.org\/fitxes\/neandertal\/","title":{"rendered":"neandertal"},"content":{"rendered":"<p>Este terme que no apareixia en els diccionaris fa uns anys, per\u00f2 ja era utilitzat (\u00abels neandertals\u00bb) per l\u2019editorial Bromera, com ara en el llibre <em>Viatge als or\u00edgens <\/em>de Jaume Bertranpetit (1998). Posteriorment ja s&#8217;ha introdu\u00eft en els diccionaris: <a href=\"https:\/\/www.avl.gva.es\/lexicval\/?paraula=neandertal\" target=\"_blank\" rel=\"noopener\"><i class=\"fas fa-external-link-alt\" aria-label=\"Enlla\u00e7 al DNV\"><\/i><\/a><\/p>\n<blockquote><p><strong>neandertal<\/strong><br \/>\n<em>m. ANTROP.<\/em> Hom\u00ednid de cos robust, mans grans, cap ample, nas pla i celles prominents, amb capacitat cranial superior a la de l&#8217;home actual, que pobl\u00e0 Europa i l&#8217;oest d&#8217;\u00c0sia fa entre cent mil i quaranta mil anys.<\/p><\/blockquote>\n<p>Els falta afegir (consulta: 08.03.2023) que el nom cient\u00edfic d&#8217;eixe hom\u00ednid \u00e9s <em>Homo neanderthalensis,<\/em> nom que es va crear amb la forma antiga del top\u00f2nim <em>Neanderthal<\/em> (actualment, <em>Neandertal<\/em>). <a href=\"https:\/\/ca.wikipedia.org\/wiki\/Home_de_Neandertal\" target=\"_blank\" rel=\"noopener\"><i class=\"fas fa-external-link-alt\"><\/i><\/a><\/p>\n<p>Tamb\u00e9 ha seguit mateix proc\u00e9s la paraula\u00a0<em>cromany\u00f3 <\/em>(adaptat del franc\u00e9 <em>Cro-Magnon<\/em>, que prov\u00e9 de l&#8217;occit\u00e0 <em>Cr\u00f2s Manhon<\/em>):<a title=\"Viquip\u00e8dia\" href=\"https:\/\/ca.wikipedia.org\/wiki\/Cr%C3%B2s_Manhon\" target=\"_blank\" rel=\"nofollow noopener\"><i class=\"fas fa-external-link-alt\"><\/i><\/a><\/p>\n<blockquote><p><strong>cromany\u00f3<\/strong><br \/>\nm. PALEONT.\/ANTROP. Hom\u00ednid avantpassat de l&#8217;home modern, molt semblant a este morfol\u00f2gicament, aparegut al final del Plistoc\u00e9.<\/p><\/blockquote>\n","protected":false},"excerpt":{"rendered":"<p>Este terme que no apareixia en els diccionaris fa uns anys, per\u00f2 ja era utilitzat (\u00abels neandertals\u00bb) per l\u2019editorial Bromera, com ara en el llibre Viatge als or\u00edgens de Jaume Bertranpetit (1998). Posteriorment ja s&#8217;ha introdu\u00eft en els diccionaris: neandertal m. ANTROP. Hom\u00ednid de cos robust, mans grans, cap ample, nas pla i celles prominents, [&hellip;]<\/p>\n","protected":false},"author":1,"featured_media":0,"comment_status":"open","ping_status":"open","sticky":false,"template":"","format":"standard","meta":{"footnotes":""},"categories":[115,63],"tags":[17,53,91],"class_list":["post-5456","post","type-post","status-publish","format-standard","hentry","category-lletra-n","category-noms-cientifics","tag-lexic","tag-revisions","tag-substantius"],"post_mailing_queue_ids":[],"_links":{"self":[{"href":"https:\/\/www.cdlpv.org\/fitxes\/wp-json\/wp\/v2\/posts\/5456","targetHints":{"allow":["GET"]}}],"collection":[{"href":"https:\/\/www.cdlpv.org\/fitxes\/wp-json\/wp\/v2\/posts"}],"about":[{"href":"https:\/\/www.cdlpv.org\/fitxes\/wp-json\/wp\/v2\/types\/post"}],"author":[{"embeddable":true,"href":"https:\/\/www.cdlpv.org\/fitxes\/wp-json\/wp\/v2\/users\/1"}],"replies":[{"embeddable":true,"href":"https:\/\/www.cdlpv.org\/fitxes\/wp-json\/wp\/v2\/comments?post=5456"}],"version-history":[{"count":3,"href":"https:\/\/www.cdlpv.org\/fitxes\/wp-json\/wp\/v2\/posts\/5456\/revisions"}],"predecessor-version":[{"id":7725,"href":"https:\/\/www.cdlpv.org\/fitxes\/wp-json\/wp\/v2\/posts\/5456\/revisions\/7725"}],"wp:attachment":[{"href":"https:\/\/www.cdlpv.org\/fitxes\/wp-json\/wp\/v2\/media?parent=5456"}],"wp:term":[{"taxonomy":"category","embeddable":true,"href":"https:\/\/www.cdlpv.org\/fitxes\/wp-json\/wp\/v2\/categories?post=5456"},{"taxonomy":"post_tag","embeddable":true,"href":"https:\/\/www.cdlpv.org\/fitxes\/wp-json\/wp\/v2\/tags?post=5456"}],"curies":[{"name":"wp","href":"https:\/\/api.w.org\/{rel}","templated":true}]}}